{"id":33498,"date":"2025-10-24T14:53:54","date_gmt":"2025-10-24T17:53:54","guid":{"rendered":"https:\/\/pc.sc.gov.br\/?p=33498"},"modified":"2025-10-24T15:23:19","modified_gmt":"2025-10-24T18:23:19","slug":"policia-civil-deflagra-ultima-etapa-da-operacao-tiger-para-desarticular-grupo-criminoso-especializado-em-roubo-e-adulteracao-de-veiculos","status":"publish","type":"post","link":"https:\/\/pc.sc.gov.br\/?p=33498","title":{"rendered":"Pol\u00edcia Civil deflagra \u00faltima etapa da Opera\u00e7\u00e3o &#8220;Tiger&#8221; para desarticular grupo criminoso especializado em roubo e adultera\u00e7\u00e3o de ve\u00edculos"},"content":{"rendered":"\t\t<div data-elementor-type=\"wp-post\" data-elementor-id=\"33498\" class=\"elementor elementor-33498\" data-elementor-post-type=\"post\">\n\t\t\t\t\t\t<section class=\"elementor-section elementor-top-section elementor-element elementor-element-ad0caea elementor-section-boxed elementor-section-height-default elementor-section-height-default\" data-id=\"ad0caea\" data-element_type=\"section\">\n\t\t\t\t\t\t<div class=\"elementor-container elementor-column-gap-default\">\n\t\t\t\t\t<div class=\"elementor-column elementor-col-100 elementor-top-column elementor-element elementor-element-c08778f\" data-id=\"c08778f\" data-element_type=\"column\">\n\t\t\t<div class=\"elementor-widget-wrap elementor-element-populated\">\n\t\t\t\t\t\t<div class=\"elementor-element elementor-element-03773d2 elementor-widget elementor-widget-heading\" data-id=\"03773d2\" data-element_type=\"widget\" data-widget_type=\"heading.default\">\n\t\t\t\t<div class=\"elementor-widget-container\">\n\t\t\t\t\t<h2 class=\"elementor-heading-title elementor-size-default\">Pol\u00edcia Civil deflagra \u00faltima etapa da Opera\u00e7\u00e3o \"Tiger\" para desarticular grupo criminoso especializado em roubo e adultera\u00e7\u00e3o de ve\u00edculos<\/h2>\t\t\t\t<\/div>\n\t\t\t\t<\/div>\n\t\t\t\t\t<\/div>\n\t\t<\/div>\n\t\t\t\t\t<\/div>\n\t\t<\/section>\n\t\t\t\t<section class=\"elementor-section elementor-top-section elementor-element elementor-element-79ded7a elementor-section-boxed elementor-section-height-default elementor-section-height-default\" data-id=\"79ded7a\" data-element_type=\"section\">\n\t\t\t\t\t\t<div class=\"elementor-container elementor-column-gap-default\">\n\t\t\t\t\t<div class=\"elementor-column elementor-col-100 elementor-top-column elementor-element elementor-element-2d56c3f\" data-id=\"2d56c3f\" data-element_type=\"column\">\n\t\t\t<div class=\"elementor-widget-wrap elementor-element-populated\">\n\t\t\t\t\t\t<div class=\"elementor-element elementor-element-f91ec41 elementor-widget elementor-widget-image\" data-id=\"f91ec41\" data-element_type=\"widget\" data-widget_type=\"image.default\">\n\t\t\t\t<div class=\"elementor-widget-container\">\n\t\t\t\t\t\t\t\t\t\t\t\t\t\t\t<img fetchpriority=\"high\" decoding=\"async\" width=\"696\" height=\"854\" src=\"https:\/\/pc.sc.gov.br\/\/wp-content\/uploads\/2025\/10\/WhatsApp-Image-2025-10-24-at-14.27.10-e1761328424678-835x1024.jpeg\" class=\"attachment-large size-large wp-image-33501\" alt=\"\" srcset=\"https:\/\/pc.sc.gov.br\/\/wp-content\/uploads\/2025\/10\/WhatsApp-Image-2025-10-24-at-14.27.10-e1761328424678-835x1024.jpeg 835w, https:\/\/pc.sc.gov.br\/\/wp-content\/uploads\/2025\/10\/WhatsApp-Image-2025-10-24-at-14.27.10-e1761328424678-245x300.jpeg 245w, https:\/\/pc.sc.gov.br\/\/wp-content\/uploads\/2025\/10\/WhatsApp-Image-2025-10-24-at-14.27.10-e1761328424678-768x942.jpeg 768w, https:\/\/pc.sc.gov.br\/\/wp-content\/uploads\/2025\/10\/WhatsApp-Image-2025-10-24-at-14.27.10-e1761328424678.jpeg 1200w\" sizes=\"(max-width: 696px) 100vw, 696px\" \/>\t\t\t\t\t\t\t\t\t\t\t\t\t\t\t<\/div>\n\t\t\t\t<\/div>\n\t\t\t\t\t<\/div>\n\t\t<\/div>\n\t\t\t\t\t<\/div>\n\t\t<\/section>\n\t\t\t\t<section class=\"elementor-section elementor-top-section elementor-element elementor-element-4bc1341 elementor-section-boxed elementor-section-height-default elementor-section-height-default\" data-id=\"4bc1341\" data-element_type=\"section\">\n\t\t\t\t\t\t<div class=\"elementor-container elementor-column-gap-default\">\n\t\t\t\t\t<div class=\"elementor-column elementor-col-100 elementor-top-column elementor-element elementor-element-8a8c5b4\" data-id=\"8a8c5b4\" data-element_type=\"column\">\n\t\t\t<div class=\"elementor-widget-wrap elementor-element-populated\">\n\t\t\t\t\t\t<div class=\"elementor-element elementor-element-2790b74 elementor-widget elementor-widget-post-info\" data-id=\"2790b74\" data-element_type=\"widget\" data-widget_type=\"post-info.default\">\n\t\t\t\t<div class=\"elementor-widget-container\">\n\t\t\t\t\t\t\t<ul class=\"elementor-inline-items elementor-icon-list-items elementor-post-info\">\n\t\t\t\t\t\t\t\t<li class=\"elementor-icon-list-item elementor-repeater-item-0fb0474 elementor-inline-item\" itemprop=\"author\">\n\t\t\t\t\t\t<a href=\"https:\/\/pc.sc.gov.br\/?author=5\">\n\t\t\t\t\t\t\t\t\t\t\t<span class=\"elementor-icon-list-icon\">\n\t\t\t\t\t\t\t\t<i aria-hidden=\"true\" class=\"far fa-user-circle\"><\/i>\t\t\t\t\t\t\t<\/span>\n\t\t\t\t\t\t\t\t\t<span class=\"elementor-icon-list-text elementor-post-info__item elementor-post-info__item--type-author\">\n\t\t\t\t\t\t\t\t\t\tStefany de Souza Alves\t\t\t\t\t<\/span>\n\t\t\t\t\t\t\t\t\t<\/a>\n\t\t\t\t<\/li>\n\t\t\t\t<li class=\"elementor-icon-list-item elementor-repeater-item-f151b9b elementor-inline-item\" itemprop=\"datePublished\">\n\t\t\t\t\t\t<a href=\"https:\/\/pc.sc.gov.br\/?m=20251024\">\n\t\t\t\t\t\t\t\t\t\t\t<span class=\"elementor-icon-list-icon\">\n\t\t\t\t\t\t\t\t<i aria-hidden=\"true\" class=\"fas fa-calendar\"><\/i>\t\t\t\t\t\t\t<\/span>\n\t\t\t\t\t\t\t\t\t<span class=\"elementor-icon-list-text elementor-post-info__item elementor-post-info__item--type-date\">\n\t\t\t\t\t\t\t\t\t\t<time>outubro 24, 2025<\/time>\t\t\t\t\t<\/span>\n\t\t\t\t\t\t\t\t\t<\/a>\n\t\t\t\t<\/li>\n\t\t\t\t<li class=\"elementor-icon-list-item elementor-repeater-item-21fa89b elementor-inline-item\">\n\t\t\t\t\t\t\t\t\t\t<span class=\"elementor-icon-list-icon\">\n\t\t\t\t\t\t\t\t<i aria-hidden=\"true\" class=\"far fa-clock\"><\/i>\t\t\t\t\t\t\t<\/span>\n\t\t\t\t\t\t\t\t\t<span class=\"elementor-icon-list-text elementor-post-info__item elementor-post-info__item--type-time\">\n\t\t\t\t\t\t\t\t\t\t<time>2:53 pm<\/time>\t\t\t\t\t<\/span>\n\t\t\t\t\t\t\t\t<\/li>\n\t\t\t\t<\/ul>\n\t\t\t\t\t\t<\/div>\n\t\t\t\t<\/div>\n\t\t\t\t<div class=\"elementor-element elementor-element-094242d elementor-widget elementor-widget-text-editor\" data-id=\"094242d\" data-element_type=\"widget\" data-widget_type=\"text-editor.default\">\n\t\t\t\t<div class=\"elementor-widget-container\">\n\t\t\t\t\t\t\t\t\t<p>Na manh\u00e3 desta sexta-feira (24\/10), a Pol\u00edcia Civil de Santa Catarina, por meio da Delegacia de Furtos e Roubos de Ve\u00edculos da Diretoria Estadual de Investiga\u00e7\u00f5es Criminais (DEIC), deflagrou a \u00faltima fase da Opera\u00e7\u00e3o Tiger, com o objetivo de desarticular definitivamente um grupo criminoso envolvido em furtos e roubos de ve\u00edculos, adultera\u00e7\u00e3o de sinais identificadores e lavagem de dinheiro por meio de empresas de fachada.<\/p><p>As investiga\u00e7\u00f5es tiveram in\u00edcio em agosto do ano passado, com a apreens\u00e3o e recupera\u00e7\u00e3o de uma motocicleta modelo Tiger, roubada no estado do Paran\u00e1, e de duas caminhonetes Toyota Hilux com sinais identificadores adulterados.<\/p><p>A partir desses fatos, foi poss\u00edvel identificar uma organiza\u00e7\u00e3o criminosa com atua\u00e7\u00e3o interestadual. Nesta \u00faltima fase, foram cumpridos 10 mandados de busca e apreens\u00e3o nas cidades de Florian\u00f3polis, Palho\u00e7a, S\u00e3o Jos\u00e9 e Crici\u00fama, al\u00e9m de 02 mandados de pris\u00e3o preventiva, cumpridos nos munic\u00edpios de S\u00e3o Jos\u00e9 e Palho\u00e7a. Todas as medidas cautelares foram deferidas pelo Poder Judici\u00e1rio com base nos elementos robustos colhidos ao longo da investiga\u00e7\u00e3o.<\/p><p>Na manh\u00e3 de hoje, o l\u00edder do grupo criminoso foi preso no Jardim Eldorado, em Palho\u00e7a, durante o cumprimento dos mandados judiciais, representando um importante passo na completa desarticula\u00e7\u00e3o da organiza\u00e7\u00e3o. O outro mandado de pris\u00e3o foi cumprido no bairro Forquilhinhas, em S\u00e3o Jos\u00e9.\u00a0<\/p><p>De acordo com as investiga\u00e7\u00f5es, o grupo criminoso utilizava empresas de fachada para movimentar os valores obtidos com os crimes, com o intuito de ocultar a origem il\u00edcita dos recursos e dificultar o rastreamento financeiro. Equipamentos eletr\u00f4nicos e documentos foram apreendidos durante o cumprimento dos mandados e ser\u00e3o periciados com o objetivo de aprofundar a investiga\u00e7\u00e3o e identificar outros poss\u00edveis envolvidos.<\/p><p>A opera\u00e7\u00e3o \u00e9 resultado da coopera\u00e7\u00e3o entre a Delegacia de Furtos e Roubos de Ve\u00edculos da DEIC e as Ag\u00eancias de Intelig\u00eancia do 7\u00ba e do 24\u00ba Batalh\u00e3o da Pol\u00edcia Militar de Santa Catarina, cuja integra\u00e7\u00e3o e troca de informa\u00e7\u00f5es foram essenciais para o avan\u00e7o das apura\u00e7\u00f5es e identifica\u00e7\u00e3o dos alvos.<\/p>\t\t\t\t\t\t\t\t<\/div>\n\t\t\t\t<\/div>\n\t\t\t\t\t<\/div>\n\t\t<\/div>\n\t\t\t\t\t<\/div>\n\t\t<\/section>\n\t\t\t\t<section class=\"elementor-section elementor-top-section elementor-element elementor-element-0429940 elementor-section-boxed elementor-section-height-default elementor-section-height-default\" data-id=\"0429940\" data-element_type=\"section\">\n\t\t\t\t\t\t<div class=\"elementor-container elementor-column-gap-default\">\n\t\t\t\t\t<div class=\"elementor-column elementor-col-100 elementor-top-column elementor-element elementor-element-5706394\" data-id=\"5706394\" data-element_type=\"column\">\n\t\t\t<div class=\"elementor-widget-wrap\">\n\t\t\t\t\t\t\t<\/div>\n\t\t<\/div>\n\t\t\t\t\t<\/div>\n\t\t<\/section>\n\t\t\t\t<\/div>\n\t\t","protected":false},"excerpt":{"rendered":"<p>Pol\u00edcia Civil deflagra \u00faltima etapa da Opera\u00e7\u00e3o &#8220;Tiger&#8221; para desarticular grupo criminoso especializado em roubo e adultera\u00e7\u00e3o de ve\u00edculos Na manh\u00e3 desta sexta-feira (24\/10), a Pol\u00edcia Civil de Santa Catarina, por meio da Delegacia de Furtos e Roubos de Ve\u00edculos da Diretoria Estadual de Investiga\u00e7\u00f5es Criminais (DEIC), deflagrou a \u00faltima fase da Opera\u00e7\u00e3o Tiger, com [&hellip;]<\/p>\n","protected":false},"author":5,"featured_media":33501,"comment_status":"closed","ping_status":"open","sticky":false,"template":"","format":"standard","meta":{"_monsterinsights_skip_tracking":false,"_monsterinsights_sitenote_active":false,"_monsterinsights_sitenote_note":"","_monsterinsights_sitenote_category":0,"footnotes":""},"categories":[1],"tags":[],"class_list":["post-33498","post","type-post","status-publish","format-standard","has-post-thumbnail","hentry","category-sem-categoria"],"_links":{"self":[{"href":"https:\/\/pc.sc.gov.br\/index.php?rest_route=\/wp\/v2\/posts\/33498","targetHints":{"allow":["GET"]}}],"collection":[{"href":"https:\/\/pc.sc.gov.br\/index.php?rest_route=\/wp\/v2\/posts"}],"about":[{"href":"https:\/\/pc.sc.gov.br\/index.php?rest_route=\/wp\/v2\/types\/post"}],"author":[{"embeddable":true,"href":"https:\/\/pc.sc.gov.br\/index.php?rest_route=\/wp\/v2\/users\/5"}],"replies":[{"embeddable":true,"href":"https:\/\/pc.sc.gov.br\/index.php?rest_route=%2Fwp%2Fv2%2Fcomments&post=33498"}],"version-history":[{"count":7,"href":"https:\/\/pc.sc.gov.br\/index.php?rest_route=\/wp\/v2\/posts\/33498\/revisions"}],"predecessor-version":[{"id":33515,"href":"https:\/\/pc.sc.gov.br\/index.php?rest_route=\/wp\/v2\/posts\/33498\/revisions\/33515"}],"wp:featuredmedia":[{"embeddable":true,"href":"https:\/\/pc.sc.gov.br\/index.php?rest_route=\/wp\/v2\/media\/33501"}],"wp:attachment":[{"href":"https:\/\/pc.sc.gov.br\/index.php?rest_route=%2Fwp%2Fv2%2Fmedia&parent=33498"}],"wp:term":[{"taxonomy":"category","embeddable":true,"href":"https:\/\/pc.sc.gov.br\/index.php?rest_route=%2Fwp%2Fv2%2Fcategories&post=33498"},{"taxonomy":"post_tag","embeddable":true,"href":"https:\/\/pc.sc.gov.br\/index.php?rest_route=%2Fwp%2Fv2%2Ftags&post=33498"}],"curies":[{"name":"wp","href":"https:\/\/api.w.org\/{rel}","templated":true}]}}