{"id":33516,"date":"2025-10-24T16:06:33","date_gmt":"2025-10-24T19:06:33","guid":{"rendered":"https:\/\/pc.sc.gov.br\/?p=33516"},"modified":"2025-10-24T16:17:39","modified_gmt":"2025-10-24T19:17:39","slug":"policia-civil-prende-por-envolvimento-com-o-trafico-de-drogas-em-florianopolis","status":"publish","type":"post","link":"https:\/\/pc.sc.gov.br\/?p=33516","title":{"rendered":"Pol\u00edcia Civil prende cinco por envolvimento com o tr\u00e1fico de drogas em Florian\u00f3polis"},"content":{"rendered":"\t\t<div data-elementor-type=\"wp-post\" data-elementor-id=\"33516\" class=\"elementor elementor-33516\" data-elementor-post-type=\"post\">\n\t\t\t\t\t\t<section class=\"elementor-section elementor-top-section elementor-element elementor-element-56608f7 elementor-section-boxed elementor-section-height-default elementor-section-height-default\" data-id=\"56608f7\" data-element_type=\"section\">\n\t\t\t\t\t\t<div class=\"elementor-container elementor-column-gap-default\">\n\t\t\t\t\t<div class=\"elementor-column elementor-col-100 elementor-top-column elementor-element elementor-element-4e30a11\" data-id=\"4e30a11\" data-element_type=\"column\">\n\t\t\t<div class=\"elementor-widget-wrap elementor-element-populated\">\n\t\t\t\t\t\t<div class=\"elementor-element elementor-element-0b7f3cb elementor-widget elementor-widget-heading\" data-id=\"0b7f3cb\" data-element_type=\"widget\" data-widget_type=\"heading.default\">\n\t\t\t\t<div class=\"elementor-widget-container\">\n\t\t\t\t\t<h2 class=\"elementor-heading-title elementor-size-default\">Pol\u00edcia Civil prende cinco por envolvimento com o tr\u00e1fico de drogas em Florian\u00f3polis<\/h2>\t\t\t\t<\/div>\n\t\t\t\t<\/div>\n\t\t\t\t\t<\/div>\n\t\t<\/div>\n\t\t\t\t\t<\/div>\n\t\t<\/section>\n\t\t\t\t<section class=\"elementor-section elementor-top-section elementor-element elementor-element-8386969 elementor-section-boxed elementor-section-height-default elementor-section-height-default\" data-id=\"8386969\" data-element_type=\"section\">\n\t\t\t\t\t\t<div class=\"elementor-container elementor-column-gap-default\">\n\t\t\t\t\t<div class=\"elementor-column elementor-col-100 elementor-top-column elementor-element elementor-element-7a6cea7\" data-id=\"7a6cea7\" data-element_type=\"column\">\n\t\t\t<div class=\"elementor-widget-wrap elementor-element-populated\">\n\t\t\t\t\t\t<div class=\"elementor-element elementor-element-edc67d5 elementor-widget elementor-widget-image\" data-id=\"edc67d5\" data-element_type=\"widget\" data-widget_type=\"image.default\">\n\t\t\t\t<div class=\"elementor-widget-container\">\n\t\t\t\t\t\t\t\t\t\t\t\t\t\t\t<img fetchpriority=\"high\" decoding=\"async\" width=\"696\" height=\"404\" src=\"https:\/\/pc.sc.gov.br\/\/wp-content\/uploads\/2025\/05\/54556333709_8b72d1c43b_c-e1761332681406.jpg\" class=\"attachment-large size-large wp-image-29110\" alt=\"\" srcset=\"https:\/\/pc.sc.gov.br\/\/wp-content\/uploads\/2025\/05\/54556333709_8b72d1c43b_c-e1761332681406.jpg 789w, https:\/\/pc.sc.gov.br\/\/wp-content\/uploads\/2025\/05\/54556333709_8b72d1c43b_c-e1761332681406-300x174.jpg 300w, https:\/\/pc.sc.gov.br\/\/wp-content\/uploads\/2025\/05\/54556333709_8b72d1c43b_c-e1761332681406-768x446.jpg 768w\" sizes=\"(max-width: 696px) 100vw, 696px\" \/>\t\t\t\t\t\t\t\t\t\t\t\t\t\t\t<\/div>\n\t\t\t\t<\/div>\n\t\t\t\t\t<\/div>\n\t\t<\/div>\n\t\t\t\t\t<\/div>\n\t\t<\/section>\n\t\t\t\t<section class=\"elementor-section elementor-top-section elementor-element elementor-element-38766d9 elementor-section-boxed elementor-section-height-default elementor-section-height-default\" data-id=\"38766d9\" data-element_type=\"section\">\n\t\t\t\t\t\t<div class=\"elementor-container elementor-column-gap-default\">\n\t\t\t\t\t<div class=\"elementor-column elementor-col-100 elementor-top-column elementor-element elementor-element-8ba6ea3\" data-id=\"8ba6ea3\" data-element_type=\"column\">\n\t\t\t<div class=\"elementor-widget-wrap elementor-element-populated\">\n\t\t\t\t\t\t<div class=\"elementor-element elementor-element-e7f78ed elementor-widget elementor-widget-post-info\" data-id=\"e7f78ed\" data-element_type=\"widget\" data-widget_type=\"post-info.default\">\n\t\t\t\t<div class=\"elementor-widget-container\">\n\t\t\t\t\t\t\t<ul class=\"elementor-inline-items elementor-icon-list-items elementor-post-info\">\n\t\t\t\t\t\t\t\t<li class=\"elementor-icon-list-item elementor-repeater-item-0aeb4c8 elementor-inline-item\" itemprop=\"author\">\n\t\t\t\t\t\t<a href=\"https:\/\/pc.sc.gov.br\/?author=5\">\n\t\t\t\t\t\t\t\t\t\t\t<span class=\"elementor-icon-list-icon\">\n\t\t\t\t\t\t\t\t<i aria-hidden=\"true\" class=\"far fa-user-circle\"><\/i>\t\t\t\t\t\t\t<\/span>\n\t\t\t\t\t\t\t\t\t<span class=\"elementor-icon-list-text elementor-post-info__item elementor-post-info__item--type-author\">\n\t\t\t\t\t\t\t\t\t\tStefany de Souza Alves\t\t\t\t\t<\/span>\n\t\t\t\t\t\t\t\t\t<\/a>\n\t\t\t\t<\/li>\n\t\t\t\t<li class=\"elementor-icon-list-item elementor-repeater-item-05f7a3d elementor-inline-item\" itemprop=\"datePublished\">\n\t\t\t\t\t\t<a href=\"https:\/\/pc.sc.gov.br\/?m=20251024\">\n\t\t\t\t\t\t\t\t\t\t\t<span class=\"elementor-icon-list-icon\">\n\t\t\t\t\t\t\t\t<i aria-hidden=\"true\" class=\"fas fa-calendar\"><\/i>\t\t\t\t\t\t\t<\/span>\n\t\t\t\t\t\t\t\t\t<span class=\"elementor-icon-list-text elementor-post-info__item elementor-post-info__item--type-date\">\n\t\t\t\t\t\t\t\t\t\t<time>outubro 24, 2025<\/time>\t\t\t\t\t<\/span>\n\t\t\t\t\t\t\t\t\t<\/a>\n\t\t\t\t<\/li>\n\t\t\t\t<li class=\"elementor-icon-list-item elementor-repeater-item-7468fef elementor-inline-item\">\n\t\t\t\t\t\t\t\t\t\t<span class=\"elementor-icon-list-icon\">\n\t\t\t\t\t\t\t\t<i aria-hidden=\"true\" class=\"far fa-clock\"><\/i>\t\t\t\t\t\t\t<\/span>\n\t\t\t\t\t\t\t\t\t<span class=\"elementor-icon-list-text elementor-post-info__item elementor-post-info__item--type-time\">\n\t\t\t\t\t\t\t\t\t\t<time>4:06 pm<\/time>\t\t\t\t\t<\/span>\n\t\t\t\t\t\t\t\t<\/li>\n\t\t\t\t<\/ul>\n\t\t\t\t\t\t<\/div>\n\t\t\t\t<\/div>\n\t\t\t\t<div class=\"elementor-element elementor-element-218427b elementor-widget elementor-widget-text-editor\" data-id=\"218427b\" data-element_type=\"widget\" data-widget_type=\"text-editor.default\">\n\t\t\t\t<div class=\"elementor-widget-container\">\n\t\t\t\t\t\t\t\t\t<p>A Pol\u00edcia Civil de Santa Catarina, por meio da Delegacia de Combate \u00e0s Drogas do Departamento de Investiga\u00e7\u00e3o Criminal de Florian\u00f3polis (DECOD\/DIC), deflagrou nesta quinta-feira (23\/10), a opera\u00e7\u00e3o &#8220;Canasvieiras Mais Segura&#8221;, com o objetivo de reprimir o tr\u00e1fico de drogas na regi\u00e3o central do bairro Canasvieiras, em Florian\u00f3polis.<\/p><p>A a\u00e7\u00e3o \u00e9 resultado de um trabalho de investiga\u00e7\u00e3o qualificada, iniciado a partir de solicita\u00e7\u00f5es da comunidade local, que relatou a presen\u00e7a constante de atividades relacionadas ao tr\u00e1fico de entorpecentes em \u00e1reas de grande fluxo tur\u00edstico, como a Pra\u00e7a Rep\u00fablica do L\u00edbano e a Rua Maria Vilac.<\/p><p>Durante a opera\u00e7\u00e3o, foram 05 suspeitos foram presos, todos flagrados exercendo fun\u00e7\u00f5es distintas e estruturadas no contexto do tr\u00e1fico de drogas. Foram apreendidas por\u00e7\u00f5es de entorpecentes prontas para comercializa\u00e7\u00e3o, dinheiro em esp\u00e9cie, comprovantes de transa\u00e7\u00f5es eletr\u00f4nicas, al\u00e9m de subst\u00e2ncias il\u00edcitas localizadas em esconderijos utilizados de forma estrat\u00e9gica pelo grupo criminoso.<\/p><p>A a\u00e7\u00e3o foi realizada com o apoio e parceria de diversos \u00f3rg\u00e3os, demonstrando a integra\u00e7\u00e3o entre as for\u00e7as p\u00fablicas no combate ao crime. Participaram ativamente a Guarda Municipal de Florian\u00f3polis, a Receita Federal, a Departamento de Intelig\u00eancia e Seguran\u00e7a Institucional da Guarda Municipal de Florian\u00f3polis (DISI\/GMF), a Coordenadoria de Opera\u00e7\u00f5es com C\u00e3es da Pol\u00edcia Civil de Santa Catarina (COPC), a Academia de Pol\u00edcia Civil por meio do N\u00facleo de Apoio (NAC) e a S\u00e9tima Delegacia de Pol\u00edcia da Capital (7\u00ba DP).<\/p><p>A opera\u00e7\u00e3o \u201cCanasvieiras Mais Segura\u201d faz parte de um projeto cont\u00ednuo, que seguir\u00e1 em execu\u00e7\u00e3o sob a coordena\u00e7\u00e3o da Delegacia de Combate \u00e0s Drogas da Capital, com foco na investiga\u00e7\u00e3o estrat\u00e9gica e na repress\u00e3o qualificada ao tr\u00e1fico de entorpecentes em \u00e1reas sens\u00edveis e tur\u00edsticas de Florian\u00f3polis.<\/p>\t\t\t\t\t\t\t\t<\/div>\n\t\t\t\t<\/div>\n\t\t\t\t\t<\/div>\n\t\t<\/div>\n\t\t\t\t\t<\/div>\n\t\t<\/section>\n\t\t\t\t<\/div>\n\t\t","protected":false},"excerpt":{"rendered":"<p>Pol\u00edcia Civil prende cinco por envolvimento com o tr\u00e1fico de drogas em Florian\u00f3polis A Pol\u00edcia Civil de Santa Catarina, por meio da Delegacia de Combate \u00e0s Drogas do Departamento de Investiga\u00e7\u00e3o Criminal de Florian\u00f3polis (DECOD\/DIC), deflagrou nesta quinta-feira (23\/10), a opera\u00e7\u00e3o &#8220;Canasvieiras Mais Segura&#8221;, com o objetivo de reprimir o tr\u00e1fico de drogas na regi\u00e3o [&hellip;]<\/p>\n","protected":false},"author":5,"featured_media":29110,"comment_status":"closed","ping_status":"open","sticky":false,"template":"","format":"standard","meta":{"_monsterinsights_skip_tracking":false,"_monsterinsights_sitenote_active":false,"_monsterinsights_sitenote_note":"","_monsterinsights_sitenote_category":0,"footnotes":""},"categories":[1],"tags":[],"class_list":["post-33516","post","type-post","status-publish","format-standard","has-post-thumbnail","hentry","category-sem-categoria"],"_links":{"self":[{"href":"https:\/\/pc.sc.gov.br\/index.php?rest_route=\/wp\/v2\/posts\/33516","targetHints":{"allow":["GET"]}}],"collection":[{"href":"https:\/\/pc.sc.gov.br\/index.php?rest_route=\/wp\/v2\/posts"}],"about":[{"href":"https:\/\/pc.sc.gov.br\/index.php?rest_route=\/wp\/v2\/types\/post"}],"author":[{"embeddable":true,"href":"https:\/\/pc.sc.gov.br\/index.php?rest_route=\/wp\/v2\/users\/5"}],"replies":[{"embeddable":true,"href":"https:\/\/pc.sc.gov.br\/index.php?rest_route=%2Fwp%2Fv2%2Fcomments&post=33516"}],"version-history":[{"count":6,"href":"https:\/\/pc.sc.gov.br\/index.php?rest_route=\/wp\/v2\/posts\/33516\/revisions"}],"predecessor-version":[{"id":33522,"href":"https:\/\/pc.sc.gov.br\/index.php?rest_route=\/wp\/v2\/posts\/33516\/revisions\/33522"}],"wp:featuredmedia":[{"embeddable":true,"href":"https:\/\/pc.sc.gov.br\/index.php?rest_route=\/wp\/v2\/media\/29110"}],"wp:attachment":[{"href":"https:\/\/pc.sc.gov.br\/index.php?rest_route=%2Fwp%2Fv2%2Fmedia&parent=33516"}],"wp:term":[{"taxonomy":"category","embeddable":true,"href":"https:\/\/pc.sc.gov.br\/index.php?rest_route=%2Fwp%2Fv2%2Fcategories&post=33516"},{"taxonomy":"post_tag","embeddable":true,"href":"https:\/\/pc.sc.gov.br\/index.php?rest_route=%2Fwp%2Fv2%2Ftags&post=33516"}],"curies":[{"name":"wp","href":"https:\/\/api.w.org\/{rel}","templated":true}]}}