{"id":33543,"date":"2025-10-28T16:15:29","date_gmt":"2025-10-28T19:15:29","guid":{"rendered":"https:\/\/pc.sc.gov.br\/?p=33543"},"modified":"2025-10-28T16:23:57","modified_gmt":"2025-10-28T19:23:57","slug":"policia-civil-prende-acusado-de-aplicar-golpes-de-estelionato-em-blumenau","status":"publish","type":"post","link":"https:\/\/pc.sc.gov.br\/?p=33543","title":{"rendered":"Pol\u00edcia Civil prende acusado de aplicar golpes de estelionato em Blumenau"},"content":{"rendered":"\t\t<div data-elementor-type=\"wp-post\" data-elementor-id=\"33543\" class=\"elementor elementor-33543\" data-elementor-post-type=\"post\">\n\t\t\t\t\t\t<section class=\"elementor-section elementor-top-section elementor-element elementor-element-aa23ecb elementor-section-boxed elementor-section-height-default elementor-section-height-default\" data-id=\"aa23ecb\" data-element_type=\"section\">\n\t\t\t\t\t\t<div class=\"elementor-container elementor-column-gap-default\">\n\t\t\t\t\t<div class=\"elementor-column elementor-col-100 elementor-top-column elementor-element elementor-element-5b2b838\" data-id=\"5b2b838\" data-element_type=\"column\">\n\t\t\t<div class=\"elementor-widget-wrap elementor-element-populated\">\n\t\t\t\t\t\t<div class=\"elementor-element elementor-element-1b4ce1c elementor-widget elementor-widget-heading\" data-id=\"1b4ce1c\" data-element_type=\"widget\" data-widget_type=\"heading.default\">\n\t\t\t\t<div class=\"elementor-widget-container\">\n\t\t\t\t\t<h2 class=\"elementor-heading-title elementor-size-default\">Pol\u00edcia Civil prende acusado de aplicar golpes de estelionato em Blumenau<\/h2>\t\t\t\t<\/div>\n\t\t\t\t<\/div>\n\t\t\t\t<div class=\"elementor-element elementor-element-f4f3849 elementor-widget elementor-widget-image\" data-id=\"f4f3849\" data-element_type=\"widget\" data-widget_type=\"image.default\">\n\t\t\t\t<div class=\"elementor-widget-container\">\n\t\t\t\t\t\t\t\t\t\t\t\t\t\t\t<img fetchpriority=\"high\" decoding=\"async\" width=\"696\" height=\"355\" src=\"https:\/\/pc.sc.gov.br\/\/wp-content\/uploads\/2025\/10\/WhatsApp-Image-2025-10-25-at-19.00.56-e1761678766366-1024x523.jpeg\" class=\"attachment-large size-large wp-image-33545\" alt=\"\" srcset=\"https:\/\/pc.sc.gov.br\/\/wp-content\/uploads\/2025\/10\/WhatsApp-Image-2025-10-25-at-19.00.56-e1761678766366-1024x523.jpeg 1024w, https:\/\/pc.sc.gov.br\/\/wp-content\/uploads\/2025\/10\/WhatsApp-Image-2025-10-25-at-19.00.56-e1761678766366-300x153.jpeg 300w, https:\/\/pc.sc.gov.br\/\/wp-content\/uploads\/2025\/10\/WhatsApp-Image-2025-10-25-at-19.00.56-e1761678766366-768x392.jpeg 768w, https:\/\/pc.sc.gov.br\/\/wp-content\/uploads\/2025\/10\/WhatsApp-Image-2025-10-25-at-19.00.56-e1761678766366.jpeg 1097w\" sizes=\"(max-width: 696px) 100vw, 696px\" \/>\t\t\t\t\t\t\t\t\t\t\t\t\t\t\t<\/div>\n\t\t\t\t<\/div>\n\t\t\t\t\t<\/div>\n\t\t<\/div>\n\t\t\t\t\t<\/div>\n\t\t<\/section>\n\t\t\t\t<section class=\"elementor-section elementor-top-section elementor-element elementor-element-2ffcb9e elementor-section-boxed elementor-section-height-default elementor-section-height-default\" data-id=\"2ffcb9e\" data-element_type=\"section\">\n\t\t\t\t\t\t<div class=\"elementor-container elementor-column-gap-default\">\n\t\t\t\t\t<div class=\"elementor-column elementor-col-100 elementor-top-column elementor-element elementor-element-6f64fb9\" data-id=\"6f64fb9\" data-element_type=\"column\">\n\t\t\t<div class=\"elementor-widget-wrap elementor-element-populated\">\n\t\t\t\t\t\t<div class=\"elementor-element elementor-element-51eab1e elementor-widget elementor-widget-post-info\" data-id=\"51eab1e\" data-element_type=\"widget\" data-widget_type=\"post-info.default\">\n\t\t\t\t<div class=\"elementor-widget-container\">\n\t\t\t\t\t\t\t<ul class=\"elementor-inline-items elementor-icon-list-items elementor-post-info\">\n\t\t\t\t\t\t\t\t<li class=\"elementor-icon-list-item elementor-repeater-item-a6686f3 elementor-inline-item\" itemprop=\"author\">\n\t\t\t\t\t\t<a href=\"https:\/\/pc.sc.gov.br\/?author=5\">\n\t\t\t\t\t\t\t\t\t\t\t<span class=\"elementor-icon-list-icon\">\n\t\t\t\t\t\t\t\t<i aria-hidden=\"true\" class=\"far fa-user-circle\"><\/i>\t\t\t\t\t\t\t<\/span>\n\t\t\t\t\t\t\t\t\t<span class=\"elementor-icon-list-text elementor-post-info__item elementor-post-info__item--type-author\">\n\t\t\t\t\t\t\t\t\t\tStefany de Souza Alves\t\t\t\t\t<\/span>\n\t\t\t\t\t\t\t\t\t<\/a>\n\t\t\t\t<\/li>\n\t\t\t\t<li class=\"elementor-icon-list-item elementor-repeater-item-d6d6944 elementor-inline-item\" itemprop=\"datePublished\">\n\t\t\t\t\t\t<a href=\"https:\/\/pc.sc.gov.br\/?m=20251028\">\n\t\t\t\t\t\t\t\t\t\t\t<span class=\"elementor-icon-list-icon\">\n\t\t\t\t\t\t\t\t<i aria-hidden=\"true\" class=\"fas fa-calendar\"><\/i>\t\t\t\t\t\t\t<\/span>\n\t\t\t\t\t\t\t\t\t<span class=\"elementor-icon-list-text elementor-post-info__item elementor-post-info__item--type-date\">\n\t\t\t\t\t\t\t\t\t\t<time>outubro 28, 2025<\/time>\t\t\t\t\t<\/span>\n\t\t\t\t\t\t\t\t\t<\/a>\n\t\t\t\t<\/li>\n\t\t\t\t<li class=\"elementor-icon-list-item elementor-repeater-item-81ccafe elementor-inline-item\">\n\t\t\t\t\t\t\t\t\t\t<span class=\"elementor-icon-list-icon\">\n\t\t\t\t\t\t\t\t<i aria-hidden=\"true\" class=\"far fa-clock\"><\/i>\t\t\t\t\t\t\t<\/span>\n\t\t\t\t\t\t\t\t\t<span class=\"elementor-icon-list-text elementor-post-info__item elementor-post-info__item--type-time\">\n\t\t\t\t\t\t\t\t\t\t<time>4:15 pm<\/time>\t\t\t\t\t<\/span>\n\t\t\t\t\t\t\t\t<\/li>\n\t\t\t\t<\/ul>\n\t\t\t\t\t\t<\/div>\n\t\t\t\t<\/div>\n\t\t\t\t<div class=\"elementor-element elementor-element-a2640de elementor-widget elementor-widget-text-editor\" data-id=\"a2640de\" data-element_type=\"widget\" data-widget_type=\"text-editor.default\">\n\t\t\t\t<div class=\"elementor-widget-container\">\n\t\t\t\t\t\t\t\t\t<p>A Pol\u00edcia Civil de Santa Catarina, por meio da 1\u00aa Delegacia de Pol\u00edcia da Comarca de Blumenau, em a\u00e7\u00e3o conjunta com a Pol\u00edcia Militar de Blumenau, realizou no s\u00e1bado (26\/10), a pris\u00e3o em flagrante de um homem de 22 anos, natural do Estado de S\u00e3o Paulo, acusado de aplicar golpes de estelionato na cidade por meio do uso fraudulento de m\u00e1quinas de cart\u00e3o.<\/p>\n<p>A investiga\u00e7\u00e3o teve in\u00edcio ap\u00f3s den\u00fancias de v\u00edtimas que relataram a abordagem por um falso entregador de cestas de chocolates. O criminoso exigia o pagamento simb\u00f3lico de uma taxa de entrega, mas realizava transa\u00e7\u00f5es banc\u00e1rias indevidas em valores vultosos. Uma das v\u00edtimas \u00e9 um idoso de 69 anos, o que agrava ainda mais o crime, nos termos da legisla\u00e7\u00e3o penal.<\/p>\n<p>Durante a abordagem, foram apreendidos equipamentos utilizados para a pr\u00e1tica dos delitos, como m\u00e1quinas de cart\u00e3o, celulares, extratos de movimenta\u00e7\u00f5es financeiras e uma motocicleta. A opera\u00e7\u00e3o contou com o trabalho integrado das equipes da Pol\u00edcia Militar e do setor de investiga\u00e7\u00e3o da 1\u00aa Delegacia de Pol\u00edcia Civil em Blumenau, resultando na r\u00e1pida localiza\u00e7\u00e3o e pris\u00e3o do autor.<\/p>\n<p>O preso foi autuado em flagrante por estelionato qualificado e por associa\u00e7\u00e3o criminosa, sendo representada sua pris\u00e3o preventiva, dada a gravidade dos fatos e o risco de fuga, considerando que o investigado n\u00e3o possui resid\u00eancia fixa na regi\u00e3o.<\/p>\n<p><\/p>\t\t\t\t\t\t\t\t<\/div>\n\t\t\t\t<\/div>\n\t\t\t\t\t<\/div>\n\t\t<\/div>\n\t\t\t\t\t<\/div>\n\t\t<\/section>\n\t\t\t\t<\/div>\n\t\t","protected":false},"excerpt":{"rendered":"<p>Pol\u00edcia Civil prende acusado de aplicar golpes de estelionato em Blumenau A Pol\u00edcia Civil de Santa Catarina, por meio da 1\u00aa Delegacia de Pol\u00edcia da Comarca de Blumenau, em a\u00e7\u00e3o conjunta com a Pol\u00edcia Militar de Blumenau, realizou no s\u00e1bado (26\/10), a pris\u00e3o em flagrante de um homem de 22 anos, natural do Estado de [&hellip;]<\/p>\n","protected":false},"author":5,"featured_media":33545,"comment_status":"closed","ping_status":"open","sticky":false,"template":"","format":"standard","meta":{"_monsterinsights_skip_tracking":false,"_monsterinsights_sitenote_active":false,"_monsterinsights_sitenote_note":"","_monsterinsights_sitenote_category":0,"footnotes":""},"categories":[1],"tags":[],"class_list":["post-33543","post","type-post","status-publish","format-standard","has-post-thumbnail","hentry","category-sem-categoria"],"_links":{"self":[{"href":"https:\/\/pc.sc.gov.br\/index.php?rest_route=\/wp\/v2\/posts\/33543","targetHints":{"allow":["GET"]}}],"collection":[{"href":"https:\/\/pc.sc.gov.br\/index.php?rest_route=\/wp\/v2\/posts"}],"about":[{"href":"https:\/\/pc.sc.gov.br\/index.php?rest_route=\/wp\/v2\/types\/post"}],"author":[{"embeddable":true,"href":"https:\/\/pc.sc.gov.br\/index.php?rest_route=\/wp\/v2\/users\/5"}],"replies":[{"embeddable":true,"href":"https:\/\/pc.sc.gov.br\/index.php?rest_route=%2Fwp%2Fv2%2Fcomments&post=33543"}],"version-history":[{"count":7,"href":"https:\/\/pc.sc.gov.br\/index.php?rest_route=\/wp\/v2\/posts\/33543\/revisions"}],"predecessor-version":[{"id":33552,"href":"https:\/\/pc.sc.gov.br\/index.php?rest_route=\/wp\/v2\/posts\/33543\/revisions\/33552"}],"wp:featuredmedia":[{"embeddable":true,"href":"https:\/\/pc.sc.gov.br\/index.php?rest_route=\/wp\/v2\/media\/33545"}],"wp:attachment":[{"href":"https:\/\/pc.sc.gov.br\/index.php?rest_route=%2Fwp%2Fv2%2Fmedia&parent=33543"}],"wp:term":[{"taxonomy":"category","embeddable":true,"href":"https:\/\/pc.sc.gov.br\/index.php?rest_route=%2Fwp%2Fv2%2Fcategories&post=33543"},{"taxonomy":"post_tag","embeddable":true,"href":"https:\/\/pc.sc.gov.br\/index.php?rest_route=%2Fwp%2Fv2%2Ftags&post=33543"}],"curies":[{"name":"wp","href":"https:\/\/api.w.org\/{rel}","templated":true}]}}