{"id":33553,"date":"2025-10-28T16:33:19","date_gmt":"2025-10-28T19:33:19","guid":{"rendered":"https:\/\/pc.sc.gov.br\/?p=33553"},"modified":"2025-10-28T16:35:24","modified_gmt":"2025-10-28T19:35:24","slug":"policia-civil-apreende-simbolos-de-apologia-ao-nazismo-com-adolescente-de-palhoca","status":"publish","type":"post","link":"https:\/\/pc.sc.gov.br\/?p=33553","title":{"rendered":"Pol\u00edcia Civil apreende s\u00edmbolos de apologia ao nazismo com adolescente de Palho\u00e7a"},"content":{"rendered":"\t\t<div data-elementor-type=\"wp-post\" data-elementor-id=\"33553\" class=\"elementor elementor-33553\" data-elementor-post-type=\"post\">\n\t\t\t\t\t\t<section class=\"elementor-section elementor-top-section elementor-element elementor-element-67c21f2 elementor-section-boxed elementor-section-height-default elementor-section-height-default\" data-id=\"67c21f2\" data-element_type=\"section\">\n\t\t\t\t\t\t<div class=\"elementor-container elementor-column-gap-default\">\n\t\t\t\t\t<div class=\"elementor-column elementor-col-100 elementor-top-column elementor-element elementor-element-029e3be\" data-id=\"029e3be\" data-element_type=\"column\">\n\t\t\t<div class=\"elementor-widget-wrap elementor-element-populated\">\n\t\t\t\t\t\t<div class=\"elementor-element elementor-element-ffa14f0 elementor-widget elementor-widget-heading\" data-id=\"ffa14f0\" data-element_type=\"widget\" data-widget_type=\"heading.default\">\n\t\t\t\t<div class=\"elementor-widget-container\">\n\t\t\t\t\t<h2 class=\"elementor-heading-title elementor-size-default\">Pol\u00edcia Civil apreende s\u00edmbolos de apologia ao nazismo com adolescente de Palho\u00e7a<\/h2>\t\t\t\t<\/div>\n\t\t\t\t<\/div>\n\t\t\t\t\t<\/div>\n\t\t<\/div>\n\t\t\t\t\t<\/div>\n\t\t<\/section>\n\t\t\t\t<section class=\"elementor-section elementor-top-section elementor-element elementor-element-87fc80e elementor-section-boxed elementor-section-height-default elementor-section-height-default\" data-id=\"87fc80e\" data-element_type=\"section\">\n\t\t\t\t\t\t<div class=\"elementor-container elementor-column-gap-default\">\n\t\t\t\t\t<div class=\"elementor-column elementor-col-100 elementor-top-column elementor-element elementor-element-e8c510c\" data-id=\"e8c510c\" data-element_type=\"column\">\n\t\t\t<div class=\"elementor-widget-wrap elementor-element-populated\">\n\t\t\t\t\t\t<div class=\"elementor-element elementor-element-0eae934 elementor-widget elementor-widget-image\" data-id=\"0eae934\" data-element_type=\"widget\" data-widget_type=\"image.default\">\n\t\t\t\t<div class=\"elementor-widget-container\">\n\t\t\t\t\t\t\t\t\t\t\t\t\t\t\t<img fetchpriority=\"high\" decoding=\"async\" width=\"696\" height=\"868\" src=\"https:\/\/pc.sc.gov.br\/\/wp-content\/uploads\/2025\/10\/WhatsApp-Image-2025-10-28-at-15.39.45-e1761679966853-821x1024.jpeg\" class=\"attachment-large size-large wp-image-33554\" alt=\"\" srcset=\"https:\/\/pc.sc.gov.br\/\/wp-content\/uploads\/2025\/10\/WhatsApp-Image-2025-10-28-at-15.39.45-e1761679966853-821x1024.jpeg 821w, https:\/\/pc.sc.gov.br\/\/wp-content\/uploads\/2025\/10\/WhatsApp-Image-2025-10-28-at-15.39.45-e1761679966853-241x300.jpeg 241w, https:\/\/pc.sc.gov.br\/\/wp-content\/uploads\/2025\/10\/WhatsApp-Image-2025-10-28-at-15.39.45-e1761679966853-768x957.jpeg 768w, https:\/\/pc.sc.gov.br\/\/wp-content\/uploads\/2025\/10\/WhatsApp-Image-2025-10-28-at-15.39.45-e1761679966853.jpeg 1200w\" sizes=\"(max-width: 696px) 100vw, 696px\" \/>\t\t\t\t\t\t\t\t\t\t\t\t\t\t\t<\/div>\n\t\t\t\t<\/div>\n\t\t\t\t\t<\/div>\n\t\t<\/div>\n\t\t\t\t\t<\/div>\n\t\t<\/section>\n\t\t\t\t<section class=\"elementor-section elementor-top-section elementor-element elementor-element-175bea6 elementor-section-boxed elementor-section-height-default elementor-section-height-default\" data-id=\"175bea6\" data-element_type=\"section\">\n\t\t\t\t\t\t<div class=\"elementor-container elementor-column-gap-default\">\n\t\t\t\t\t<div class=\"elementor-column elementor-col-100 elementor-top-column elementor-element elementor-element-8434be6\" data-id=\"8434be6\" data-element_type=\"column\">\n\t\t\t<div class=\"elementor-widget-wrap elementor-element-populated\">\n\t\t\t\t\t\t<div class=\"elementor-element elementor-element-8883350 elementor-widget elementor-widget-post-info\" data-id=\"8883350\" data-element_type=\"widget\" data-widget_type=\"post-info.default\">\n\t\t\t\t<div class=\"elementor-widget-container\">\n\t\t\t\t\t\t\t<ul class=\"elementor-inline-items elementor-icon-list-items elementor-post-info\">\n\t\t\t\t\t\t\t\t<li class=\"elementor-icon-list-item elementor-repeater-item-a69bd55 elementor-inline-item\" itemprop=\"author\">\n\t\t\t\t\t\t<a href=\"https:\/\/pc.sc.gov.br\/?author=5\">\n\t\t\t\t\t\t\t\t\t\t\t<span class=\"elementor-icon-list-icon\">\n\t\t\t\t\t\t\t\t<i aria-hidden=\"true\" class=\"far fa-user-circle\"><\/i>\t\t\t\t\t\t\t<\/span>\n\t\t\t\t\t\t\t\t\t<span class=\"elementor-icon-list-text elementor-post-info__item elementor-post-info__item--type-author\">\n\t\t\t\t\t\t\t\t\t\tStefany de Souza Alves\t\t\t\t\t<\/span>\n\t\t\t\t\t\t\t\t\t<\/a>\n\t\t\t\t<\/li>\n\t\t\t\t<li class=\"elementor-icon-list-item elementor-repeater-item-33f8943 elementor-inline-item\" itemprop=\"datePublished\">\n\t\t\t\t\t\t<a href=\"https:\/\/pc.sc.gov.br\/?m=20251028\">\n\t\t\t\t\t\t\t\t\t\t\t<span class=\"elementor-icon-list-icon\">\n\t\t\t\t\t\t\t\t<i aria-hidden=\"true\" class=\"fas fa-calendar\"><\/i>\t\t\t\t\t\t\t<\/span>\n\t\t\t\t\t\t\t\t\t<span class=\"elementor-icon-list-text elementor-post-info__item elementor-post-info__item--type-date\">\n\t\t\t\t\t\t\t\t\t\t<time>outubro 28, 2025<\/time>\t\t\t\t\t<\/span>\n\t\t\t\t\t\t\t\t\t<\/a>\n\t\t\t\t<\/li>\n\t\t\t\t<li class=\"elementor-icon-list-item elementor-repeater-item-b22fe04 elementor-inline-item\">\n\t\t\t\t\t\t\t\t\t\t<span class=\"elementor-icon-list-icon\">\n\t\t\t\t\t\t\t\t<i aria-hidden=\"true\" class=\"far fa-clock\"><\/i>\t\t\t\t\t\t\t<\/span>\n\t\t\t\t\t\t\t\t\t<span class=\"elementor-icon-list-text elementor-post-info__item elementor-post-info__item--type-time\">\n\t\t\t\t\t\t\t\t\t\t<time>4:33 pm<\/time>\t\t\t\t\t<\/span>\n\t\t\t\t\t\t\t\t<\/li>\n\t\t\t\t<\/ul>\n\t\t\t\t\t\t<\/div>\n\t\t\t\t<\/div>\n\t\t\t\t<div class=\"elementor-element elementor-element-8ee452c elementor-widget elementor-widget-text-editor\" data-id=\"8ee452c\" data-element_type=\"widget\" data-widget_type=\"text-editor.default\">\n\t\t\t\t<div class=\"elementor-widget-container\">\n\t\t\t\t\t\t\t\t\t<p>A Pol\u00edcia Civil de Santa Catarina, por meio da Delegacia de Repress\u00e3o ao Racismo e a Delitos de Intoler\u00e2ncia (DRRDI), cumpriu, na manh\u00e3 de hoje (28\/10), um mandado de busca e apreens\u00e3o, expedido pela Vara da Inf\u00e2ncia e Juventude da Comarca de Palho\u00e7a\/SC.<\/p><p>A opera\u00e7\u00e3o foi deflagrada com o objetivo de apurar a pr\u00e1tica de ato infracional an\u00e1logo ao delito de racismo, uma vez que h\u00e1 ind\u00edcios de que um adolescente, morador de Palho\u00e7a\/SC, utilizava redes sociais para divulgar conte\u00fado nazista e racista.<\/p><p>O adolescente propagava diversos elementos que configuram apologia ao nazismo e ao racismo, incitava a viol\u00eancia e mantinha discursos de \u00f3dio. A conjun\u00e7\u00e3o desses ingredientes levantou s\u00e9rias preocupa\u00e7\u00f5es quanto \u00e0 possibilidade de que o investigado estivesse idealizando ou planejando a execu\u00e7\u00e3o de um ataque.<\/p><p>Durante as dilig\u00eancias, foram apreendidos objetos, s\u00edmbolos nazistas e equipamentos eletr\u00f4nicos, que ser\u00e3o devidamente periciados e analisados, com a finalidade de elucidar totalmente o caso e identificar eventual participa\u00e7\u00e3o de outros envolvidos.<\/p><p>A opera\u00e7\u00e3o foi coordenada pela DRRDI\/DEIC e contou com o apoio do Cyberlab Diretoria de Intelig\u00eancia da Pol\u00edcia Civil &#8211; DINT<\/p><p>\u00a0<\/p>\t\t\t\t\t\t\t\t<\/div>\n\t\t\t\t<\/div>\n\t\t\t\t\t<\/div>\n\t\t<\/div>\n\t\t\t\t\t<\/div>\n\t\t<\/section>\n\t\t\t\t<\/div>\n\t\t","protected":false},"excerpt":{"rendered":"<p>Pol\u00edcia Civil apreende s\u00edmbolos de apologia ao nazismo com adolescente de Palho\u00e7a A Pol\u00edcia Civil de Santa Catarina, por meio da Delegacia de Repress\u00e3o ao Racismo e a Delitos de Intoler\u00e2ncia (DRRDI), cumpriu, na manh\u00e3 de hoje (28\/10), um mandado de busca e apreens\u00e3o, expedido pela Vara da Inf\u00e2ncia e Juventude da Comarca de Palho\u00e7a\/SC. [&hellip;]<\/p>\n","protected":false},"author":5,"featured_media":33554,"comment_status":"closed","ping_status":"open","sticky":false,"template":"","format":"standard","meta":{"_monsterinsights_skip_tracking":false,"_monsterinsights_sitenote_active":false,"_monsterinsights_sitenote_note":"","_monsterinsights_sitenote_category":0,"footnotes":""},"categories":[1],"tags":[],"class_list":["post-33553","post","type-post","status-publish","format-standard","has-post-thumbnail","hentry","category-sem-categoria"],"_links":{"self":[{"href":"https:\/\/pc.sc.gov.br\/index.php?rest_route=\/wp\/v2\/posts\/33553","targetHints":{"allow":["GET"]}}],"collection":[{"href":"https:\/\/pc.sc.gov.br\/index.php?rest_route=\/wp\/v2\/posts"}],"about":[{"href":"https:\/\/pc.sc.gov.br\/index.php?rest_route=\/wp\/v2\/types\/post"}],"author":[{"embeddable":true,"href":"https:\/\/pc.sc.gov.br\/index.php?rest_route=\/wp\/v2\/users\/5"}],"replies":[{"embeddable":true,"href":"https:\/\/pc.sc.gov.br\/index.php?rest_route=%2Fwp%2Fv2%2Fcomments&post=33553"}],"version-history":[{"count":7,"href":"https:\/\/pc.sc.gov.br\/index.php?rest_route=\/wp\/v2\/posts\/33553\/revisions"}],"predecessor-version":[{"id":33561,"href":"https:\/\/pc.sc.gov.br\/index.php?rest_route=\/wp\/v2\/posts\/33553\/revisions\/33561"}],"wp:featuredmedia":[{"embeddable":true,"href":"https:\/\/pc.sc.gov.br\/index.php?rest_route=\/wp\/v2\/media\/33554"}],"wp:attachment":[{"href":"https:\/\/pc.sc.gov.br\/index.php?rest_route=%2Fwp%2Fv2%2Fmedia&parent=33553"}],"wp:term":[{"taxonomy":"category","embeddable":true,"href":"https:\/\/pc.sc.gov.br\/index.php?rest_route=%2Fwp%2Fv2%2Fcategories&post=33553"},{"taxonomy":"post_tag","embeddable":true,"href":"https:\/\/pc.sc.gov.br\/index.php?rest_route=%2Fwp%2Fv2%2Ftags&post=33553"}],"curies":[{"name":"wp","href":"https:\/\/api.w.org\/{rel}","templated":true}]}}