{"id":34313,"date":"2025-11-17T17:50:12","date_gmt":"2025-11-17T20:50:12","guid":{"rendered":"https:\/\/pc.sc.gov.br\/?p=34313"},"modified":"2025-11-17T17:51:19","modified_gmt":"2025-11-17T20:51:19","slug":"policia-civil-prende-foragido-do-estado-de-pernambuco-em-blumenau","status":"publish","type":"post","link":"https:\/\/pc.sc.gov.br\/?p=34313","title":{"rendered":"Pol\u00edcia Civil prende foragido do estado de Pernambuco em Blumenau"},"content":{"rendered":"\t\t<div data-elementor-type=\"wp-post\" data-elementor-id=\"34313\" class=\"elementor elementor-34313\" data-elementor-post-type=\"post\">\n\t\t\t\t\t\t<section class=\"elementor-section elementor-top-section elementor-element elementor-element-385be08 elementor-section-boxed elementor-section-height-default elementor-section-height-default\" data-id=\"385be08\" data-element_type=\"section\">\n\t\t\t\t\t\t<div class=\"elementor-container elementor-column-gap-default\">\n\t\t\t\t\t<div class=\"elementor-column elementor-col-100 elementor-top-column elementor-element elementor-element-6f1b521\" data-id=\"6f1b521\" data-element_type=\"column\">\n\t\t\t<div class=\"elementor-widget-wrap elementor-element-populated\">\n\t\t\t\t\t\t<div class=\"elementor-element elementor-element-1eda47d elementor-widget elementor-widget-heading\" data-id=\"1eda47d\" data-element_type=\"widget\" data-widget_type=\"heading.default\">\n\t\t\t\t<div class=\"elementor-widget-container\">\n\t\t\t\t\t<h2 class=\"elementor-heading-title elementor-size-default\">Pol\u00edcia Civil prende foragido do estado de Pernambuco em Blumenau <\/h2>\t\t\t\t<\/div>\n\t\t\t\t<\/div>\n\t\t\t\t\t<\/div>\n\t\t<\/div>\n\t\t\t\t\t<\/div>\n\t\t<\/section>\n\t\t\t\t<section class=\"elementor-section elementor-top-section elementor-element elementor-element-e5711d6 elementor-section-boxed elementor-section-height-default elementor-section-height-default\" data-id=\"e5711d6\" data-element_type=\"section\">\n\t\t\t\t\t\t<div class=\"elementor-container elementor-column-gap-default\">\n\t\t\t\t\t<div class=\"elementor-column elementor-col-100 elementor-top-column elementor-element elementor-element-7145a7b\" data-id=\"7145a7b\" data-element_type=\"column\">\n\t\t\t<div class=\"elementor-widget-wrap elementor-element-populated\">\n\t\t\t\t\t\t<div class=\"elementor-element elementor-element-70ca6cd elementor-widget elementor-widget-image\" data-id=\"70ca6cd\" data-element_type=\"widget\" data-widget_type=\"image.default\">\n\t\t\t\t<div class=\"elementor-widget-container\">\n\t\t\t\t\t\t\t\t\t\t\t\t\t\t\t<img fetchpriority=\"high\" decoding=\"async\" width=\"696\" height=\"455\" src=\"https:\/\/pc.sc.gov.br\/\/wp-content\/uploads\/2023\/10\/viaturas-PC-SC-02-e1757444653909-1024x669.jpg\" class=\"attachment-large size-large wp-image-14043\" alt=\"\" srcset=\"https:\/\/pc.sc.gov.br\/\/wp-content\/uploads\/2023\/10\/viaturas-PC-SC-02-e1757444653909-1024x669.jpg 1024w, https:\/\/pc.sc.gov.br\/\/wp-content\/uploads\/2023\/10\/viaturas-PC-SC-02-e1757444653909-300x196.jpg 300w, https:\/\/pc.sc.gov.br\/\/wp-content\/uploads\/2023\/10\/viaturas-PC-SC-02-e1757444653909-768x502.jpg 768w, https:\/\/pc.sc.gov.br\/\/wp-content\/uploads\/2023\/10\/viaturas-PC-SC-02-e1757444653909.jpg 1080w\" sizes=\"(max-width: 696px) 100vw, 696px\" \/>\t\t\t\t\t\t\t\t\t\t\t\t\t\t\t<\/div>\n\t\t\t\t<\/div>\n\t\t\t\t\t<\/div>\n\t\t<\/div>\n\t\t\t\t\t<\/div>\n\t\t<\/section>\n\t\t\t\t<section class=\"elementor-section elementor-top-section elementor-element elementor-element-5b897ea elementor-section-boxed elementor-section-height-default elementor-section-height-default\" data-id=\"5b897ea\" data-element_type=\"section\">\n\t\t\t\t\t\t<div class=\"elementor-container elementor-column-gap-default\">\n\t\t\t\t\t<div class=\"elementor-column elementor-col-100 elementor-top-column elementor-element elementor-element-4643045\" data-id=\"4643045\" data-element_type=\"column\">\n\t\t\t<div class=\"elementor-widget-wrap elementor-element-populated\">\n\t\t\t\t\t\t<div class=\"elementor-element elementor-element-84bbf7f elementor-widget elementor-widget-post-info\" data-id=\"84bbf7f\" data-element_type=\"widget\" data-widget_type=\"post-info.default\">\n\t\t\t\t<div class=\"elementor-widget-container\">\n\t\t\t\t\t\t\t<ul class=\"elementor-inline-items elementor-icon-list-items elementor-post-info\">\n\t\t\t\t\t\t\t\t<li class=\"elementor-icon-list-item elementor-repeater-item-9307d75 elementor-inline-item\" itemprop=\"author\">\n\t\t\t\t\t\t<a href=\"https:\/\/pc.sc.gov.br\/?author=5\">\n\t\t\t\t\t\t\t\t\t\t\t<span class=\"elementor-icon-list-icon\">\n\t\t\t\t\t\t\t\t<i aria-hidden=\"true\" class=\"far fa-user-circle\"><\/i>\t\t\t\t\t\t\t<\/span>\n\t\t\t\t\t\t\t\t\t<span class=\"elementor-icon-list-text elementor-post-info__item elementor-post-info__item--type-author\">\n\t\t\t\t\t\t\t\t\t\tStefany de Souza Alves\t\t\t\t\t<\/span>\n\t\t\t\t\t\t\t\t\t<\/a>\n\t\t\t\t<\/li>\n\t\t\t\t<li class=\"elementor-icon-list-item elementor-repeater-item-a37d756 elementor-inline-item\" itemprop=\"datePublished\">\n\t\t\t\t\t\t<a href=\"https:\/\/pc.sc.gov.br\/?m=20251117\">\n\t\t\t\t\t\t\t\t\t\t\t<span class=\"elementor-icon-list-icon\">\n\t\t\t\t\t\t\t\t<i aria-hidden=\"true\" class=\"fas fa-calendar\"><\/i>\t\t\t\t\t\t\t<\/span>\n\t\t\t\t\t\t\t\t\t<span class=\"elementor-icon-list-text elementor-post-info__item elementor-post-info__item--type-date\">\n\t\t\t\t\t\t\t\t\t\t<time>novembro 17, 2025<\/time>\t\t\t\t\t<\/span>\n\t\t\t\t\t\t\t\t\t<\/a>\n\t\t\t\t<\/li>\n\t\t\t\t<li class=\"elementor-icon-list-item elementor-repeater-item-69a360b elementor-inline-item\">\n\t\t\t\t\t\t\t\t\t\t<span class=\"elementor-icon-list-icon\">\n\t\t\t\t\t\t\t\t<i aria-hidden=\"true\" class=\"far fa-clock\"><\/i>\t\t\t\t\t\t\t<\/span>\n\t\t\t\t\t\t\t\t\t<span class=\"elementor-icon-list-text elementor-post-info__item elementor-post-info__item--type-time\">\n\t\t\t\t\t\t\t\t\t\t<time>5:50 pm<\/time>\t\t\t\t\t<\/span>\n\t\t\t\t\t\t\t\t<\/li>\n\t\t\t\t<\/ul>\n\t\t\t\t\t\t<\/div>\n\t\t\t\t<\/div>\n\t\t\t\t<div class=\"elementor-element elementor-element-7c7699e elementor-widget elementor-widget-text-editor\" data-id=\"7c7699e\" data-element_type=\"widget\" data-widget_type=\"text-editor.default\">\n\t\t\t\t<div class=\"elementor-widget-container\">\n\t\t\t\t\t\t\t\t\t<p>Na tarde desta segunda-feira (17\/11), policiais civis da Delegacia de Homic\u00eddios do Departamento de Investiga\u00e7\u00f5es Criminais (DIC) de Blumenau recapturaram um homem de 37 anos que estava foragido do sistema prisional do Estado de Pernambuco, ap\u00f3s n\u00e3o retornar da sa\u00edda tempor\u00e1ria concedida em 08\/02\/2025.<\/p><p>O foragido, condenado por homic\u00eddio qualificado, ainda possu\u00eda 7 anos, 4 meses e 16 dias de pena a cumprir. A pris\u00e3o ocorreu em uma resid\u00eancia situada no Bairro Escola Agr\u00edcola, ap\u00f3s a Pol\u00edcia Civil receber den\u00fancia an\u00f4nima por meio do Disque Den\u00fancia 181.<\/p><p>No local, o homem foi localizado e, ap\u00f3s ser cientificado do teor do mandado de pris\u00e3o, acatou as ordens dos policiais, sendo imediatamente conduzido ao Pres\u00eddio Regional de Blumenau, onde permanece \u00e0 disposi\u00e7\u00e3o do Poder Judici\u00e1rio.<\/p>\t\t\t\t\t\t\t\t<\/div>\n\t\t\t\t<\/div>\n\t\t\t\t\t<\/div>\n\t\t<\/div>\n\t\t\t\t\t<\/div>\n\t\t<\/section>\n\t\t\t\t<\/div>\n\t\t","protected":false},"excerpt":{"rendered":"<p>Pol\u00edcia Civil prende foragido do estado de Pernambuco em Blumenau Na tarde desta segunda-feira (17\/11), policiais civis da Delegacia de Homic\u00eddios do Departamento de Investiga\u00e7\u00f5es Criminais (DIC) de Blumenau recapturaram um homem de 37 anos que estava foragido do sistema prisional do Estado de Pernambuco, ap\u00f3s n\u00e3o retornar da sa\u00edda tempor\u00e1ria concedida em 08\/02\/2025. O [&hellip;]<\/p>\n","protected":false},"author":5,"featured_media":14043,"comment_status":"closed","ping_status":"open","sticky":false,"template":"","format":"standard","meta":{"_monsterinsights_skip_tracking":false,"_monsterinsights_sitenote_active":false,"_monsterinsights_sitenote_note":"","_monsterinsights_sitenote_category":0,"footnotes":""},"categories":[1],"tags":[],"class_list":["post-34313","post","type-post","status-publish","format-standard","has-post-thumbnail","hentry","category-sem-categoria"],"_links":{"self":[{"href":"https:\/\/pc.sc.gov.br\/index.php?rest_route=\/wp\/v2\/posts\/34313","targetHints":{"allow":["GET"]}}],"collection":[{"href":"https:\/\/pc.sc.gov.br\/index.php?rest_route=\/wp\/v2\/posts"}],"about":[{"href":"https:\/\/pc.sc.gov.br\/index.php?rest_route=\/wp\/v2\/types\/post"}],"author":[{"embeddable":true,"href":"https:\/\/pc.sc.gov.br\/index.php?rest_route=\/wp\/v2\/users\/5"}],"replies":[{"embeddable":true,"href":"https:\/\/pc.sc.gov.br\/index.php?rest_route=%2Fwp%2Fv2%2Fcomments&post=34313"}],"version-history":[{"count":4,"href":"https:\/\/pc.sc.gov.br\/index.php?rest_route=\/wp\/v2\/posts\/34313\/revisions"}],"predecessor-version":[{"id":34317,"href":"https:\/\/pc.sc.gov.br\/index.php?rest_route=\/wp\/v2\/posts\/34313\/revisions\/34317"}],"wp:featuredmedia":[{"embeddable":true,"href":"https:\/\/pc.sc.gov.br\/index.php?rest_route=\/wp\/v2\/media\/14043"}],"wp:attachment":[{"href":"https:\/\/pc.sc.gov.br\/index.php?rest_route=%2Fwp%2Fv2%2Fmedia&parent=34313"}],"wp:term":[{"taxonomy":"category","embeddable":true,"href":"https:\/\/pc.sc.gov.br\/index.php?rest_route=%2Fwp%2Fv2%2Fcategories&post=34313"},{"taxonomy":"post_tag","embeddable":true,"href":"https:\/\/pc.sc.gov.br\/index.php?rest_route=%2Fwp%2Fv2%2Ftags&post=34313"}],"curies":[{"name":"wp","href":"https:\/\/api.w.org\/{rel}","templated":true}]}}