{"id":3474,"date":"2023-01-02T17:30:15","date_gmt":"2023-01-02T20:30:15","guid":{"rendered":"https:\/\/pc.sc.gov.br\/?p=3474"},"modified":"2023-01-02T17:30:42","modified_gmt":"2023-01-02T20:30:42","slug":"policia-civil-prende-preventivamente-homem-suspeito-por-furtos-de-malotes","status":"publish","type":"post","link":"https:\/\/pc.sc.gov.br\/?p=3474","title":{"rendered":"Pol\u00edcia Civil prende preventivamente homem suspeito por furtos de malotes"},"content":{"rendered":"\t\t<div data-elementor-type=\"wp-post\" data-elementor-id=\"3474\" class=\"elementor elementor-3474\" data-elementor-post-type=\"post\">\n\t\t\t\t\t\t<section class=\"elementor-section elementor-top-section elementor-element elementor-element-bdbec90 elementor-section-boxed elementor-section-height-default elementor-section-height-default\" data-id=\"bdbec90\" data-element_type=\"section\">\n\t\t\t\t\t\t<div class=\"elementor-container elementor-column-gap-default\">\n\t\t\t\t\t<div class=\"elementor-column elementor-col-100 elementor-top-column elementor-element elementor-element-b1ff904\" data-id=\"b1ff904\" data-element_type=\"column\">\n\t\t\t<div class=\"elementor-widget-wrap elementor-element-populated\">\n\t\t\t\t\t\t<div class=\"elementor-element elementor-element-cc6ae8d elementor-widget elementor-widget-heading\" data-id=\"cc6ae8d\" data-element_type=\"widget\" data-widget_type=\"heading.default\">\n\t\t\t\t<div class=\"elementor-widget-container\">\n\t\t\t\t\t<h2 class=\"elementor-heading-title elementor-size-default\">Pol\u00edcia Civil prende preventivamente homem suspeito por furtos de malotes<\/h2>\t\t\t\t<\/div>\n\t\t\t\t<\/div>\n\t\t\t\t<div class=\"elementor-element elementor-element-3612ee6 elementor-widget elementor-widget-image\" data-id=\"3612ee6\" data-element_type=\"widget\" data-widget_type=\"image.default\">\n\t\t\t\t<div class=\"elementor-widget-container\">\n\t\t\t\t\t\t\t\t\t\t\t\t\t\t\t<img fetchpriority=\"high\" decoding=\"async\" width=\"680\" height=\"680\" src=\"https:\/\/pc.sc.gov.br\/\/wp-content\/uploads\/2022\/12\/VIATURA_1.jpg\" class=\"attachment-large size-large wp-image-2538\" alt=\"\" srcset=\"https:\/\/pc.sc.gov.br\/\/wp-content\/uploads\/2022\/12\/VIATURA_1.jpg 680w, https:\/\/pc.sc.gov.br\/\/wp-content\/uploads\/2022\/12\/VIATURA_1-300x300.jpg 300w, https:\/\/pc.sc.gov.br\/\/wp-content\/uploads\/2022\/12\/VIATURA_1-150x150.jpg 150w\" sizes=\"(max-width: 680px) 100vw, 680px\" \/>\t\t\t\t\t\t\t\t\t\t\t\t\t\t\t<\/div>\n\t\t\t\t<\/div>\n\t\t\t\t<div class=\"elementor-element elementor-element-07710ca elementor-widget elementor-widget-text-editor\" data-id=\"07710ca\" data-element_type=\"widget\" data-widget_type=\"text-editor.default\">\n\t\t\t\t<div class=\"elementor-widget-container\">\n\t\t\t\t\t\t\t\t\t<p>No domingo (01), a Pol\u00edcia Civil de Santa Catarina, por meio da Delegacia de Repress\u00e3o a Roubos e Furtos de Chapec\u00f3, e com o apoio da Pol\u00edcia Militar de Florian\u00f3polis prendeu preventivamente um homem suspeito de ser respons\u00e1vel pela pr\u00e1tica dos crimes de furto de malotes de caminh\u00f5es.<span style=\"font-family: var( --e-global-typography-primary-font-family ), Sans-serif; font-size: var( --e-global-typography-primary-font-size ); font-weight: var( --e-global-typography-primary-font-weight ); letter-spacing: var( --e-global-typography-primary-letter-spacing );\">&nbsp;<\/span><\/p><p>O homem foi preso em Florian\u00f3polis e conta com diversos registros de ocorr\u00eancia em seu desfavor. Ele \u00e9 suspeito de acompanhar a movimenta\u00e7\u00e3o de caminh\u00f5es respons\u00e1veis pelas entregas de mercadorias e, quando os motoristas se distanciavam dos ve\u00edculos, ele subtraia os malotes de dinheiro existentes no interior dos caminh\u00f5es.<span style=\"font-family: var( --e-global-typography-primary-font-family ), Sans-serif; font-size: var( --e-global-typography-primary-font-size ); font-weight: var( --e-global-typography-primary-font-weight ); letter-spacing: var( --e-global-typography-primary-letter-spacing );\">&nbsp;<\/span><\/p><p>O suspeito foi preso e encaminhado ao sistema prisional e permanece \u00e0 disposi\u00e7\u00e3o da Justi\u00e7a. O inqu\u00e9rito policial deve ser finalizado em breve.<\/p>\t\t\t\t\t\t\t\t<\/div>\n\t\t\t\t<\/div>\n\t\t\t\t\t<\/div>\n\t\t<\/div>\n\t\t\t\t\t<\/div>\n\t\t<\/section>\n\t\t\t\t<\/div>\n\t\t","protected":false},"excerpt":{"rendered":"<p>Pol\u00edcia Civil prende preventivamente homem suspeito por furtos de malotes No domingo (01), a Pol\u00edcia Civil de Santa Catarina, por meio da Delegacia de Repress\u00e3o a Roubos e Furtos de Chapec\u00f3, e com o apoio da Pol\u00edcia Militar de Florian\u00f3polis prendeu preventivamente um homem suspeito de ser respons\u00e1vel pela pr\u00e1tica dos crimes de furto de [&hellip;]<\/p>\n","protected":false},"author":5,"featured_media":2538,"comment_status":"closed","ping_status":"open","sticky":false,"template":"","format":"standard","meta":{"_monsterinsights_skip_tracking":false,"_monsterinsights_sitenote_active":false,"_monsterinsights_sitenote_note":"","_monsterinsights_sitenote_category":0,"footnotes":""},"categories":[1],"tags":[],"class_list":["post-3474","post","type-post","status-publish","format-standard","has-post-thumbnail","hentry","category-sem-categoria"],"_links":{"self":[{"href":"https:\/\/pc.sc.gov.br\/index.php?rest_route=\/wp\/v2\/posts\/3474","targetHints":{"allow":["GET"]}}],"collection":[{"href":"https:\/\/pc.sc.gov.br\/index.php?rest_route=\/wp\/v2\/posts"}],"about":[{"href":"https:\/\/pc.sc.gov.br\/index.php?rest_route=\/wp\/v2\/types\/post"}],"author":[{"embeddable":true,"href":"https:\/\/pc.sc.gov.br\/index.php?rest_route=\/wp\/v2\/users\/5"}],"replies":[{"embeddable":true,"href":"https:\/\/pc.sc.gov.br\/index.php?rest_route=%2Fwp%2Fv2%2Fcomments&post=3474"}],"version-history":[{"count":4,"href":"https:\/\/pc.sc.gov.br\/index.php?rest_route=\/wp\/v2\/posts\/3474\/revisions"}],"predecessor-version":[{"id":3478,"href":"https:\/\/pc.sc.gov.br\/index.php?rest_route=\/wp\/v2\/posts\/3474\/revisions\/3478"}],"wp:featuredmedia":[{"embeddable":true,"href":"https:\/\/pc.sc.gov.br\/index.php?rest_route=\/wp\/v2\/media\/2538"}],"wp:attachment":[{"href":"https:\/\/pc.sc.gov.br\/index.php?rest_route=%2Fwp%2Fv2%2Fmedia&parent=3474"}],"wp:term":[{"taxonomy":"category","embeddable":true,"href":"https:\/\/pc.sc.gov.br\/index.php?rest_route=%2Fwp%2Fv2%2Fcategories&post=3474"},{"taxonomy":"post_tag","embeddable":true,"href":"https:\/\/pc.sc.gov.br\/index.php?rest_route=%2Fwp%2Fv2%2Ftags&post=3474"}],"curies":[{"name":"wp","href":"https:\/\/api.w.org\/{rel}","templated":true}]}}