{"id":3479,"date":"2023-01-03T13:17:51","date_gmt":"2023-01-03T16:17:51","guid":{"rendered":"https:\/\/pc.sc.gov.br\/?p=3479"},"modified":"2023-01-03T13:20:12","modified_gmt":"2023-01-03T16:20:12","slug":"policia-civil-prende-homem-em-flagrante-por-armazenamento-de-conteudo-de-abuso-sexual-infantil","status":"publish","type":"post","link":"https:\/\/pc.sc.gov.br\/?p=3479","title":{"rendered":"Pol\u00edcia Civil prende homem em flagrante por armazenamento de conte\u00fado de abuso sexual infantil"},"content":{"rendered":"\t\t<div data-elementor-type=\"wp-post\" data-elementor-id=\"3479\" class=\"elementor elementor-3479\" data-elementor-post-type=\"post\">\n\t\t\t\t\t\t<section class=\"elementor-section elementor-top-section elementor-element elementor-element-a54f3c9 elementor-section-boxed elementor-section-height-default elementor-section-height-default\" data-id=\"a54f3c9\" data-element_type=\"section\">\n\t\t\t\t\t\t<div class=\"elementor-container elementor-column-gap-default\">\n\t\t\t\t\t<div class=\"elementor-column elementor-col-100 elementor-top-column elementor-element elementor-element-f590e2b\" data-id=\"f590e2b\" data-element_type=\"column\">\n\t\t\t<div class=\"elementor-widget-wrap elementor-element-populated\">\n\t\t\t\t\t\t<div class=\"elementor-element elementor-element-7180092 elementor-widget elementor-widget-heading\" data-id=\"7180092\" data-element_type=\"widget\" data-widget_type=\"heading.default\">\n\t\t\t\t<div class=\"elementor-widget-container\">\n\t\t\t\t\t<h2 class=\"elementor-heading-title elementor-size-default\">Pol\u00edcia Civil prende homem em flagrante por armazenamento de conte\u00fado de abuso sexual infantil\n<\/h2>\t\t\t\t<\/div>\n\t\t\t\t<\/div>\n\t\t\t\t\t<\/div>\n\t\t<\/div>\n\t\t\t\t\t<\/div>\n\t\t<\/section>\n\t\t\t\t<section class=\"elementor-section elementor-top-section elementor-element elementor-element-694764d elementor-section-boxed elementor-section-height-default elementor-section-height-default\" data-id=\"694764d\" data-element_type=\"section\">\n\t\t\t\t\t\t<div class=\"elementor-container elementor-column-gap-default\">\n\t\t\t\t\t<div class=\"elementor-column elementor-col-100 elementor-top-column elementor-element elementor-element-a713817\" data-id=\"a713817\" data-element_type=\"column\">\n\t\t\t<div class=\"elementor-widget-wrap elementor-element-populated\">\n\t\t\t\t\t\t<div class=\"elementor-element elementor-element-f1d09a2 elementor-widget elementor-widget-image\" data-id=\"f1d09a2\" data-element_type=\"widget\" data-widget_type=\"image.default\">\n\t\t\t\t<div class=\"elementor-widget-container\">\n\t\t\t\t\t\t\t\t\t\t\t\t\t\t\t<img fetchpriority=\"high\" decoding=\"async\" width=\"696\" height=\"402\" src=\"https:\/\/pc.sc.gov.br\/\/wp-content\/uploads\/2023\/01\/pc_hnsadfndsgndfginfdgijfdnjkh-1024x591.jpg\" class=\"attachment-large size-large wp-image-3480\" alt=\"\" srcset=\"https:\/\/pc.sc.gov.br\/\/wp-content\/uploads\/2023\/01\/pc_hnsadfndsgndfginfdgijfdnjkh-1024x591.jpg 1024w, https:\/\/pc.sc.gov.br\/\/wp-content\/uploads\/2023\/01\/pc_hnsadfndsgndfginfdgijfdnjkh-300x173.jpg 300w, https:\/\/pc.sc.gov.br\/\/wp-content\/uploads\/2023\/01\/pc_hnsadfndsgndfginfdgijfdnjkh-768x443.jpg 768w, https:\/\/pc.sc.gov.br\/\/wp-content\/uploads\/2023\/01\/pc_hnsadfndsgndfginfdgijfdnjkh.jpg 1474w\" sizes=\"(max-width: 696px) 100vw, 696px\" \/>\t\t\t\t\t\t\t\t\t\t\t\t\t\t\t<\/div>\n\t\t\t\t<\/div>\n\t\t\t\t<div class=\"elementor-element elementor-element-77fd094 elementor-widget elementor-widget-text-editor\" data-id=\"77fd094\" data-element_type=\"widget\" data-widget_type=\"text-editor.default\">\n\t\t\t\t<div class=\"elementor-widget-container\">\n\t\t\t\t\t\t\t\t\t<p>Nesta ter\u00e7a-feira (3), a Pol\u00edcia Civil de Santa Catarina, por meio da Delegacia de Repress\u00e3o aos Crimes de Inform\u00e1tica da Diretoria Estadual de Investiga\u00e7\u00f5es Criminais (DEIC), deflagrou a opera\u00e7\u00e3o \u201cAnjos da Guarda\u201d para identificar o respons\u00e1vel por armazenar fotos e v\u00eddeos de conte\u00fado relacionado \u00e0 explora\u00e7\u00e3o e ao abuso sexual infantojuvenil. A a\u00e7\u00e3o contou com o apoio da Delegacia de Repress\u00e3o ao Racismo e Delitos de Intoler\u00e2ncia e do Laborat\u00f3rio de Tecnol\u00f3gica Cibern\u00e9tica, ambos da DEIC.<\/p>\n<p>Foi cumprido um mandado de busca e apreens\u00e3o em Guaruj\u00e1 do Sul e, durante as buscas, constatou-se que o investigado armazenava o conte\u00fado il\u00edcito. O suspeito foi preso em flagrante, autuado pelo crime de armazenamento de conte\u00fado de abuso sexual infantil previsto no artigo 241-B do Estatuto da Crian\u00e7a e do Adolescente.<\/p><p>Al\u00e9m disso, diversos equipamentos eletr\u00f4nicos foram apreendidos e ser\u00e3o encaminhados \u00e0 Pol\u00edcia Cient\u00edfica para realiza\u00e7\u00e3o de per\u00edcia. O caso \u00e9 fruto de investiga\u00e7\u00e3o iniciada atrav\u00e9s de den\u00fancia recebida em parceria com o Homeland Security (EUA), a Pol\u00edcia Federal e a Pol\u00edcia Civil.<\/p>\t\t\t\t\t\t\t\t<\/div>\n\t\t\t\t<\/div>\n\t\t\t\t\t<\/div>\n\t\t<\/div>\n\t\t\t\t\t<\/div>\n\t\t<\/section>\n\t\t\t\t<\/div>\n\t\t","protected":false},"excerpt":{"rendered":"<p>Pol\u00edcia Civil prende homem em flagrante por armazenamento de conte\u00fado de abuso sexual infantil Nesta ter\u00e7a-feira (3), a Pol\u00edcia Civil de Santa Catarina, por meio da Delegacia de Repress\u00e3o aos Crimes de Inform\u00e1tica da Diretoria Estadual de Investiga\u00e7\u00f5es Criminais (DEIC), deflagrou a opera\u00e7\u00e3o \u201cAnjos da Guarda\u201d para identificar o respons\u00e1vel por armazenar fotos e v\u00eddeos [&hellip;]<\/p>\n","protected":false},"author":5,"featured_media":3480,"comment_status":"closed","ping_status":"open","sticky":false,"template":"","format":"standard","meta":{"_monsterinsights_skip_tracking":false,"_monsterinsights_sitenote_active":false,"_monsterinsights_sitenote_note":"","_monsterinsights_sitenote_category":0,"footnotes":""},"categories":[1],"tags":[],"class_list":["post-3479","post","type-post","status-publish","format-standard","has-post-thumbnail","hentry","category-sem-categoria"],"_links":{"self":[{"href":"https:\/\/pc.sc.gov.br\/index.php?rest_route=\/wp\/v2\/posts\/3479","targetHints":{"allow":["GET"]}}],"collection":[{"href":"https:\/\/pc.sc.gov.br\/index.php?rest_route=\/wp\/v2\/posts"}],"about":[{"href":"https:\/\/pc.sc.gov.br\/index.php?rest_route=\/wp\/v2\/types\/post"}],"author":[{"embeddable":true,"href":"https:\/\/pc.sc.gov.br\/index.php?rest_route=\/wp\/v2\/users\/5"}],"replies":[{"embeddable":true,"href":"https:\/\/pc.sc.gov.br\/index.php?rest_route=%2Fwp%2Fv2%2Fcomments&post=3479"}],"version-history":[{"count":4,"href":"https:\/\/pc.sc.gov.br\/index.php?rest_route=\/wp\/v2\/posts\/3479\/revisions"}],"predecessor-version":[{"id":3484,"href":"https:\/\/pc.sc.gov.br\/index.php?rest_route=\/wp\/v2\/posts\/3479\/revisions\/3484"}],"wp:featuredmedia":[{"embeddable":true,"href":"https:\/\/pc.sc.gov.br\/index.php?rest_route=\/wp\/v2\/media\/3480"}],"wp:attachment":[{"href":"https:\/\/pc.sc.gov.br\/index.php?rest_route=%2Fwp%2Fv2%2Fmedia&parent=3479"}],"wp:term":[{"taxonomy":"category","embeddable":true,"href":"https:\/\/pc.sc.gov.br\/index.php?rest_route=%2Fwp%2Fv2%2Fcategories&post=3479"},{"taxonomy":"post_tag","embeddable":true,"href":"https:\/\/pc.sc.gov.br\/index.php?rest_route=%2Fwp%2Fv2%2Ftags&post=3479"}],"curies":[{"name":"wp","href":"https:\/\/api.w.org\/{rel}","templated":true}]}}