{"id":3485,"date":"2023-01-03T14:50:07","date_gmt":"2023-01-03T17:50:07","guid":{"rendered":"https:\/\/pc.sc.gov.br\/?p=3485"},"modified":"2023-01-03T14:52:47","modified_gmt":"2023-01-03T17:52:47","slug":"policia-civil-prende-em-flagrante-homem-suspeito-por-feminicidio-em-sao-bento-do-sul","status":"publish","type":"post","link":"https:\/\/pc.sc.gov.br\/?p=3485","title":{"rendered":"Pol\u00edcia Civil prende em flagrante homem suspeito por feminic\u00eddio em S\u00e3o Bento do Sul"},"content":{"rendered":"\t\t<div data-elementor-type=\"wp-post\" data-elementor-id=\"3485\" class=\"elementor elementor-3485\" data-elementor-post-type=\"post\">\n\t\t\t\t\t\t<section class=\"elementor-section elementor-top-section elementor-element elementor-element-c73fca2 elementor-section-boxed elementor-section-height-default elementor-section-height-default\" data-id=\"c73fca2\" data-element_type=\"section\">\n\t\t\t\t\t\t<div class=\"elementor-container elementor-column-gap-default\">\n\t\t\t\t\t<div class=\"elementor-column elementor-col-100 elementor-top-column elementor-element elementor-element-50779c4\" data-id=\"50779c4\" data-element_type=\"column\">\n\t\t\t<div class=\"elementor-widget-wrap elementor-element-populated\">\n\t\t\t\t\t\t<div class=\"elementor-element elementor-element-0f66e9a elementor-widget elementor-widget-heading\" data-id=\"0f66e9a\" data-element_type=\"widget\" data-widget_type=\"heading.default\">\n\t\t\t\t<div class=\"elementor-widget-container\">\n\t\t\t\t\t<h2 class=\"elementor-heading-title elementor-size-default\">Pol\u00edcia Civil prende em flagrante homem suspeito por feminic\u00eddio em S\u00e3o Bento do Sul <\/h2>\t\t\t\t<\/div>\n\t\t\t\t<\/div>\n\t\t\t\t<div class=\"elementor-element elementor-element-9ca96b2 elementor-widget elementor-widget-image\" data-id=\"9ca96b2\" data-element_type=\"widget\" data-widget_type=\"image.default\">\n\t\t\t\t<div class=\"elementor-widget-container\">\n\t\t\t\t\t\t\t\t\t\t\t\t\t\t\t<img fetchpriority=\"high\" decoding=\"async\" width=\"696\" height=\"522\" src=\"https:\/\/pc.sc.gov.br\/\/wp-content\/uploads\/2022\/11\/002-1024x768.jpeg\" class=\"attachment-large size-large wp-image-1266\" alt=\"banner da policia civil\" srcset=\"https:\/\/pc.sc.gov.br\/\/wp-content\/uploads\/2022\/11\/002-1024x768.jpeg 1024w, https:\/\/pc.sc.gov.br\/\/wp-content\/uploads\/2022\/11\/002-300x225.jpeg 300w, https:\/\/pc.sc.gov.br\/\/wp-content\/uploads\/2022\/11\/002-768x576.jpeg 768w, https:\/\/pc.sc.gov.br\/\/wp-content\/uploads\/2022\/11\/002.jpeg 1280w\" sizes=\"(max-width: 696px) 100vw, 696px\" \/>\t\t\t\t\t\t\t\t\t\t\t\t\t\t\t<\/div>\n\t\t\t\t<\/div>\n\t\t\t\t<div class=\"elementor-element elementor-element-56b0683 elementor-widget elementor-widget-text-editor\" data-id=\"56b0683\" data-element_type=\"widget\" data-widget_type=\"text-editor.default\">\n\t\t\t\t<div class=\"elementor-widget-container\">\n\t\t\t\t\t\t\t\t\t<p>Na segunda-feira (2), a Pol\u00edcia Civil de Santa Catarina, por meio da Delegacia de Prote\u00e7\u00e3o \u00e0 Crian\u00e7a, Adolescente, Mulher e Idoso de S\u00e3o Bento do Sul, prendeu em flagrante um homem suspeito de matar a facadas a ex-companheira. O crime ocorreu na segunda-feira (2), em S\u00e3o Bento do Sul, por volta das 8 horas.<\/p><p>O casal mantinha um relacionamento de 18 anos e tinham dois filhos. O homem j\u00e1 tinha hist\u00f3rico de viol\u00eancia contra a companheira e j\u00e1 havia sido preso em flagrante por les\u00e3o corporal.<\/p><p>Segundo a investiga\u00e7\u00e3o preliminar, logo pela manh\u00e3 o suspeito abordou a ex-companheira tentando reatar o relacionamento. Em seguida, motivado por ci\u00fames, ele exigiu vasculhar o celular da mulher, iniciando uma discuss\u00e3o. Foi neste momento que o suspeito desferiu dois golpes com uma arma branca na v\u00edtima, que causaram sua morte.<\/p><p>Ap\u00f3s o crime, o suspeito fugiu em um ve\u00edculo que acabou colidindo de frente com uma carreta na SC-418, sentido Campo Alegre, e evadiu-se do local em seguida.<\/p><p>De posse de informa\u00e7\u00f5es de que o homem possu\u00eda familiares em Bateias de Baixo, os policiais iniciaram as buscas na regi\u00e3o e, ap\u00f3s monitoramento, conseguiram localizar e identificar o suspeito.<\/p><p>O homem foi conduzido para a Delegacia, onde permanece preso, aguardando a decis\u00e3o da Justi\u00e7a.<\/p>\t\t\t\t\t\t\t\t<\/div>\n\t\t\t\t<\/div>\n\t\t\t\t<div class=\"elementor-element elementor-element-02f6224 elementor-widget elementor-widget-image\" data-id=\"02f6224\" data-element_type=\"widget\" data-widget_type=\"image.default\">\n\t\t\t\t<div class=\"elementor-widget-container\">\n\t\t\t\t\t\t\t\t\t\t\t\t\t\t\t<img decoding=\"async\" width=\"576\" height=\"1024\" src=\"https:\/\/pc.sc.gov.br\/\/wp-content\/uploads\/2023\/01\/PC_ASDNASDFNSAJFNDSJGNFDJKGHWWAs-576x1024.png\" class=\"attachment-large size-large wp-image-3486\" alt=\"\" srcset=\"https:\/\/pc.sc.gov.br\/\/wp-content\/uploads\/2023\/01\/PC_ASDNASDFNSAJFNDSJGNFDJKGHWWAs-576x1024.png 576w, https:\/\/pc.sc.gov.br\/\/wp-content\/uploads\/2023\/01\/PC_ASDNASDFNSAJFNDSJGNFDJKGHWWAs-169x300.png 169w, https:\/\/pc.sc.gov.br\/\/wp-content\/uploads\/2023\/01\/PC_ASDNASDFNSAJFNDSJGNFDJKGHWWAs-768x1366.png 768w, https:\/\/pc.sc.gov.br\/\/wp-content\/uploads\/2023\/01\/PC_ASDNASDFNSAJFNDSJGNFDJKGHWWAs-864x1536.png 864w, https:\/\/pc.sc.gov.br\/\/wp-content\/uploads\/2023\/01\/PC_ASDNASDFNSAJFNDSJGNFDJKGHWWAs.png 899w\" sizes=\"(max-width: 576px) 100vw, 576px\" \/>\t\t\t\t\t\t\t\t\t\t\t\t\t\t\t<\/div>\n\t\t\t\t<\/div>\n\t\t\t\t\t<\/div>\n\t\t<\/div>\n\t\t\t\t\t<\/div>\n\t\t<\/section>\n\t\t\t\t<\/div>\n\t\t","protected":false},"excerpt":{"rendered":"<p>Pol\u00edcia Civil prende em flagrante homem suspeito por feminic\u00eddio em S\u00e3o Bento do Sul Na segunda-feira (2), a Pol\u00edcia Civil de Santa Catarina, por meio da Delegacia de Prote\u00e7\u00e3o \u00e0 Crian\u00e7a, Adolescente, Mulher e Idoso de S\u00e3o Bento do Sul, prendeu em flagrante um homem suspeito de matar a facadas a ex-companheira. O crime ocorreu [&hellip;]<\/p>\n","protected":false},"author":5,"featured_media":1266,"comment_status":"closed","ping_status":"open","sticky":false,"template":"","format":"standard","meta":{"_monsterinsights_skip_tracking":false,"_monsterinsights_sitenote_active":false,"_monsterinsights_sitenote_note":"","_monsterinsights_sitenote_category":0,"footnotes":""},"categories":[1],"tags":[],"class_list":["post-3485","post","type-post","status-publish","format-standard","has-post-thumbnail","hentry","category-sem-categoria"],"_links":{"self":[{"href":"https:\/\/pc.sc.gov.br\/index.php?rest_route=\/wp\/v2\/posts\/3485","targetHints":{"allow":["GET"]}}],"collection":[{"href":"https:\/\/pc.sc.gov.br\/index.php?rest_route=\/wp\/v2\/posts"}],"about":[{"href":"https:\/\/pc.sc.gov.br\/index.php?rest_route=\/wp\/v2\/types\/post"}],"author":[{"embeddable":true,"href":"https:\/\/pc.sc.gov.br\/index.php?rest_route=\/wp\/v2\/users\/5"}],"replies":[{"embeddable":true,"href":"https:\/\/pc.sc.gov.br\/index.php?rest_route=%2Fwp%2Fv2%2Fcomments&post=3485"}],"version-history":[{"count":4,"href":"https:\/\/pc.sc.gov.br\/index.php?rest_route=\/wp\/v2\/posts\/3485\/revisions"}],"predecessor-version":[{"id":3491,"href":"https:\/\/pc.sc.gov.br\/index.php?rest_route=\/wp\/v2\/posts\/3485\/revisions\/3491"}],"wp:featuredmedia":[{"embeddable":true,"href":"https:\/\/pc.sc.gov.br\/index.php?rest_route=\/wp\/v2\/media\/1266"}],"wp:attachment":[{"href":"https:\/\/pc.sc.gov.br\/index.php?rest_route=%2Fwp%2Fv2%2Fmedia&parent=3485"}],"wp:term":[{"taxonomy":"category","embeddable":true,"href":"https:\/\/pc.sc.gov.br\/index.php?rest_route=%2Fwp%2Fv2%2Fcategories&post=3485"},{"taxonomy":"post_tag","embeddable":true,"href":"https:\/\/pc.sc.gov.br\/index.php?rest_route=%2Fwp%2Fv2%2Ftags&post=3485"}],"curies":[{"name":"wp","href":"https:\/\/api.w.org\/{rel}","templated":true}]}}