{"id":34941,"date":"2025-12-04T16:16:19","date_gmt":"2025-12-04T19:16:19","guid":{"rendered":"https:\/\/pc.sc.gov.br\/?p=34941"},"modified":"2025-12-04T16:20:54","modified_gmt":"2025-12-04T19:20:54","slug":"policia-civil-prende-suspeito-envolvido-em-troca-de-tiros-com-delegado-geral-em-florianopolis","status":"publish","type":"post","link":"https:\/\/pc.sc.gov.br\/?p=34941","title":{"rendered":"Pol\u00edcia Civil prende suspeito envolvido em troca de tiros com Delegado-Geral em Florian\u00f3polis"},"content":{"rendered":"\t\t<div data-elementor-type=\"wp-post\" data-elementor-id=\"34941\" class=\"elementor elementor-34941\" data-elementor-post-type=\"post\">\n\t\t\t\t\t\t<section class=\"elementor-section elementor-top-section elementor-element elementor-element-991353b elementor-section-boxed elementor-section-height-default elementor-section-height-default\" data-id=\"991353b\" data-element_type=\"section\">\n\t\t\t\t\t\t<div class=\"elementor-container elementor-column-gap-default\">\n\t\t\t\t\t<div class=\"elementor-column elementor-col-100 elementor-top-column elementor-element elementor-element-a06b592\" data-id=\"a06b592\" data-element_type=\"column\">\n\t\t\t<div class=\"elementor-widget-wrap elementor-element-populated\">\n\t\t\t\t\t\t<div class=\"elementor-element elementor-element-fbfc89c elementor-widget elementor-widget-heading\" data-id=\"fbfc89c\" data-element_type=\"widget\" data-widget_type=\"heading.default\">\n\t\t\t\t<div class=\"elementor-widget-container\">\n\t\t\t\t\t<h2 class=\"elementor-heading-title elementor-size-default\">Pol\u00edcia Civil prende suspeito envolvido em troca de tiros com Delegado-Geral em Florian\u00f3polis <\/h2>\t\t\t\t<\/div>\n\t\t\t\t<\/div>\n\t\t\t\t\t<\/div>\n\t\t<\/div>\n\t\t\t\t\t<\/div>\n\t\t<\/section>\n\t\t\t\t<section class=\"elementor-section elementor-top-section elementor-element elementor-element-5c6c69a elementor-section-boxed elementor-section-height-default elementor-section-height-default\" data-id=\"5c6c69a\" data-element_type=\"section\">\n\t\t\t\t\t\t<div class=\"elementor-container elementor-column-gap-default\">\n\t\t\t\t\t<div class=\"elementor-column elementor-col-100 elementor-top-column elementor-element elementor-element-33946a3\" data-id=\"33946a3\" data-element_type=\"column\">\n\t\t\t<div class=\"elementor-widget-wrap elementor-element-populated\">\n\t\t\t\t\t\t<div class=\"elementor-element elementor-element-aa4a9af elementor-widget elementor-widget-image\" data-id=\"aa4a9af\" data-element_type=\"widget\" data-widget_type=\"image.default\">\n\t\t\t\t<div class=\"elementor-widget-container\">\n\t\t\t\t\t\t\t\t\t\t\t\t\t\t\t<img fetchpriority=\"high\" decoding=\"async\" width=\"637\" height=\"1024\" src=\"https:\/\/pc.sc.gov.br\/\/wp-content\/uploads\/2025\/12\/WhatsApp-Image-2025-12-04-at-16.13.31-1-637x1024.jpeg\" class=\"attachment-large size-large wp-image-34944\" alt=\"\" srcset=\"https:\/\/pc.sc.gov.br\/\/wp-content\/uploads\/2025\/12\/WhatsApp-Image-2025-12-04-at-16.13.31-1-637x1024.jpeg 637w, https:\/\/pc.sc.gov.br\/\/wp-content\/uploads\/2025\/12\/WhatsApp-Image-2025-12-04-at-16.13.31-1-187x300.jpeg 187w, https:\/\/pc.sc.gov.br\/\/wp-content\/uploads\/2025\/12\/WhatsApp-Image-2025-12-04-at-16.13.31-1.jpeg 720w\" sizes=\"(max-width: 637px) 100vw, 637px\" \/>\t\t\t\t\t\t\t\t\t\t\t\t\t\t\t<\/div>\n\t\t\t\t<\/div>\n\t\t\t\t\t<\/div>\n\t\t<\/div>\n\t\t\t\t\t<\/div>\n\t\t<\/section>\n\t\t\t\t<section class=\"elementor-section elementor-top-section elementor-element elementor-element-ef73ed3 elementor-section-boxed elementor-section-height-default elementor-section-height-default\" data-id=\"ef73ed3\" data-element_type=\"section\">\n\t\t\t\t\t\t<div class=\"elementor-container elementor-column-gap-default\">\n\t\t\t\t\t<div class=\"elementor-column elementor-col-100 elementor-top-column elementor-element elementor-element-785e64f\" data-id=\"785e64f\" data-element_type=\"column\">\n\t\t\t<div class=\"elementor-widget-wrap elementor-element-populated\">\n\t\t\t\t\t\t<div class=\"elementor-element elementor-element-6593d30 elementor-widget elementor-widget-post-info\" data-id=\"6593d30\" data-element_type=\"widget\" data-widget_type=\"post-info.default\">\n\t\t\t\t<div class=\"elementor-widget-container\">\n\t\t\t\t\t\t\t<ul class=\"elementor-inline-items elementor-icon-list-items elementor-post-info\">\n\t\t\t\t\t\t\t\t<li class=\"elementor-icon-list-item elementor-repeater-item-508ad29 elementor-inline-item\" itemprop=\"author\">\n\t\t\t\t\t\t<a href=\"https:\/\/pc.sc.gov.br\/?author=5\">\n\t\t\t\t\t\t\t\t\t\t\t<span class=\"elementor-icon-list-icon\">\n\t\t\t\t\t\t\t\t<i aria-hidden=\"true\" class=\"far fa-user-circle\"><\/i>\t\t\t\t\t\t\t<\/span>\n\t\t\t\t\t\t\t\t\t<span class=\"elementor-icon-list-text elementor-post-info__item elementor-post-info__item--type-author\">\n\t\t\t\t\t\t\t\t\t\tStefany de Souza Alves\t\t\t\t\t<\/span>\n\t\t\t\t\t\t\t\t\t<\/a>\n\t\t\t\t<\/li>\n\t\t\t\t<li class=\"elementor-icon-list-item elementor-repeater-item-7c49789 elementor-inline-item\" itemprop=\"datePublished\">\n\t\t\t\t\t\t<a href=\"https:\/\/pc.sc.gov.br\/?m=20251204\">\n\t\t\t\t\t\t\t\t\t\t\t<span class=\"elementor-icon-list-icon\">\n\t\t\t\t\t\t\t\t<i aria-hidden=\"true\" class=\"fas fa-calendar\"><\/i>\t\t\t\t\t\t\t<\/span>\n\t\t\t\t\t\t\t\t\t<span class=\"elementor-icon-list-text elementor-post-info__item elementor-post-info__item--type-date\">\n\t\t\t\t\t\t\t\t\t\t<time>dezembro 4, 2025<\/time>\t\t\t\t\t<\/span>\n\t\t\t\t\t\t\t\t\t<\/a>\n\t\t\t\t<\/li>\n\t\t\t\t<li class=\"elementor-icon-list-item elementor-repeater-item-2f2db80 elementor-inline-item\">\n\t\t\t\t\t\t\t\t\t\t<span class=\"elementor-icon-list-icon\">\n\t\t\t\t\t\t\t\t<i aria-hidden=\"true\" class=\"far fa-clock\"><\/i>\t\t\t\t\t\t\t<\/span>\n\t\t\t\t\t\t\t\t\t<span class=\"elementor-icon-list-text elementor-post-info__item elementor-post-info__item--type-time\">\n\t\t\t\t\t\t\t\t\t\t<time>4:16 pm<\/time>\t\t\t\t\t<\/span>\n\t\t\t\t\t\t\t\t<\/li>\n\t\t\t\t<\/ul>\n\t\t\t\t\t\t<\/div>\n\t\t\t\t<\/div>\n\t\t\t\t<div class=\"elementor-element elementor-element-f1897a3 elementor-widget elementor-widget-text-editor\" data-id=\"f1897a3\" data-element_type=\"widget\" data-widget_type=\"text-editor.default\">\n\t\t\t\t<div class=\"elementor-widget-container\">\n\t\t\t\t\t\t\t\t\t<p>A Pol\u00edcia Civil de Santa Catarina, por meio da 5\u00aa Delegacia de Pol\u00edcia da Capital, deu cumprimento, nesta quinta-feira (04\/12), a um mandado de pris\u00e3o preventiva expedido contra um dos suspeitos de envolvimento na troca de tiros com o Delegado Geral da Pol\u00edcia Civil de Santa Catarina, Ulisses Gabriel, no m\u00eas de maio deste ano.<\/p><p>Na oportunidade, dois homens tentaram abordar a viatura descaracterizada onde estavam o delegado geral e sua equipe, o que gerou a rea\u00e7\u00e3o policial.<\/p><p>A investiga\u00e7\u00e3o ficou a cargo da Delegacia de Repress\u00e3o a Roubos (DRR) da capital, sob a presid\u00eancia do delegado Dr. Guilherme Mariath, o qual junto de sua equipe apurou os fatos. Diante do conte\u00fado probat\u00f3rio reunido, foi representado pela pris\u00e3o preventiva dos acusados.<\/p><p>Na tarde de hoje, policiais do 5\u00ba DP acertaram com o advogado do suspeito a sua rendi\u00e7\u00e3o, culminando no cumprimento do mandado de pris\u00e3o.<\/p><p>Ap\u00f3s os procedimentos legais, o suspeito foi encaminhado ao pres\u00eddio da capital.<\/p>\t\t\t\t\t\t\t\t<\/div>\n\t\t\t\t<\/div>\n\t\t\t\t\t<\/div>\n\t\t<\/div>\n\t\t\t\t\t<\/div>\n\t\t<\/section>\n\t\t\t\t<\/div>\n\t\t","protected":false},"excerpt":{"rendered":"<p>Pol\u00edcia Civil prende suspeito envolvido em troca de tiros com Delegado-Geral em Florian\u00f3polis A Pol\u00edcia Civil de Santa Catarina, por meio da 5\u00aa Delegacia de Pol\u00edcia da Capital, deu cumprimento, nesta quinta-feira (04\/12), a um mandado de pris\u00e3o preventiva expedido contra um dos suspeitos de envolvimento na troca de tiros com o Delegado Geral da [&hellip;]<\/p>\n","protected":false},"author":5,"featured_media":34944,"comment_status":"closed","ping_status":"open","sticky":false,"template":"","format":"standard","meta":{"_monsterinsights_skip_tracking":false,"_monsterinsights_sitenote_active":false,"_monsterinsights_sitenote_note":"","_monsterinsights_sitenote_category":0,"footnotes":""},"categories":[1],"tags":[],"class_list":["post-34941","post","type-post","status-publish","format-standard","has-post-thumbnail","hentry","category-sem-categoria"],"_links":{"self":[{"href":"https:\/\/pc.sc.gov.br\/index.php?rest_route=\/wp\/v2\/posts\/34941","targetHints":{"allow":["GET"]}}],"collection":[{"href":"https:\/\/pc.sc.gov.br\/index.php?rest_route=\/wp\/v2\/posts"}],"about":[{"href":"https:\/\/pc.sc.gov.br\/index.php?rest_route=\/wp\/v2\/types\/post"}],"author":[{"embeddable":true,"href":"https:\/\/pc.sc.gov.br\/index.php?rest_route=\/wp\/v2\/users\/5"}],"replies":[{"embeddable":true,"href":"https:\/\/pc.sc.gov.br\/index.php?rest_route=%2Fwp%2Fv2%2Fcomments&post=34941"}],"version-history":[{"count":7,"href":"https:\/\/pc.sc.gov.br\/index.php?rest_route=\/wp\/v2\/posts\/34941\/revisions"}],"predecessor-version":[{"id":34950,"href":"https:\/\/pc.sc.gov.br\/index.php?rest_route=\/wp\/v2\/posts\/34941\/revisions\/34950"}],"wp:featuredmedia":[{"embeddable":true,"href":"https:\/\/pc.sc.gov.br\/index.php?rest_route=\/wp\/v2\/media\/34944"}],"wp:attachment":[{"href":"https:\/\/pc.sc.gov.br\/index.php?rest_route=%2Fwp%2Fv2%2Fmedia&parent=34941"}],"wp:term":[{"taxonomy":"category","embeddable":true,"href":"https:\/\/pc.sc.gov.br\/index.php?rest_route=%2Fwp%2Fv2%2Fcategories&post=34941"},{"taxonomy":"post_tag","embeddable":true,"href":"https:\/\/pc.sc.gov.br\/index.php?rest_route=%2Fwp%2Fv2%2Ftags&post=34941"}],"curies":[{"name":"wp","href":"https:\/\/api.w.org\/{rel}","templated":true}]}}