{"id":34951,"date":"2025-12-04T16:49:29","date_gmt":"2025-12-04T19:49:29","guid":{"rendered":"https:\/\/pc.sc.gov.br\/?p=34951"},"modified":"2025-12-04T16:51:27","modified_gmt":"2025-12-04T19:51:27","slug":"policia-civil-participa-de-operacao-the-rock-e-prende-homem-que-se-passava-por-famoso-para-aplicar-estelionatos-virtuais","status":"publish","type":"post","link":"https:\/\/pc.sc.gov.br\/?p=34951","title":{"rendered":"Pol\u00edcia Civil participa de opera\u00e7\u00e3o \u201cThe Rock\u201d e prende homem que se passava por famoso para aplicar estelionatos virtuais"},"content":{"rendered":"\t\t<div data-elementor-type=\"wp-post\" data-elementor-id=\"34951\" class=\"elementor elementor-34951\" data-elementor-post-type=\"post\">\n\t\t\t\t\t\t<section class=\"elementor-section elementor-top-section elementor-element elementor-element-0364bd1 elementor-section-boxed elementor-section-height-default elementor-section-height-default\" data-id=\"0364bd1\" data-element_type=\"section\">\n\t\t\t\t\t\t<div class=\"elementor-container elementor-column-gap-default\">\n\t\t\t\t\t<div class=\"elementor-column elementor-col-100 elementor-top-column elementor-element elementor-element-9472ef8\" data-id=\"9472ef8\" data-element_type=\"column\">\n\t\t\t<div class=\"elementor-widget-wrap elementor-element-populated\">\n\t\t\t\t\t\t<div class=\"elementor-element elementor-element-b838891 elementor-widget elementor-widget-heading\" data-id=\"b838891\" data-element_type=\"widget\" data-widget_type=\"heading.default\">\n\t\t\t\t<div class=\"elementor-widget-container\">\n\t\t\t\t\t<h2 class=\"elementor-heading-title elementor-size-default\">Pol\u00edcia Civil participa de opera\u00e7\u00e3o \u201cThe Rock\u201d e prende homem que se passava por famoso para aplicar estelionatos virtuais<\/h2>\t\t\t\t<\/div>\n\t\t\t\t<\/div>\n\t\t\t\t\t<\/div>\n\t\t<\/div>\n\t\t\t\t\t<\/div>\n\t\t<\/section>\n\t\t\t\t<section class=\"elementor-section elementor-top-section elementor-element elementor-element-6fec7a9 elementor-section-boxed elementor-section-height-default elementor-section-height-default\" data-id=\"6fec7a9\" data-element_type=\"section\">\n\t\t\t\t\t\t<div class=\"elementor-container elementor-column-gap-default\">\n\t\t\t\t\t<div class=\"elementor-column elementor-col-100 elementor-top-column elementor-element elementor-element-71db9b0\" data-id=\"71db9b0\" data-element_type=\"column\">\n\t\t\t<div class=\"elementor-widget-wrap elementor-element-populated\">\n\t\t\t\t\t\t<div class=\"elementor-element elementor-element-675f213 elementor-widget elementor-widget-gallery\" data-id=\"675f213\" data-element_type=\"widget\" data-settings=\"{&quot;columns&quot;:3,&quot;lazyload&quot;:&quot;yes&quot;,&quot;gallery_layout&quot;:&quot;grid&quot;,&quot;columns_tablet&quot;:2,&quot;columns_mobile&quot;:1,&quot;gap&quot;:{&quot;unit&quot;:&quot;px&quot;,&quot;size&quot;:10,&quot;sizes&quot;:[]},&quot;gap_tablet&quot;:{&quot;unit&quot;:&quot;px&quot;,&quot;size&quot;:10,&quot;sizes&quot;:[]},&quot;gap_mobile&quot;:{&quot;unit&quot;:&quot;px&quot;,&quot;size&quot;:10,&quot;sizes&quot;:[]},&quot;link_to&quot;:&quot;file&quot;,&quot;aspect_ratio&quot;:&quot;3:2&quot;,&quot;overlay_background&quot;:&quot;yes&quot;,&quot;content_hover_animation&quot;:&quot;fade-in&quot;}\" data-widget_type=\"gallery.default\">\n\t\t\t\t<div class=\"elementor-widget-container\">\n\t\t\t\t\t\t\t<div class=\"elementor-gallery__container\">\n\t\t\t\t\t\t\t<a class=\"e-gallery-item elementor-gallery-item elementor-animated-content\" href=\"https:\/\/pc.sc.gov.br\/\/wp-content\/uploads\/2025\/12\/WhatsApp-Image-2025-12-04-at-10.50.45-3.jpeg\" data-elementor-open-lightbox=\"yes\" data-elementor-lightbox-slideshow=\"675f213\" data-elementor-lightbox-title=\"WhatsApp Image 2025-12-04 at 10.50.45 (3)\" data-e-action-hash=\"#elementor-action%3Aaction%3Dlightbox%26settings%3DeyJpZCI6MzQ5NTMsInVybCI6Imh0dHBzOlwvXC9wYy5zYy5nb3YuYnJcL1wvd3AtY29udGVudFwvdXBsb2Fkc1wvMjAyNVwvMTJcL1doYXRzQXBwLUltYWdlLTIwMjUtMTItMDQtYXQtMTAuNTAuNDUtMy5qcGVnIiwic2xpZGVzaG93IjoiNjc1ZjIxMyJ9\">\n\t\t\t\t\t<div class=\"e-gallery-image elementor-gallery-item__image\" data-thumbnail=\"https:\/\/pc.sc.gov.br\/\/wp-content\/uploads\/2025\/12\/WhatsApp-Image-2025-12-04-at-10.50.45-3-300x275.jpeg\" data-width=\"300\" data-height=\"275\" aria-label=\"\" role=\"img\" ><\/div>\n\t\t\t\t\t\t\t\t\t\t\t<div class=\"elementor-gallery-item__overlay\"><\/div>\n\t\t\t\t\t\t\t\t\t\t\t\t\t\t<\/a>\n\t\t\t\t\t\t\t<a class=\"e-gallery-item elementor-gallery-item elementor-animated-content\" href=\"https:\/\/pc.sc.gov.br\/\/wp-content\/uploads\/2025\/12\/WhatsApp-Image-2025-12-04-at-10.50.45-4.jpeg\" data-elementor-open-lightbox=\"yes\" data-elementor-lightbox-slideshow=\"675f213\" data-elementor-lightbox-title=\"WhatsApp Image 2025-12-04 at 10.50.45 (4)\" data-e-action-hash=\"#elementor-action%3Aaction%3Dlightbox%26settings%3DeyJpZCI6MzQ5NTIsInVybCI6Imh0dHBzOlwvXC9wYy5zYy5nb3YuYnJcL1wvd3AtY29udGVudFwvdXBsb2Fkc1wvMjAyNVwvMTJcL1doYXRzQXBwLUltYWdlLTIwMjUtMTItMDQtYXQtMTAuNTAuNDUtNC5qcGVnIiwic2xpZGVzaG93IjoiNjc1ZjIxMyJ9\">\n\t\t\t\t\t<div class=\"e-gallery-image elementor-gallery-item__image\" data-thumbnail=\"https:\/\/pc.sc.gov.br\/\/wp-content\/uploads\/2025\/12\/WhatsApp-Image-2025-12-04-at-10.50.45-4-277x300.jpeg\" data-width=\"277\" data-height=\"300\" aria-label=\"\" role=\"img\" ><\/div>\n\t\t\t\t\t\t\t\t\t\t\t<div class=\"elementor-gallery-item__overlay\"><\/div>\n\t\t\t\t\t\t\t\t\t\t\t\t\t\t<\/a>\n\t\t\t\t\t\t\t<a class=\"e-gallery-item elementor-gallery-item elementor-animated-content\" href=\"https:\/\/pc.sc.gov.br\/\/wp-content\/uploads\/2025\/12\/WhatsApp-Image-2025-12-04-at-10.50.44.jpeg\" data-elementor-open-lightbox=\"yes\" data-elementor-lightbox-slideshow=\"675f213\" data-elementor-lightbox-title=\"WhatsApp Image 2025-12-04 at 10.50.44\" data-e-action-hash=\"#elementor-action%3Aaction%3Dlightbox%26settings%3DeyJpZCI6MzQ5NTQsInVybCI6Imh0dHBzOlwvXC9wYy5zYy5nb3YuYnJcL1wvd3AtY29udGVudFwvdXBsb2Fkc1wvMjAyNVwvMTJcL1doYXRzQXBwLUltYWdlLTIwMjUtMTItMDQtYXQtMTAuNTAuNDQuanBlZyIsInNsaWRlc2hvdyI6IjY3NWYyMTMifQ%3D%3D\">\n\t\t\t\t\t<div class=\"e-gallery-image elementor-gallery-item__image\" data-thumbnail=\"https:\/\/pc.sc.gov.br\/\/wp-content\/uploads\/2025\/12\/WhatsApp-Image-2025-12-04-at-10.50.44-300x99.jpeg\" data-width=\"300\" data-height=\"99\" aria-label=\"\" role=\"img\" ><\/div>\n\t\t\t\t\t\t\t\t\t\t\t<div class=\"elementor-gallery-item__overlay\"><\/div>\n\t\t\t\t\t\t\t\t\t\t\t\t\t\t<\/a>\n\t\t\t\t\t<\/div>\n\t\t\t\t\t<\/div>\n\t\t\t\t<\/div>\n\t\t\t\t<div class=\"elementor-element elementor-element-20c3eda elementor-widget elementor-widget-post-info\" data-id=\"20c3eda\" data-element_type=\"widget\" data-widget_type=\"post-info.default\">\n\t\t\t\t<div class=\"elementor-widget-container\">\n\t\t\t\t\t\t\t<ul class=\"elementor-inline-items elementor-icon-list-items elementor-post-info\">\n\t\t\t\t\t\t\t\t<li class=\"elementor-icon-list-item elementor-repeater-item-c6cbd46 elementor-inline-item\" itemprop=\"author\">\n\t\t\t\t\t\t<a href=\"https:\/\/pc.sc.gov.br\/?author=5\">\n\t\t\t\t\t\t\t\t\t\t\t<span class=\"elementor-icon-list-icon\">\n\t\t\t\t\t\t\t\t<i aria-hidden=\"true\" class=\"far fa-user-circle\"><\/i>\t\t\t\t\t\t\t<\/span>\n\t\t\t\t\t\t\t\t\t<span class=\"elementor-icon-list-text elementor-post-info__item elementor-post-info__item--type-author\">\n\t\t\t\t\t\t\t\t\t\tStefany de Souza Alves\t\t\t\t\t<\/span>\n\t\t\t\t\t\t\t\t\t<\/a>\n\t\t\t\t<\/li>\n\t\t\t\t<li class=\"elementor-icon-list-item elementor-repeater-item-1f9d33f elementor-inline-item\" itemprop=\"datePublished\">\n\t\t\t\t\t\t<a href=\"https:\/\/pc.sc.gov.br\/?m=20251204\">\n\t\t\t\t\t\t\t\t\t\t\t<span class=\"elementor-icon-list-icon\">\n\t\t\t\t\t\t\t\t<i aria-hidden=\"true\" class=\"fas fa-calendar\"><\/i>\t\t\t\t\t\t\t<\/span>\n\t\t\t\t\t\t\t\t\t<span class=\"elementor-icon-list-text elementor-post-info__item elementor-post-info__item--type-date\">\n\t\t\t\t\t\t\t\t\t\t<time>dezembro 4, 2025<\/time>\t\t\t\t\t<\/span>\n\t\t\t\t\t\t\t\t\t<\/a>\n\t\t\t\t<\/li>\n\t\t\t\t<li class=\"elementor-icon-list-item elementor-repeater-item-21acdbf elementor-inline-item\">\n\t\t\t\t\t\t\t\t\t\t<span class=\"elementor-icon-list-icon\">\n\t\t\t\t\t\t\t\t<i aria-hidden=\"true\" class=\"far fa-clock\"><\/i>\t\t\t\t\t\t\t<\/span>\n\t\t\t\t\t\t\t\t\t<span class=\"elementor-icon-list-text elementor-post-info__item elementor-post-info__item--type-time\">\n\t\t\t\t\t\t\t\t\t\t<time>4:49 pm<\/time>\t\t\t\t\t<\/span>\n\t\t\t\t\t\t\t\t<\/li>\n\t\t\t\t<\/ul>\n\t\t\t\t\t\t<\/div>\n\t\t\t\t<\/div>\n\t\t\t\t<div class=\"elementor-element elementor-element-235169b elementor-widget elementor-widget-text-editor\" data-id=\"235169b\" data-element_type=\"widget\" data-widget_type=\"text-editor.default\">\n\t\t\t\t<div class=\"elementor-widget-container\">\n\t\t\t\t\t\t\t\t\t<p>A Pol\u00edcia Civil de Santa Catarina, por meio da Delegacia de Combate a Estelionatos (DCE), participou de uma opera\u00e7\u00e3o conjunta com a Pol\u00edcia Civil do Distrito Federal, que resultou na pris\u00e3o preventiva de um homem, de 32 anos, natural de Benin (\u00c1frica) e residente em Florian\u00f3polis. A pris\u00e3o ocorreu na manh\u00e3 desta quinta-feira (04\/12), no endere\u00e7o do suspeito, localizado no bairro Itacorubi, na capital catarinense.<\/p><p>Ele \u00e9 apontado como operador financeiro no Brasil de uma rede internacional de estelionato eletr\u00f4nico. As investiga\u00e7\u00f5es, iniciadas em setembro de 2025, revelaram que o grupo atuava de forma estruturada e transnacional. A an\u00e1lise dos dados telem\u00e1ticos demonstrou que os acessos \u00e0s contas usadas nos golpes eram realizados a partir de um pa\u00eds africano, conforme verificado pelos endere\u00e7os IP registrados no continente.<\/p><p>O investigado preso no Brasil exercia o papel de intermedi\u00e1rio financeiro e log\u00edstico, realizando recebimentos, movimenta\u00e7\u00f5es via PIX e suporte operacional ao n\u00facleo estrangeiro.<\/p><p>O golpe utilizava engenharia social altamente elaborada, com perfis falsos que se passavam pelo ator norte-americano Dwayne Johnson \u2013 \u201cThe Rock\u201d. As v\u00edtimas eram convencidas de que conversavam diretamente com o artista e, ap\u00f3s a cria\u00e7\u00e3o de v\u00ednculo emocional, eram informadas de que teriam sido contempladas com um suposto pr\u00eamio internacional de 800 mil euros.A partir dessa narrativa, o grupo enviava documentos falsificados, fotos de pacotes lacrados, mensagens em ingl\u00eas e supostos comprovantes de entregas internacionais. Em seguida, exigia pagamentos referentes a taxas, seguros e libera\u00e7\u00f5es aduaneiras, sempre por transfer\u00eancias, via PIX, para contas controladas pelo operador financeiro no Brasil.<\/p><p>Uma das v\u00edtimas, moradora de Bras\u00edlia, sofreu preju\u00edzo de R$ 11,6 mil. Outra v\u00edtima, no Estado de Minas Gerais, teve perdas de aproximadamente R$ 80 mil, confirmando que o esquema operava de forma reiterada e em diversos estados. H\u00e1 ind\u00edcios de mais v\u00edtimas, que ser\u00e3o identificadas ap\u00f3s a an\u00e1lise t\u00e9cnica dos dispositivos apreendidos.<\/p><p>A opera\u00e7\u00e3o cumpriu dois mandados de busca e apreens\u00e3o \u2014 um em Florian\u00f3polis\/SC e outro em Itaja\u00ed\/SC \u2014 al\u00e9m de pris\u00e3o preventiva e bloqueio judicial de valores, todos executados com apoio da Pol\u00edcia Civil de Santa Catarina (PCSC).<\/p><p>Foram apreendidos aparelhos telef\u00f4nicos e dispositivos eletr\u00f4nicos, que ser\u00e3o submetidos \u00e0 per\u00edcia para extra\u00e7\u00e3o e aprofundamento da investiga\u00e7\u00e3o sobre os demais membros da organiza\u00e7\u00e3o criminosa.<\/p><p>O investigado responder\u00e1 por estelionato eletr\u00f4nico (art. 171, \u00a72\u00ba-A do C\u00f3digo Penal), cuja pena \u00e9 de quatro a oito anos de reclus\u00e3o, al\u00e9m de multa. O investigado segue preso, \u00e0 disposi\u00e7\u00e3o do Judici\u00e1rio.<\/p>\t\t\t\t\t\t\t\t<\/div>\n\t\t\t\t<\/div>\n\t\t\t\t\t<\/div>\n\t\t<\/div>\n\t\t\t\t\t<\/div>\n\t\t<\/section>\n\t\t\t\t<section class=\"elementor-section elementor-top-section elementor-element elementor-element-2a43a8c elementor-section-boxed elementor-section-height-default elementor-section-height-default\" data-id=\"2a43a8c\" data-element_type=\"section\">\n\t\t\t\t\t\t<div class=\"elementor-container elementor-column-gap-default\">\n\t\t\t\t\t<div class=\"elementor-column elementor-col-100 elementor-top-column elementor-element elementor-element-d449582\" data-id=\"d449582\" data-element_type=\"column\">\n\t\t\t<div class=\"elementor-widget-wrap elementor-element-populated\">\n\t\t\t\t\t\t<div class=\"elementor-element elementor-element-5c42fe0 elementor-widget elementor-widget-gallery\" data-id=\"5c42fe0\" data-element_type=\"widget\" data-settings=\"{&quot;columns&quot;:2,&quot;lazyload&quot;:&quot;yes&quot;,&quot;gallery_layout&quot;:&quot;grid&quot;,&quot;columns_tablet&quot;:2,&quot;columns_mobile&quot;:1,&quot;gap&quot;:{&quot;unit&quot;:&quot;px&quot;,&quot;size&quot;:10,&quot;sizes&quot;:[]},&quot;gap_tablet&quot;:{&quot;unit&quot;:&quot;px&quot;,&quot;size&quot;:10,&quot;sizes&quot;:[]},&quot;gap_mobile&quot;:{&quot;unit&quot;:&quot;px&quot;,&quot;size&quot;:10,&quot;sizes&quot;:[]},&quot;link_to&quot;:&quot;file&quot;,&quot;aspect_ratio&quot;:&quot;3:2&quot;,&quot;overlay_background&quot;:&quot;yes&quot;,&quot;content_hover_animation&quot;:&quot;fade-in&quot;}\" data-widget_type=\"gallery.default\">\n\t\t\t\t<div class=\"elementor-widget-container\">\n\t\t\t\t\t\t\t<div class=\"elementor-gallery__container\">\n\t\t\t\t\t\t\t<a class=\"e-gallery-item elementor-gallery-item elementor-animated-content\" href=\"https:\/\/pc.sc.gov.br\/\/wp-content\/uploads\/2025\/12\/WhatsApp-Image-2025-12-04-at-10.50.45-1.jpeg\" data-elementor-open-lightbox=\"yes\" data-elementor-lightbox-slideshow=\"5c42fe0\" data-elementor-lightbox-title=\"WhatsApp Image 2025-12-04 at 10.50.45 (1)\" data-e-action-hash=\"#elementor-action%3Aaction%3Dlightbox%26settings%3DeyJpZCI6MzQ5NTYsInVybCI6Imh0dHBzOlwvXC9wYy5zYy5nb3YuYnJcL1wvd3AtY29udGVudFwvdXBsb2Fkc1wvMjAyNVwvMTJcL1doYXRzQXBwLUltYWdlLTIwMjUtMTItMDQtYXQtMTAuNTAuNDUtMS5qcGVnIiwic2xpZGVzaG93IjoiNWM0MmZlMCJ9\">\n\t\t\t\t\t<div class=\"e-gallery-image elementor-gallery-item__image\" data-thumbnail=\"https:\/\/pc.sc.gov.br\/\/wp-content\/uploads\/2025\/12\/WhatsApp-Image-2025-12-04-at-10.50.45-1-300x225.jpeg\" data-width=\"300\" data-height=\"225\" aria-label=\"\" role=\"img\" ><\/div>\n\t\t\t\t\t\t\t\t\t\t\t<div class=\"elementor-gallery-item__overlay\"><\/div>\n\t\t\t\t\t\t\t\t\t\t\t\t\t\t<\/a>\n\t\t\t\t\t\t\t<a class=\"e-gallery-item elementor-gallery-item elementor-animated-content\" href=\"https:\/\/pc.sc.gov.br\/\/wp-content\/uploads\/2025\/12\/WhatsApp-Image-2025-12-04-at-10.50.45.jpeg\" data-elementor-open-lightbox=\"yes\" data-elementor-lightbox-slideshow=\"5c42fe0\" data-elementor-lightbox-title=\"WhatsApp Image 2025-12-04 at 10.50.45\" data-e-action-hash=\"#elementor-action%3Aaction%3Dlightbox%26settings%3DeyJpZCI6MzQ5NTcsInVybCI6Imh0dHBzOlwvXC9wYy5zYy5nb3YuYnJcL1wvd3AtY29udGVudFwvdXBsb2Fkc1wvMjAyNVwvMTJcL1doYXRzQXBwLUltYWdlLTIwMjUtMTItMDQtYXQtMTAuNTAuNDUuanBlZyIsInNsaWRlc2hvdyI6IjVjNDJmZTAifQ%3D%3D\">\n\t\t\t\t\t<div class=\"e-gallery-image elementor-gallery-item__image\" data-thumbnail=\"https:\/\/pc.sc.gov.br\/\/wp-content\/uploads\/2025\/12\/WhatsApp-Image-2025-12-04-at-10.50.45-225x300.jpeg\" data-width=\"225\" data-height=\"300\" aria-label=\"\" role=\"img\" ><\/div>\n\t\t\t\t\t\t\t\t\t\t\t<div class=\"elementor-gallery-item__overlay\"><\/div>\n\t\t\t\t\t\t\t\t\t\t\t\t\t\t<\/a>\n\t\t\t\t\t<\/div>\n\t\t\t\t\t<\/div>\n\t\t\t\t<\/div>\n\t\t\t\t\t<\/div>\n\t\t<\/div>\n\t\t\t\t\t<\/div>\n\t\t<\/section>\n\t\t\t\t<\/div>\n\t\t","protected":false},"excerpt":{"rendered":"<p>Pol\u00edcia Civil participa de opera\u00e7\u00e3o \u201cThe Rock\u201d e prende homem que se passava por famoso para aplicar estelionatos virtuais A Pol\u00edcia Civil de Santa Catarina, por meio da Delegacia de Combate a Estelionatos (DCE), participou de uma opera\u00e7\u00e3o conjunta com a Pol\u00edcia Civil do Distrito Federal, que resultou na pris\u00e3o preventiva de um homem, de [&hellip;]<\/p>\n","protected":false},"author":5,"featured_media":34952,"comment_status":"closed","ping_status":"open","sticky":false,"template":"","format":"standard","meta":{"_monsterinsights_skip_tracking":false,"_monsterinsights_sitenote_active":false,"_monsterinsights_sitenote_note":"","_monsterinsights_sitenote_category":0,"footnotes":""},"categories":[1],"tags":[],"class_list":["post-34951","post","type-post","status-publish","format-standard","has-post-thumbnail","hentry","category-sem-categoria"],"_links":{"self":[{"href":"https:\/\/pc.sc.gov.br\/index.php?rest_route=\/wp\/v2\/posts\/34951","targetHints":{"allow":["GET"]}}],"collection":[{"href":"https:\/\/pc.sc.gov.br\/index.php?rest_route=\/wp\/v2\/posts"}],"about":[{"href":"https:\/\/pc.sc.gov.br\/index.php?rest_route=\/wp\/v2\/types\/post"}],"author":[{"embeddable":true,"href":"https:\/\/pc.sc.gov.br\/index.php?rest_route=\/wp\/v2\/users\/5"}],"replies":[{"embeddable":true,"href":"https:\/\/pc.sc.gov.br\/index.php?rest_route=%2Fwp%2Fv2%2Fcomments&post=34951"}],"version-history":[{"count":4,"href":"https:\/\/pc.sc.gov.br\/index.php?rest_route=\/wp\/v2\/posts\/34951\/revisions"}],"predecessor-version":[{"id":34961,"href":"https:\/\/pc.sc.gov.br\/index.php?rest_route=\/wp\/v2\/posts\/34951\/revisions\/34961"}],"wp:featuredmedia":[{"embeddable":true,"href":"https:\/\/pc.sc.gov.br\/index.php?rest_route=\/wp\/v2\/media\/34952"}],"wp:attachment":[{"href":"https:\/\/pc.sc.gov.br\/index.php?rest_route=%2Fwp%2Fv2%2Fmedia&parent=34951"}],"wp:term":[{"taxonomy":"category","embeddable":true,"href":"https:\/\/pc.sc.gov.br\/index.php?rest_route=%2Fwp%2Fv2%2Fcategories&post=34951"},{"taxonomy":"post_tag","embeddable":true,"href":"https:\/\/pc.sc.gov.br\/index.php?rest_route=%2Fwp%2Fv2%2Ftags&post=34951"}],"curies":[{"name":"wp","href":"https:\/\/api.w.org\/{rel}","templated":true}]}}