{"id":34962,"date":"2025-12-04T18:10:34","date_gmt":"2025-12-04T21:10:34","guid":{"rendered":"https:\/\/pc.sc.gov.br\/?p=34962"},"modified":"2025-12-04T18:12:47","modified_gmt":"2025-12-04T21:12:47","slug":"policia-civil-prende-coordenador-de-tele-entrega-de-entorpecentes-em-chapeco","status":"publish","type":"post","link":"https:\/\/pc.sc.gov.br\/?p=34962","title":{"rendered":"Pol\u00edcia Civil prende coordenador de tele-entrega de entorpecentes em Chapec\u00f3"},"content":{"rendered":"\t\t<div data-elementor-type=\"wp-post\" data-elementor-id=\"34962\" class=\"elementor elementor-34962\" data-elementor-post-type=\"post\">\n\t\t\t\t\t\t<section class=\"elementor-section elementor-top-section elementor-element elementor-element-5b81848 elementor-section-boxed elementor-section-height-default elementor-section-height-default\" data-id=\"5b81848\" data-element_type=\"section\">\n\t\t\t\t\t\t<div class=\"elementor-container elementor-column-gap-default\">\n\t\t\t\t\t<div class=\"elementor-column elementor-col-100 elementor-top-column elementor-element elementor-element-18e04d6\" data-id=\"18e04d6\" data-element_type=\"column\">\n\t\t\t<div class=\"elementor-widget-wrap elementor-element-populated\">\n\t\t\t\t\t\t<div class=\"elementor-element elementor-element-81a51a2 elementor-widget elementor-widget-heading\" data-id=\"81a51a2\" data-element_type=\"widget\" data-widget_type=\"heading.default\">\n\t\t\t\t<div class=\"elementor-widget-container\">\n\t\t\t\t\t<h2 class=\"elementor-heading-title elementor-size-default\">Pol\u00edcia Civil prende coordenador de tele-entrega de entorpecentes em Chapec\u00f3<\/h2>\t\t\t\t<\/div>\n\t\t\t\t<\/div>\n\t\t\t\t\t<\/div>\n\t\t<\/div>\n\t\t\t\t\t<\/div>\n\t\t<\/section>\n\t\t\t\t<section class=\"elementor-section elementor-top-section elementor-element elementor-element-ba95f17 elementor-section-boxed elementor-section-height-default elementor-section-height-default\" data-id=\"ba95f17\" data-element_type=\"section\">\n\t\t\t\t\t\t<div class=\"elementor-container elementor-column-gap-default\">\n\t\t\t\t\t<div class=\"elementor-column elementor-col-100 elementor-top-column elementor-element elementor-element-198aa84\" data-id=\"198aa84\" data-element_type=\"column\">\n\t\t\t<div class=\"elementor-widget-wrap elementor-element-populated\">\n\t\t\t\t\t\t<div class=\"elementor-element elementor-element-d4c122f elementor-widget elementor-widget-image\" data-id=\"d4c122f\" data-element_type=\"widget\" data-widget_type=\"image.default\">\n\t\t\t\t<div class=\"elementor-widget-container\">\n\t\t\t\t\t\t\t\t\t\t\t\t\t\t\t<img fetchpriority=\"high\" decoding=\"async\" width=\"696\" height=\"404\" src=\"https:\/\/pc.sc.gov.br\/\/wp-content\/uploads\/2025\/05\/54556333709_8b72d1c43b_c-e1761332681406.jpg\" class=\"attachment-large size-large wp-image-29110\" alt=\"\" srcset=\"https:\/\/pc.sc.gov.br\/\/wp-content\/uploads\/2025\/05\/54556333709_8b72d1c43b_c-e1761332681406.jpg 789w, https:\/\/pc.sc.gov.br\/\/wp-content\/uploads\/2025\/05\/54556333709_8b72d1c43b_c-e1761332681406-300x174.jpg 300w, https:\/\/pc.sc.gov.br\/\/wp-content\/uploads\/2025\/05\/54556333709_8b72d1c43b_c-e1761332681406-768x446.jpg 768w\" sizes=\"(max-width: 696px) 100vw, 696px\" \/>\t\t\t\t\t\t\t\t\t\t\t\t\t\t\t<\/div>\n\t\t\t\t<\/div>\n\t\t\t\t\t<\/div>\n\t\t<\/div>\n\t\t\t\t\t<\/div>\n\t\t<\/section>\n\t\t\t\t<section class=\"elementor-section elementor-top-section elementor-element elementor-element-b4f1d84 elementor-section-boxed elementor-section-height-default elementor-section-height-default\" data-id=\"b4f1d84\" data-element_type=\"section\">\n\t\t\t\t\t\t<div class=\"elementor-container elementor-column-gap-default\">\n\t\t\t\t\t<div class=\"elementor-column elementor-col-100 elementor-top-column elementor-element elementor-element-8a5d432\" data-id=\"8a5d432\" data-element_type=\"column\">\n\t\t\t<div class=\"elementor-widget-wrap elementor-element-populated\">\n\t\t\t\t\t\t<div class=\"elementor-element elementor-element-4c0dbe8 elementor-widget elementor-widget-text-editor\" data-id=\"4c0dbe8\" data-element_type=\"widget\" data-widget_type=\"text-editor.default\">\n\t\t\t\t<div class=\"elementor-widget-container\">\n\t\t\t\t\t\t\t\t\t<p>A Pol\u00edcia Civil de Santa Catarina, por meio do Departamento de Investiga\u00e7\u00e3o Criminal de Chapec\u00f3 (DIC\/Fron), prendeu nesta quinta-feira (04\/12), um indiv\u00edduo suspeito de ser o coordenador de um esquema de tele-entrega de entorpecentes em Chapec\u00f3. Tamb\u00e9m foi cumprido um mandado de busca e apreens\u00e3o.<\/p>\n<p>A pris\u00e3o \u00e9 resultado de uma investiga\u00e7\u00e3o de aproximadamente um ano que identificou o suspeito como coordenador do esquema. O indiv\u00edduo foi abordado em via p\u00fablica, momento em que foi apreendido um aparelho celular da marca Iphone. O suspeito tentou quebrar o aparelho no momento da abordagem.&nbsp;A busca e apreens\u00e3o na resid\u00eancia n\u00e3o resultaram na localiza\u00e7\u00e3o de materiais il\u00edcitos.&nbsp;<\/p>\n<p>O indiv\u00edduo foi conduzido \u00e0 Central de Plant\u00e3o Policial para as devidas provid\u00eancias.<\/p>\n<p>A Pol\u00edcia Civil refor\u00e7a a import\u00e2ncia da colabora\u00e7\u00e3o da popula\u00e7\u00e3o, que pode denunciar crimes de forma an\u00f4nima e sigilosa pelo Disque-Den\u00fancia.<\/p>\t\t\t\t\t\t\t\t<\/div>\n\t\t\t\t<\/div>\n\t\t\t\t\t<\/div>\n\t\t<\/div>\n\t\t\t\t\t<\/div>\n\t\t<\/section>\n\t\t\t\t<\/div>\n\t\t","protected":false},"excerpt":{"rendered":"<p>Pol\u00edcia Civil prende coordenador de tele-entrega de entorpecentes em Chapec\u00f3 A Pol\u00edcia Civil de Santa Catarina, por meio do Departamento de Investiga\u00e7\u00e3o Criminal de Chapec\u00f3 (DIC\/Fron), prendeu nesta quinta-feira (04\/12), um indiv\u00edduo suspeito de ser o coordenador de um esquema de tele-entrega de entorpecentes em Chapec\u00f3. Tamb\u00e9m foi cumprido um mandado de busca e apreens\u00e3o. [&hellip;]<\/p>\n","protected":false},"author":5,"featured_media":29110,"comment_status":"closed","ping_status":"open","sticky":false,"template":"","format":"standard","meta":{"_monsterinsights_skip_tracking":false,"_monsterinsights_sitenote_active":false,"_monsterinsights_sitenote_note":"","_monsterinsights_sitenote_category":0,"footnotes":""},"categories":[1],"tags":[],"class_list":["post-34962","post","type-post","status-publish","format-standard","has-post-thumbnail","hentry","category-sem-categoria"],"_links":{"self":[{"href":"https:\/\/pc.sc.gov.br\/index.php?rest_route=\/wp\/v2\/posts\/34962","targetHints":{"allow":["GET"]}}],"collection":[{"href":"https:\/\/pc.sc.gov.br\/index.php?rest_route=\/wp\/v2\/posts"}],"about":[{"href":"https:\/\/pc.sc.gov.br\/index.php?rest_route=\/wp\/v2\/types\/post"}],"author":[{"embeddable":true,"href":"https:\/\/pc.sc.gov.br\/index.php?rest_route=\/wp\/v2\/users\/5"}],"replies":[{"embeddable":true,"href":"https:\/\/pc.sc.gov.br\/index.php?rest_route=%2Fwp%2Fv2%2Fcomments&post=34962"}],"version-history":[{"count":4,"href":"https:\/\/pc.sc.gov.br\/index.php?rest_route=\/wp\/v2\/posts\/34962\/revisions"}],"predecessor-version":[{"id":34966,"href":"https:\/\/pc.sc.gov.br\/index.php?rest_route=\/wp\/v2\/posts\/34962\/revisions\/34966"}],"wp:featuredmedia":[{"embeddable":true,"href":"https:\/\/pc.sc.gov.br\/index.php?rest_route=\/wp\/v2\/media\/29110"}],"wp:attachment":[{"href":"https:\/\/pc.sc.gov.br\/index.php?rest_route=%2Fwp%2Fv2%2Fmedia&parent=34962"}],"wp:term":[{"taxonomy":"category","embeddable":true,"href":"https:\/\/pc.sc.gov.br\/index.php?rest_route=%2Fwp%2Fv2%2Fcategories&post=34962"},{"taxonomy":"post_tag","embeddable":true,"href":"https:\/\/pc.sc.gov.br\/index.php?rest_route=%2Fwp%2Fv2%2Ftags&post=34962"}],"curies":[{"name":"wp","href":"https:\/\/api.w.org\/{rel}","templated":true}]}}