{"id":34981,"date":"2025-12-05T14:22:00","date_gmt":"2025-12-05T17:22:00","guid":{"rendered":"https:\/\/pc.sc.gov.br\/?p=34981"},"modified":"2025-12-05T14:23:42","modified_gmt":"2025-12-05T17:23:42","slug":"operacao-conjunta-contra-o-trafico-de-drogas-resulta-na-prisao-de-homem-com-extensa-ficha-criminal-em-chapeco","status":"publish","type":"post","link":"https:\/\/pc.sc.gov.br\/?p=34981","title":{"rendered":"Opera\u00e7\u00e3o conjunta contra o tr\u00e1fico de drogas resulta na pris\u00e3o de homem com extensa ficha criminal em Chapec\u00f3"},"content":{"rendered":"\t\t<div data-elementor-type=\"wp-post\" data-elementor-id=\"34981\" class=\"elementor elementor-34981\" data-elementor-post-type=\"post\">\n\t\t\t\t\t\t<section class=\"elementor-section elementor-top-section elementor-element elementor-element-91f29da elementor-section-boxed elementor-section-height-default elementor-section-height-default\" data-id=\"91f29da\" data-element_type=\"section\">\n\t\t\t\t\t\t<div class=\"elementor-container elementor-column-gap-default\">\n\t\t\t\t\t<div class=\"elementor-column elementor-col-100 elementor-top-column elementor-element elementor-element-e721c8f\" data-id=\"e721c8f\" data-element_type=\"column\">\n\t\t\t<div class=\"elementor-widget-wrap elementor-element-populated\">\n\t\t\t\t\t\t<div class=\"elementor-element elementor-element-9a78262 elementor-widget elementor-widget-heading\" data-id=\"9a78262\" data-element_type=\"widget\" data-widget_type=\"heading.default\">\n\t\t\t\t<div class=\"elementor-widget-container\">\n\t\t\t\t\t<h2 class=\"elementor-heading-title elementor-size-default\">Opera\u00e7\u00e3o conjunta contra o tr\u00e1fico de drogas resulta na pris\u00e3o de homem com extensa ficha criminal em Chapec\u00f3 <\/h2>\t\t\t\t<\/div>\n\t\t\t\t<\/div>\n\t\t\t\t\t<\/div>\n\t\t<\/div>\n\t\t\t\t\t<\/div>\n\t\t<\/section>\n\t\t\t\t<section class=\"elementor-section elementor-top-section elementor-element elementor-element-7b91024 elementor-section-boxed elementor-section-height-default elementor-section-height-default\" data-id=\"7b91024\" data-element_type=\"section\">\n\t\t\t\t\t\t<div class=\"elementor-container elementor-column-gap-default\">\n\t\t\t\t\t<div class=\"elementor-column elementor-col-100 elementor-top-column elementor-element elementor-element-c12e60f\" data-id=\"c12e60f\" data-element_type=\"column\">\n\t\t\t<div class=\"elementor-widget-wrap elementor-element-populated\">\n\t\t\t\t\t\t<div class=\"elementor-element elementor-element-8579a26 elementor-widget elementor-widget-image\" data-id=\"8579a26\" data-element_type=\"widget\" data-widget_type=\"image.default\">\n\t\t\t\t<div class=\"elementor-widget-container\">\n\t\t\t\t\t\t\t\t\t\t\t\t\t\t\t<img fetchpriority=\"high\" decoding=\"async\" width=\"696\" height=\"392\" src=\"https:\/\/pc.sc.gov.br\/\/wp-content\/uploads\/2025\/12\/WhatsApp-Image-2025-12-05-at-11.04.51-1024x576.jpeg\" class=\"attachment-large size-large wp-image-34982\" alt=\"\" srcset=\"https:\/\/pc.sc.gov.br\/\/wp-content\/uploads\/2025\/12\/WhatsApp-Image-2025-12-05-at-11.04.51-1024x576.jpeg 1024w, https:\/\/pc.sc.gov.br\/\/wp-content\/uploads\/2025\/12\/WhatsApp-Image-2025-12-05-at-11.04.51-300x169.jpeg 300w, https:\/\/pc.sc.gov.br\/\/wp-content\/uploads\/2025\/12\/WhatsApp-Image-2025-12-05-at-11.04.51-768x432.jpeg 768w, https:\/\/pc.sc.gov.br\/\/wp-content\/uploads\/2025\/12\/WhatsApp-Image-2025-12-05-at-11.04.51.jpeg 1280w\" sizes=\"(max-width: 696px) 100vw, 696px\" \/>\t\t\t\t\t\t\t\t\t\t\t\t\t\t\t<\/div>\n\t\t\t\t<\/div>\n\t\t\t\t\t<\/div>\n\t\t<\/div>\n\t\t\t\t\t<\/div>\n\t\t<\/section>\n\t\t\t\t<section class=\"elementor-section elementor-top-section elementor-element elementor-element-bef7ce2 elementor-section-boxed elementor-section-height-default elementor-section-height-default\" data-id=\"bef7ce2\" data-element_type=\"section\">\n\t\t\t\t\t\t<div class=\"elementor-container elementor-column-gap-default\">\n\t\t\t\t\t<div class=\"elementor-column elementor-col-100 elementor-top-column elementor-element elementor-element-c7f713a\" data-id=\"c7f713a\" data-element_type=\"column\">\n\t\t\t<div class=\"elementor-widget-wrap elementor-element-populated\">\n\t\t\t\t\t\t<div class=\"elementor-element elementor-element-c2c0666 elementor-widget elementor-widget-post-info\" data-id=\"c2c0666\" data-element_type=\"widget\" data-widget_type=\"post-info.default\">\n\t\t\t\t<div class=\"elementor-widget-container\">\n\t\t\t\t\t\t\t<ul class=\"elementor-inline-items elementor-icon-list-items elementor-post-info\">\n\t\t\t\t\t\t\t\t<li class=\"elementor-icon-list-item elementor-repeater-item-6f5a393 elementor-inline-item\" itemprop=\"author\">\n\t\t\t\t\t\t<a href=\"https:\/\/pc.sc.gov.br\/?author=5\">\n\t\t\t\t\t\t\t\t\t\t\t<span class=\"elementor-icon-list-icon\">\n\t\t\t\t\t\t\t\t<i aria-hidden=\"true\" class=\"far fa-user-circle\"><\/i>\t\t\t\t\t\t\t<\/span>\n\t\t\t\t\t\t\t\t\t<span class=\"elementor-icon-list-text elementor-post-info__item elementor-post-info__item--type-author\">\n\t\t\t\t\t\t\t\t\t\tStefany de Souza Alves\t\t\t\t\t<\/span>\n\t\t\t\t\t\t\t\t\t<\/a>\n\t\t\t\t<\/li>\n\t\t\t\t<li class=\"elementor-icon-list-item elementor-repeater-item-8ba7fa4 elementor-inline-item\" itemprop=\"datePublished\">\n\t\t\t\t\t\t<a href=\"https:\/\/pc.sc.gov.br\/?m=20251205\">\n\t\t\t\t\t\t\t\t\t\t\t<span class=\"elementor-icon-list-icon\">\n\t\t\t\t\t\t\t\t<i aria-hidden=\"true\" class=\"fas fa-calendar\"><\/i>\t\t\t\t\t\t\t<\/span>\n\t\t\t\t\t\t\t\t\t<span class=\"elementor-icon-list-text elementor-post-info__item elementor-post-info__item--type-date\">\n\t\t\t\t\t\t\t\t\t\t<time>dezembro 5, 2025<\/time>\t\t\t\t\t<\/span>\n\t\t\t\t\t\t\t\t\t<\/a>\n\t\t\t\t<\/li>\n\t\t\t\t<li class=\"elementor-icon-list-item elementor-repeater-item-5d407f7 elementor-inline-item\">\n\t\t\t\t\t\t\t\t\t\t<span class=\"elementor-icon-list-icon\">\n\t\t\t\t\t\t\t\t<i aria-hidden=\"true\" class=\"far fa-clock\"><\/i>\t\t\t\t\t\t\t<\/span>\n\t\t\t\t\t\t\t\t\t<span class=\"elementor-icon-list-text elementor-post-info__item elementor-post-info__item--type-time\">\n\t\t\t\t\t\t\t\t\t\t<time>2:22 pm<\/time>\t\t\t\t\t<\/span>\n\t\t\t\t\t\t\t\t<\/li>\n\t\t\t\t<\/ul>\n\t\t\t\t\t\t<\/div>\n\t\t\t\t<\/div>\n\t\t\t\t<div class=\"elementor-element elementor-element-f1cc769 elementor-widget elementor-widget-text-editor\" data-id=\"f1cc769\" data-element_type=\"widget\" data-widget_type=\"text-editor.default\">\n\t\t\t\t<div class=\"elementor-widget-container\">\n\t\t\t\t\t\t\t\t\t<p>A Pol\u00edcia Civil de Santa Catarina, por meio da Delegacia de Pol\u00edcia de Nova Erechim, deflagrou nesta sexta-feira (05\/12), uma opera\u00e7\u00e3o policial com o objetivo de combater o tr\u00e1fico de drogas na cidade e regi\u00e3o. A a\u00e7\u00e3o decorre de uma investiga\u00e7\u00e3o em curso que visa desarticular pontos de comercializa\u00e7\u00e3o de entorpecentes no munic\u00edpio.<\/p><p>Durante a opera\u00e7\u00e3o foram cumpridos oito mandados de busca e apreens\u00e3o nos munic\u00edpios de Nova Erechim, Pinhalzinho e Chapec\u00f3, que resultaram na apreens\u00e3o de por\u00e7\u00f5es de drogas, entre elas maconha e coca\u00edna, localizadas em mais de uma resid\u00eancia, al\u00e9m de outros elementos de prova relevantes que ser\u00e3o analisados pela equipe de investiga\u00e7\u00e3o.<\/p><p>Um dos principais desdobramentos da opera\u00e7\u00e3o foi a pris\u00e3o de um homem de 32 anos na cidade de Chapec\u00f3, contra o qual havia mandado de pris\u00e3o em aberto. O capturado possui extenso hist\u00f3rico policial, com passagens por crimes como recepta\u00e7\u00e3o, roubo, tr\u00e1fico de drogas, associa\u00e7\u00e3o para o tr\u00e1fico e disparo de arma de fogo. O homem preso nesta manh\u00e3 foi condenado a mais de 20 anos de reclus\u00e3o. Agora aguarda a disposi\u00e7\u00e3o da justi\u00e7a no pres\u00eddio de Chapec\u00f3.<\/p><p>A opera\u00e7\u00e3o contou com a participa\u00e7\u00e3o da Opera\u00e7\u00e3o Protetor,\u00a0 SAER, a Pol\u00edcia Militar, por meio das guarni\u00e7\u00f5es de Nova Erechim e \u00c1guas Frias, bem como do Canil da Pol\u00edcia Militar de Chapec\u00f3. Tamb\u00e9m participaram policiais civis da Delegacia de Repress\u00e3o a Entorpecentes (DIC) de Chapec\u00f3, da Delegacia Regional de Maravilha e agentes do N\u00facleo de Opera\u00e7\u00f5es com C\u00e3es (NOC) de Conc\u00f3rdia.<\/p><p>Todos os materiais apreendidos est\u00e3o sendo devidamente analisados, e a investiga\u00e7\u00e3o segue em andamento com o objetivo de identificar e responsabilizar outros envolvidos com o tr\u00e1fico de drogas em Nova Erechim e regi\u00e3o.<\/p>\t\t\t\t\t\t\t\t<\/div>\n\t\t\t\t<\/div>\n\t\t\t\t\t<\/div>\n\t\t<\/div>\n\t\t\t\t\t<\/div>\n\t\t<\/section>\n\t\t\t\t<\/div>\n\t\t","protected":false},"excerpt":{"rendered":"<p>Opera\u00e7\u00e3o conjunta contra o tr\u00e1fico de drogas resulta na pris\u00e3o de homem com extensa ficha criminal em Chapec\u00f3 A Pol\u00edcia Civil de Santa Catarina, por meio da Delegacia de Pol\u00edcia de Nova Erechim, deflagrou nesta sexta-feira (05\/12), uma opera\u00e7\u00e3o policial com o objetivo de combater o tr\u00e1fico de drogas na cidade e regi\u00e3o. A a\u00e7\u00e3o [&hellip;]<\/p>\n","protected":false},"author":5,"featured_media":34982,"comment_status":"closed","ping_status":"open","sticky":false,"template":"","format":"standard","meta":{"_monsterinsights_skip_tracking":false,"_monsterinsights_sitenote_active":false,"_monsterinsights_sitenote_note":"","_monsterinsights_sitenote_category":0,"footnotes":""},"categories":[1],"tags":[],"class_list":["post-34981","post","type-post","status-publish","format-standard","has-post-thumbnail","hentry","category-sem-categoria"],"_links":{"self":[{"href":"https:\/\/pc.sc.gov.br\/index.php?rest_route=\/wp\/v2\/posts\/34981","targetHints":{"allow":["GET"]}}],"collection":[{"href":"https:\/\/pc.sc.gov.br\/index.php?rest_route=\/wp\/v2\/posts"}],"about":[{"href":"https:\/\/pc.sc.gov.br\/index.php?rest_route=\/wp\/v2\/types\/post"}],"author":[{"embeddable":true,"href":"https:\/\/pc.sc.gov.br\/index.php?rest_route=\/wp\/v2\/users\/5"}],"replies":[{"embeddable":true,"href":"https:\/\/pc.sc.gov.br\/index.php?rest_route=%2Fwp%2Fv2%2Fcomments&post=34981"}],"version-history":[{"count":4,"href":"https:\/\/pc.sc.gov.br\/index.php?rest_route=\/wp\/v2\/posts\/34981\/revisions"}],"predecessor-version":[{"id":34986,"href":"https:\/\/pc.sc.gov.br\/index.php?rest_route=\/wp\/v2\/posts\/34981\/revisions\/34986"}],"wp:featuredmedia":[{"embeddable":true,"href":"https:\/\/pc.sc.gov.br\/index.php?rest_route=\/wp\/v2\/media\/34982"}],"wp:attachment":[{"href":"https:\/\/pc.sc.gov.br\/index.php?rest_route=%2Fwp%2Fv2%2Fmedia&parent=34981"}],"wp:term":[{"taxonomy":"category","embeddable":true,"href":"https:\/\/pc.sc.gov.br\/index.php?rest_route=%2Fwp%2Fv2%2Fcategories&post=34981"},{"taxonomy":"post_tag","embeddable":true,"href":"https:\/\/pc.sc.gov.br\/index.php?rest_route=%2Fwp%2Fv2%2Ftags&post=34981"}],"curies":[{"name":"wp","href":"https:\/\/api.w.org\/{rel}","templated":true}]}}