{"id":35031,"date":"2025-12-09T14:01:46","date_gmt":"2025-12-09T17:01:46","guid":{"rendered":"https:\/\/pc.sc.gov.br\/?p=35031"},"modified":"2025-12-09T14:01:52","modified_gmt":"2025-12-09T17:01:52","slug":"devido-as-chuvas-atendimentos-da-dpcami-de-chapeco-sao-direcionados-para-a-central-de-plantao-policial-no-bairro-passo-dos-fortes","status":"publish","type":"post","link":"https:\/\/pc.sc.gov.br\/?p=35031","title":{"rendered":"Devido \u00e0s chuvas, atendimentos da DPCAMI de Chapec\u00f3 s\u00e3o direcionados para a Central de Plant\u00e3o Policial no bairro Passo dos Fortes"},"content":{"rendered":"\t\t<div data-elementor-type=\"wp-post\" data-elementor-id=\"35031\" class=\"elementor elementor-35031\" data-elementor-post-type=\"post\">\n\t\t\t\t\t\t<section class=\"elementor-section elementor-top-section elementor-element elementor-element-164cc13 elementor-section-boxed elementor-section-height-default elementor-section-height-default\" data-id=\"164cc13\" data-element_type=\"section\">\n\t\t\t\t\t\t<div class=\"elementor-container elementor-column-gap-default\">\n\t\t\t\t\t<div class=\"elementor-column elementor-col-100 elementor-top-column elementor-element elementor-element-d55d450\" data-id=\"d55d450\" data-element_type=\"column\">\n\t\t\t<div class=\"elementor-widget-wrap elementor-element-populated\">\n\t\t\t\t\t\t<div class=\"elementor-element elementor-element-d781341 elementor-widget elementor-widget-heading\" data-id=\"d781341\" data-element_type=\"widget\" data-widget_type=\"heading.default\">\n\t\t\t\t<div class=\"elementor-widget-container\">\n\t\t\t\t\t<h2 class=\"elementor-heading-title elementor-size-default\">Devido \u00e0s chuvas, atendimentos da DPCAMI de Chapec\u00f3 s\u00e3o direcionados para a Central de Plant\u00e3o Policial no bairro Passo dos Fortes <\/h2>\t\t\t\t<\/div>\n\t\t\t\t<\/div>\n\t\t\t\t<div class=\"elementor-element elementor-element-c98ef20 elementor-widget elementor-widget-image\" data-id=\"c98ef20\" data-element_type=\"widget\" data-widget_type=\"image.default\">\n\t\t\t\t<div class=\"elementor-widget-container\">\n\t\t\t\t\t\t\t\t\t\t\t\t\t\t\t<img fetchpriority=\"high\" decoding=\"async\" width=\"696\" height=\"870\" src=\"https:\/\/pc.sc.gov.br\/\/wp-content\/uploads\/2025\/12\/25-Comunicado-DPCAMI-Chapeco-819x1024.jpg\" class=\"attachment-large size-large wp-image-35032\" alt=\"\" srcset=\"https:\/\/pc.sc.gov.br\/\/wp-content\/uploads\/2025\/12\/25-Comunicado-DPCAMI-Chapeco-819x1024.jpg 819w, https:\/\/pc.sc.gov.br\/\/wp-content\/uploads\/2025\/12\/25-Comunicado-DPCAMI-Chapeco-240x300.jpg 240w, https:\/\/pc.sc.gov.br\/\/wp-content\/uploads\/2025\/12\/25-Comunicado-DPCAMI-Chapeco-768x960.jpg 768w, https:\/\/pc.sc.gov.br\/\/wp-content\/uploads\/2025\/12\/25-Comunicado-DPCAMI-Chapeco.jpg 1080w\" sizes=\"(max-width: 696px) 100vw, 696px\" \/>\t\t\t\t\t\t\t\t\t\t\t\t\t\t\t<\/div>\n\t\t\t\t<\/div>\n\t\t\t\t\t<\/div>\n\t\t<\/div>\n\t\t\t\t\t<\/div>\n\t\t<\/section>\n\t\t\t\t<section class=\"elementor-section elementor-top-section elementor-element elementor-element-37269fb elementor-section-boxed elementor-section-height-default elementor-section-height-default\" data-id=\"37269fb\" data-element_type=\"section\">\n\t\t\t\t\t\t<div class=\"elementor-container elementor-column-gap-default\">\n\t\t\t\t\t<div class=\"elementor-column elementor-col-100 elementor-top-column elementor-element elementor-element-54d958b\" data-id=\"54d958b\" data-element_type=\"column\">\n\t\t\t<div class=\"elementor-widget-wrap elementor-element-populated\">\n\t\t\t\t\t\t<div class=\"elementor-element elementor-element-1306b65 elementor-widget elementor-widget-post-info\" data-id=\"1306b65\" data-element_type=\"widget\" data-widget_type=\"post-info.default\">\n\t\t\t\t<div class=\"elementor-widget-container\">\n\t\t\t\t\t\t\t<ul class=\"elementor-inline-items elementor-icon-list-items elementor-post-info\">\n\t\t\t\t\t\t\t\t<li class=\"elementor-icon-list-item elementor-repeater-item-e3d0e13 elementor-inline-item\" itemprop=\"author\">\n\t\t\t\t\t\t<a href=\"https:\/\/pc.sc.gov.br\/?author=5\">\n\t\t\t\t\t\t\t\t\t\t\t<span class=\"elementor-icon-list-icon\">\n\t\t\t\t\t\t\t\t<i aria-hidden=\"true\" class=\"far fa-user-circle\"><\/i>\t\t\t\t\t\t\t<\/span>\n\t\t\t\t\t\t\t\t\t<span class=\"elementor-icon-list-text elementor-post-info__item elementor-post-info__item--type-author\">\n\t\t\t\t\t\t\t\t\t\tStefany de Souza Alves\t\t\t\t\t<\/span>\n\t\t\t\t\t\t\t\t\t<\/a>\n\t\t\t\t<\/li>\n\t\t\t\t<li class=\"elementor-icon-list-item elementor-repeater-item-fb95661 elementor-inline-item\" itemprop=\"datePublished\">\n\t\t\t\t\t\t<a href=\"https:\/\/pc.sc.gov.br\/?m=20251209\">\n\t\t\t\t\t\t\t\t\t\t\t<span class=\"elementor-icon-list-icon\">\n\t\t\t\t\t\t\t\t<i aria-hidden=\"true\" class=\"fas fa-calendar\"><\/i>\t\t\t\t\t\t\t<\/span>\n\t\t\t\t\t\t\t\t\t<span class=\"elementor-icon-list-text elementor-post-info__item elementor-post-info__item--type-date\">\n\t\t\t\t\t\t\t\t\t\t<time>dezembro 9, 2025<\/time>\t\t\t\t\t<\/span>\n\t\t\t\t\t\t\t\t\t<\/a>\n\t\t\t\t<\/li>\n\t\t\t\t<li class=\"elementor-icon-list-item elementor-repeater-item-6f7770e elementor-inline-item\">\n\t\t\t\t\t\t\t\t\t\t<span class=\"elementor-icon-list-icon\">\n\t\t\t\t\t\t\t\t<i aria-hidden=\"true\" class=\"far fa-clock\"><\/i>\t\t\t\t\t\t\t<\/span>\n\t\t\t\t\t\t\t\t\t<span class=\"elementor-icon-list-text elementor-post-info__item elementor-post-info__item--type-time\">\n\t\t\t\t\t\t\t\t\t\t<time>2:01 pm<\/time>\t\t\t\t\t<\/span>\n\t\t\t\t\t\t\t\t<\/li>\n\t\t\t\t<\/ul>\n\t\t\t\t\t\t<\/div>\n\t\t\t\t<\/div>\n\t\t\t\t\t<\/div>\n\t\t<\/div>\n\t\t\t\t\t<\/div>\n\t\t<\/section>\n\t\t\t\t<section class=\"elementor-section elementor-top-section elementor-element elementor-element-91ce5fb elementor-section-boxed elementor-section-height-default elementor-section-height-default\" data-id=\"91ce5fb\" data-element_type=\"section\">\n\t\t\t\t\t\t<div class=\"elementor-container elementor-column-gap-default\">\n\t\t\t\t\t<div class=\"elementor-column elementor-col-100 elementor-top-column elementor-element elementor-element-ea5a9b5\" data-id=\"ea5a9b5\" data-element_type=\"column\">\n\t\t\t<div class=\"elementor-widget-wrap elementor-element-populated\">\n\t\t\t\t\t\t<div class=\"elementor-element elementor-element-f7f9996 elementor-widget elementor-widget-text-editor\" data-id=\"f7f9996\" data-element_type=\"widget\" data-widget_type=\"text-editor.default\">\n\t\t\t\t<div class=\"elementor-widget-container\">\n\t\t\t\t\t\t\t\t\t<p>A Pol\u00edcia Civil de Santa Catarina vem a p\u00fablico esclarecer que a Delegacia de Prote\u00e7\u00e3o \u00e0 Crian\u00e7a, ao Adolescente, \u00e0 Mulher e ao Idoso de Chapec\u00f3 (DPCAMI) foi atingida por fortes chuvas, na tarde de ontem (08\/11), resultando em danos na parte da rede el\u00e9trica vinculada ao computador central e na cobertura de determinadas salas. Visando manter a seguran\u00e7a da popula\u00e7\u00e3o e dos servidores, houve a suspens\u00e3o dos trabalhos da unidade, at\u00e9 a repara\u00e7\u00e3o do dano, pois poderia acarretar incidentes el\u00e9tricos.<\/p><p>Importante esclarecer que j\u00e1 h\u00e1 ordem de servi\u00e7o assinada pela PCSC de empresa que ficar\u00e1 respons\u00e1vel pelo reparo total da cobertura da DPCAMI Chapec\u00f3. A citada ordem de servi\u00e7o foi, por uma triste coincid\u00eancia, assinada ontem mesmo (08\/12), sendo que a empresa tem o prazo legal de at\u00e9 tr\u00eas dias para iniciar as obras.<\/p><p>N\u00e3o haver\u00e1 interrup\u00e7\u00e3o, suspens\u00e3o ou qualquer preju\u00edzo no atendimento \u00e0s mulheres, crian\u00e7as, adolescentes e idosos que necessitarem da especializa\u00e7\u00e3o da Pol\u00edcia Civil, j\u00e1 que as estruturas foram transferidas apenas temporariamente para outro endere\u00e7o.<\/p><p>Os atendimentos da DPCAMI ser\u00e3o direcionados para a Central de Plant\u00e3o Policial, localizada no bairro Passo dos Fortes e t\u00e3o logo os reparos sejam realizados, os atendimentos retornar\u00e3o ao endere\u00e7o tradicional.<\/p><p>Seguimos firmes e atuantes em todo o Estado, amparando e dando boas condi\u00e7\u00f5es de trabalho aos policiais civis e de atendimento \u00e0 popula\u00e7\u00e3o catarinense, notadamente diante dos danos potenciais que as chuvas dos \u00faltimos dias provocaram.<\/p>\t\t\t\t\t\t\t\t<\/div>\n\t\t\t\t<\/div>\n\t\t\t\t\t<\/div>\n\t\t<\/div>\n\t\t\t\t\t<\/div>\n\t\t<\/section>\n\t\t\t\t<\/div>\n\t\t","protected":false},"excerpt":{"rendered":"<p>Devido \u00e0s chuvas, atendimentos da DPCAMI de Chapec\u00f3 s\u00e3o direcionados para a Central de Plant\u00e3o Policial no bairro Passo dos Fortes A Pol\u00edcia Civil de Santa Catarina vem a p\u00fablico esclarecer que a Delegacia de Prote\u00e7\u00e3o \u00e0 Crian\u00e7a, ao Adolescente, \u00e0 Mulher e ao Idoso de Chapec\u00f3 (DPCAMI) foi atingida por fortes chuvas, na tarde [&hellip;]<\/p>\n","protected":false},"author":5,"featured_media":35032,"comment_status":"closed","ping_status":"open","sticky":false,"template":"","format":"standard","meta":{"_monsterinsights_skip_tracking":false,"_monsterinsights_sitenote_active":false,"_monsterinsights_sitenote_note":"","_monsterinsights_sitenote_category":0,"footnotes":""},"categories":[1],"tags":[],"class_list":["post-35031","post","type-post","status-publish","format-standard","has-post-thumbnail","hentry","category-sem-categoria"],"_links":{"self":[{"href":"https:\/\/pc.sc.gov.br\/index.php?rest_route=\/wp\/v2\/posts\/35031","targetHints":{"allow":["GET"]}}],"collection":[{"href":"https:\/\/pc.sc.gov.br\/index.php?rest_route=\/wp\/v2\/posts"}],"about":[{"href":"https:\/\/pc.sc.gov.br\/index.php?rest_route=\/wp\/v2\/types\/post"}],"author":[{"embeddable":true,"href":"https:\/\/pc.sc.gov.br\/index.php?rest_route=\/wp\/v2\/users\/5"}],"replies":[{"embeddable":true,"href":"https:\/\/pc.sc.gov.br\/index.php?rest_route=%2Fwp%2Fv2%2Fcomments&post=35031"}],"version-history":[{"count":4,"href":"https:\/\/pc.sc.gov.br\/index.php?rest_route=\/wp\/v2\/posts\/35031\/revisions"}],"predecessor-version":[{"id":35036,"href":"https:\/\/pc.sc.gov.br\/index.php?rest_route=\/wp\/v2\/posts\/35031\/revisions\/35036"}],"wp:featuredmedia":[{"embeddable":true,"href":"https:\/\/pc.sc.gov.br\/index.php?rest_route=\/wp\/v2\/media\/35032"}],"wp:attachment":[{"href":"https:\/\/pc.sc.gov.br\/index.php?rest_route=%2Fwp%2Fv2%2Fmedia&parent=35031"}],"wp:term":[{"taxonomy":"category","embeddable":true,"href":"https:\/\/pc.sc.gov.br\/index.php?rest_route=%2Fwp%2Fv2%2Fcategories&post=35031"},{"taxonomy":"post_tag","embeddable":true,"href":"https:\/\/pc.sc.gov.br\/index.php?rest_route=%2Fwp%2Fv2%2Ftags&post=35031"}],"curies":[{"name":"wp","href":"https:\/\/api.w.org\/{rel}","templated":true}]}}