{"id":35074,"date":"2025-12-10T18:51:08","date_gmt":"2025-12-10T21:51:08","guid":{"rendered":"https:\/\/pc.sc.gov.br\/?p=35074"},"modified":"2025-12-10T18:52:32","modified_gmt":"2025-12-10T21:52:32","slug":"policia-civil-indicia-falsa-biomedica-que-realizava-procedimentos-esteticos-ilegais-em-sao-jose","status":"publish","type":"post","link":"https:\/\/pc.sc.gov.br\/?p=35074","title":{"rendered":"Pol\u00edcia Civil indicia falsa biom\u00e9dica que realizava procedimentos est\u00e9ticos ilegais em S\u00e3o Jos\u00e9"},"content":{"rendered":"\t\t<div data-elementor-type=\"wp-post\" data-elementor-id=\"35074\" class=\"elementor elementor-35074\" data-elementor-post-type=\"post\">\n\t\t\t\t\t\t<section class=\"elementor-section elementor-top-section elementor-element elementor-element-2740c3a elementor-section-boxed elementor-section-height-default elementor-section-height-default\" data-id=\"2740c3a\" data-element_type=\"section\">\n\t\t\t\t\t\t<div class=\"elementor-container elementor-column-gap-default\">\n\t\t\t\t\t<div class=\"elementor-column elementor-col-100 elementor-top-column elementor-element elementor-element-9d5b31d\" data-id=\"9d5b31d\" data-element_type=\"column\">\n\t\t\t<div class=\"elementor-widget-wrap elementor-element-populated\">\n\t\t\t\t\t\t<div class=\"elementor-element elementor-element-fe54c91 elementor-widget elementor-widget-heading\" data-id=\"fe54c91\" data-element_type=\"widget\" data-widget_type=\"heading.default\">\n\t\t\t\t<div class=\"elementor-widget-container\">\n\t\t\t\t\t<h2 class=\"elementor-heading-title elementor-size-default\">Pol\u00edcia Civil indicia falsa biom\u00e9dica que realizava procedimentos est\u00e9ticos ilegais em S\u00e3o Jos\u00e9<\/h2>\t\t\t\t<\/div>\n\t\t\t\t<\/div>\n\t\t\t\t<div class=\"elementor-element elementor-element-888046e elementor-widget elementor-widget-image\" data-id=\"888046e\" data-element_type=\"widget\" data-widget_type=\"image.default\">\n\t\t\t\t<div class=\"elementor-widget-container\">\n\t\t\t\t\t\t\t\t\t\t\t\t\t\t\t<img fetchpriority=\"high\" decoding=\"async\" width=\"696\" height=\"404\" src=\"https:\/\/pc.sc.gov.br\/\/wp-content\/uploads\/2025\/05\/54556333709_8b72d1c43b_c-e1761332681406.jpg\" class=\"attachment-large size-large wp-image-29110\" alt=\"\" srcset=\"https:\/\/pc.sc.gov.br\/\/wp-content\/uploads\/2025\/05\/54556333709_8b72d1c43b_c-e1761332681406.jpg 789w, https:\/\/pc.sc.gov.br\/\/wp-content\/uploads\/2025\/05\/54556333709_8b72d1c43b_c-e1761332681406-300x174.jpg 300w, https:\/\/pc.sc.gov.br\/\/wp-content\/uploads\/2025\/05\/54556333709_8b72d1c43b_c-e1761332681406-768x446.jpg 768w\" sizes=\"(max-width: 696px) 100vw, 696px\" \/>\t\t\t\t\t\t\t\t\t\t\t\t\t\t\t<\/div>\n\t\t\t\t<\/div>\n\t\t\t\t\t<\/div>\n\t\t<\/div>\n\t\t\t\t\t<\/div>\n\t\t<\/section>\n\t\t\t\t<section class=\"elementor-section elementor-top-section elementor-element elementor-element-5245997 elementor-section-boxed elementor-section-height-default elementor-section-height-default\" data-id=\"5245997\" data-element_type=\"section\">\n\t\t\t\t\t\t<div class=\"elementor-container elementor-column-gap-default\">\n\t\t\t\t\t<div class=\"elementor-column elementor-col-100 elementor-top-column elementor-element elementor-element-7396626\" data-id=\"7396626\" data-element_type=\"column\">\n\t\t\t<div class=\"elementor-widget-wrap elementor-element-populated\">\n\t\t\t\t\t\t<div class=\"elementor-element elementor-element-ea9eb61 elementor-widget elementor-widget-post-info\" data-id=\"ea9eb61\" data-element_type=\"widget\" data-widget_type=\"post-info.default\">\n\t\t\t\t<div class=\"elementor-widget-container\">\n\t\t\t\t\t\t\t<ul class=\"elementor-inline-items elementor-icon-list-items elementor-post-info\">\n\t\t\t\t\t\t\t\t<li class=\"elementor-icon-list-item elementor-repeater-item-7692e81 elementor-inline-item\" itemprop=\"author\">\n\t\t\t\t\t\t<a href=\"https:\/\/pc.sc.gov.br\/?author=5\">\n\t\t\t\t\t\t\t\t\t\t\t<span class=\"elementor-icon-list-icon\">\n\t\t\t\t\t\t\t\t<i aria-hidden=\"true\" class=\"far fa-user-circle\"><\/i>\t\t\t\t\t\t\t<\/span>\n\t\t\t\t\t\t\t\t\t<span class=\"elementor-icon-list-text elementor-post-info__item elementor-post-info__item--type-author\">\n\t\t\t\t\t\t\t\t\t\tStefany de Souza Alves\t\t\t\t\t<\/span>\n\t\t\t\t\t\t\t\t\t<\/a>\n\t\t\t\t<\/li>\n\t\t\t\t<li class=\"elementor-icon-list-item elementor-repeater-item-561dcf9 elementor-inline-item\" itemprop=\"datePublished\">\n\t\t\t\t\t\t<a href=\"https:\/\/pc.sc.gov.br\/?m=20251210\">\n\t\t\t\t\t\t\t\t\t\t\t<span class=\"elementor-icon-list-icon\">\n\t\t\t\t\t\t\t\t<i aria-hidden=\"true\" class=\"fas fa-calendar\"><\/i>\t\t\t\t\t\t\t<\/span>\n\t\t\t\t\t\t\t\t\t<span class=\"elementor-icon-list-text elementor-post-info__item elementor-post-info__item--type-date\">\n\t\t\t\t\t\t\t\t\t\t<time>dezembro 10, 2025<\/time>\t\t\t\t\t<\/span>\n\t\t\t\t\t\t\t\t\t<\/a>\n\t\t\t\t<\/li>\n\t\t\t\t<li class=\"elementor-icon-list-item elementor-repeater-item-3ec7243 elementor-inline-item\">\n\t\t\t\t\t\t\t\t\t\t<span class=\"elementor-icon-list-icon\">\n\t\t\t\t\t\t\t\t<i aria-hidden=\"true\" class=\"far fa-clock\"><\/i>\t\t\t\t\t\t\t<\/span>\n\t\t\t\t\t\t\t\t\t<span class=\"elementor-icon-list-text elementor-post-info__item elementor-post-info__item--type-time\">\n\t\t\t\t\t\t\t\t\t\t<time>6:51 pm<\/time>\t\t\t\t\t<\/span>\n\t\t\t\t\t\t\t\t<\/li>\n\t\t\t\t<\/ul>\n\t\t\t\t\t\t<\/div>\n\t\t\t\t<\/div>\n\t\t\t\t\t<\/div>\n\t\t<\/div>\n\t\t\t\t\t<\/div>\n\t\t<\/section>\n\t\t\t\t<section class=\"elementor-section elementor-top-section elementor-element elementor-element-2d0f542 elementor-section-boxed elementor-section-height-default elementor-section-height-default\" data-id=\"2d0f542\" data-element_type=\"section\">\n\t\t\t\t\t\t<div class=\"elementor-container elementor-column-gap-default\">\n\t\t\t\t\t<div class=\"elementor-column elementor-col-100 elementor-top-column elementor-element elementor-element-d877d40\" data-id=\"d877d40\" data-element_type=\"column\">\n\t\t\t<div class=\"elementor-widget-wrap elementor-element-populated\">\n\t\t\t\t\t\t<div class=\"elementor-element elementor-element-8ecd931 elementor-widget elementor-widget-text-editor\" data-id=\"8ecd931\" data-element_type=\"widget\" data-widget_type=\"text-editor.default\">\n\t\t\t\t<div class=\"elementor-widget-container\">\n\t\t\t\t\t\t\t\t\t<p>A Pol\u00edcia Civil de Santa Catarina, por meio da Delegacia de Investiga\u00e7\u00e3o de Crimes Ambientais e Crimes contra as Rela\u00e7\u00f5es de Consumo (DCAC\/DEIC), concluiu investiga\u00e7\u00e3o contra suspeita de realizar procedimentos est\u00e9ticos invasivos sem possuir habilita\u00e7\u00e3o profissional.<\/p><p>O Inqu\u00e9rito Policial identificou 14 v\u00edtimas que sofreram complica\u00e7\u00f5es ap\u00f3s procedimentos realizados entre 2024 e 2025. Conforme elementos colhidos, mulher se apresentava como biom\u00e9dica esteta e realizava procedimentos de preenchimento labial, harmoniza\u00e7\u00e3o facial, harmoniza\u00e7\u00e3o gl\u00fatea, rinomodela\u00e7\u00e3o e aplica\u00e7\u00e3o de toxina botul\u00ednica em diferentes locais de S\u00e3o Jos\u00e9, incluindo sal\u00f5es de beleza e at\u00e9 mesmo resid\u00eancias.<\/p><p>\u00a0A investigada captava clientes por meio de redes sociais, especialmente em seu perfil no Instagram, onde possu\u00eda mais de 10 mil seguidores.\u00a0 Os valores cobrados \u00a0variavam entre R$ 500 e R$ 3.500 dependendo do procedimento.\u00a0<\/p><p>O Conselho Regional de Biomedicina confirmou que a n\u00e3o possui registro junto ao \u00f3rg\u00e3o, exercendo ilegalmente a profiss\u00e3o de biom\u00e9dico esteta. Em seu interrogat\u00f3rio, SDS alegou ter cursado biomedicina, mas n\u00e3o ter conclu\u00eddo a gradua\u00e7\u00e3o.<\/p><p>As v\u00edtimas relataram complica\u00e7\u00f5es graves ap\u00f3s os procedimentos, incluindo infec\u00e7\u00f5es, incha\u00e7os persistentes, n\u00f3dulos, manchas, deformidades faciais e corporais, al\u00e9m de dores intensas. Uma das v\u00edtimas precisou ser internada. V\u00e1rias v\u00edtimas relataram que, ao apresentarem complica\u00e7\u00f5es, recebiam orienta\u00e7\u00f5es inadequadas e a investigada demonstrava neglig\u00eancia, alegando que as rea\u00e7\u00f5es eram &#8220;normais&#8221;.<\/p><p>Investiga\u00e7\u00e3o aponta para exerc\u00edcio ilegal da profiss\u00e3o, estelionato e les\u00f5es corporais. A suspeita foi indiciada pela contraven\u00e7\u00e3o penal de exerc\u00edcio ilegal da profiss\u00e3o, por crime contra as rela\u00e7\u00f5es de consumo, por 13 crimes de estelionato e por 6 crimes de les\u00e3o corporal, sendo um dos casos de les\u00e3o corporal grave por incapacidade para ocupa\u00e7\u00f5es habituais superior a 30 dias.<\/p><p>O Inqu\u00e9rito Policial foi conclu\u00eddo e encaminhado ao Minist\u00e9rio P\u00fablico e ao Poder Judici\u00e1rio para ado\u00e7\u00e3o das provid\u00eancias cab\u00edveis.<\/p>\t\t\t\t\t\t\t\t<\/div>\n\t\t\t\t<\/div>\n\t\t\t\t\t<\/div>\n\t\t<\/div>\n\t\t\t\t\t<\/div>\n\t\t<\/section>\n\t\t\t\t<\/div>\n\t\t","protected":false},"excerpt":{"rendered":"<p>Pol\u00edcia Civil indicia falsa biom\u00e9dica que realizava procedimentos est\u00e9ticos ilegais em S\u00e3o Jos\u00e9 A Pol\u00edcia Civil de Santa Catarina, por meio da Delegacia de Investiga\u00e7\u00e3o de Crimes Ambientais e Crimes contra as Rela\u00e7\u00f5es de Consumo (DCAC\/DEIC), concluiu investiga\u00e7\u00e3o contra suspeita de realizar procedimentos est\u00e9ticos invasivos sem possuir habilita\u00e7\u00e3o profissional. O Inqu\u00e9rito Policial identificou 14 v\u00edtimas [&hellip;]<\/p>\n","protected":false},"author":5,"featured_media":29110,"comment_status":"closed","ping_status":"open","sticky":false,"template":"","format":"standard","meta":{"_monsterinsights_skip_tracking":false,"_monsterinsights_sitenote_active":false,"_monsterinsights_sitenote_note":"","_monsterinsights_sitenote_category":0,"footnotes":""},"categories":[1],"tags":[],"class_list":["post-35074","post","type-post","status-publish","format-standard","has-post-thumbnail","hentry","category-sem-categoria"],"_links":{"self":[{"href":"https:\/\/pc.sc.gov.br\/index.php?rest_route=\/wp\/v2\/posts\/35074","targetHints":{"allow":["GET"]}}],"collection":[{"href":"https:\/\/pc.sc.gov.br\/index.php?rest_route=\/wp\/v2\/posts"}],"about":[{"href":"https:\/\/pc.sc.gov.br\/index.php?rest_route=\/wp\/v2\/types\/post"}],"author":[{"embeddable":true,"href":"https:\/\/pc.sc.gov.br\/index.php?rest_route=\/wp\/v2\/users\/5"}],"replies":[{"embeddable":true,"href":"https:\/\/pc.sc.gov.br\/index.php?rest_route=%2Fwp%2Fv2%2Fcomments&post=35074"}],"version-history":[{"count":4,"href":"https:\/\/pc.sc.gov.br\/index.php?rest_route=\/wp\/v2\/posts\/35074\/revisions"}],"predecessor-version":[{"id":35078,"href":"https:\/\/pc.sc.gov.br\/index.php?rest_route=\/wp\/v2\/posts\/35074\/revisions\/35078"}],"wp:featuredmedia":[{"embeddable":true,"href":"https:\/\/pc.sc.gov.br\/index.php?rest_route=\/wp\/v2\/media\/29110"}],"wp:attachment":[{"href":"https:\/\/pc.sc.gov.br\/index.php?rest_route=%2Fwp%2Fv2%2Fmedia&parent=35074"}],"wp:term":[{"taxonomy":"category","embeddable":true,"href":"https:\/\/pc.sc.gov.br\/index.php?rest_route=%2Fwp%2Fv2%2Fcategories&post=35074"},{"taxonomy":"post_tag","embeddable":true,"href":"https:\/\/pc.sc.gov.br\/index.php?rest_route=%2Fwp%2Fv2%2Ftags&post=35074"}],"curies":[{"name":"wp","href":"https:\/\/api.w.org\/{rel}","templated":true}]}}