{"id":35092,"date":"2025-12-11T13:26:19","date_gmt":"2025-12-11T16:26:19","guid":{"rendered":"https:\/\/pc.sc.gov.br\/?p=35092"},"modified":"2025-12-11T13:27:23","modified_gmt":"2025-12-11T16:27:23","slug":"apos-disparo-em-casa-noturna-policia-civil-cumpre-mandado-e-apreende-municoes-de-uso-restrito-em-florianopolis","status":"publish","type":"post","link":"https:\/\/pc.sc.gov.br\/?p=35092","title":{"rendered":"Ap\u00f3s disparo em casa noturna, Pol\u00edcia Civil cumpre mandado e apreende muni\u00e7\u00f5es de uso restrito em Florian\u00f3polis"},"content":{"rendered":"\t\t<div data-elementor-type=\"wp-post\" data-elementor-id=\"35092\" class=\"elementor elementor-35092\" data-elementor-post-type=\"post\">\n\t\t\t\t\t\t<section class=\"elementor-section elementor-top-section elementor-element elementor-element-f5269a7 elementor-section-boxed elementor-section-height-default elementor-section-height-default\" data-id=\"f5269a7\" data-element_type=\"section\">\n\t\t\t\t\t\t<div class=\"elementor-container elementor-column-gap-default\">\n\t\t\t\t\t<div class=\"elementor-column elementor-col-100 elementor-top-column elementor-element elementor-element-d8d7c72\" data-id=\"d8d7c72\" data-element_type=\"column\">\n\t\t\t<div class=\"elementor-widget-wrap elementor-element-populated\">\n\t\t\t\t\t\t<div class=\"elementor-element elementor-element-000a3ca elementor-widget elementor-widget-heading\" data-id=\"000a3ca\" data-element_type=\"widget\" data-widget_type=\"heading.default\">\n\t\t\t\t<div class=\"elementor-widget-container\">\n\t\t\t\t\t<h2 class=\"elementor-heading-title elementor-size-default\">Ap\u00f3s disparo em casa noturna, Pol\u00edcia Civil cumpre mandado e apreende muni\u00e7\u00f5es de uso restrito em Florian\u00f3polis<\/h2>\t\t\t\t<\/div>\n\t\t\t\t<\/div>\n\t\t\t\t<div class=\"elementor-element elementor-element-f2f4f5b elementor-widget elementor-widget-image\" data-id=\"f2f4f5b\" data-element_type=\"widget\" data-widget_type=\"image.default\">\n\t\t\t\t<div class=\"elementor-widget-container\">\n\t\t\t\t\t\t\t\t\t\t\t\t\t\t\t<img fetchpriority=\"high\" decoding=\"async\" width=\"696\" height=\"928\" src=\"https:\/\/pc.sc.gov.br\/\/wp-content\/uploads\/2025\/12\/WhatsApp-Image-2025-12-11-at-12.14.39-768x1024.jpeg\" class=\"attachment-large size-large wp-image-35093\" alt=\"\" srcset=\"https:\/\/pc.sc.gov.br\/\/wp-content\/uploads\/2025\/12\/WhatsApp-Image-2025-12-11-at-12.14.39-768x1024.jpeg 768w, https:\/\/pc.sc.gov.br\/\/wp-content\/uploads\/2025\/12\/WhatsApp-Image-2025-12-11-at-12.14.39-225x300.jpeg 225w, https:\/\/pc.sc.gov.br\/\/wp-content\/uploads\/2025\/12\/WhatsApp-Image-2025-12-11-at-12.14.39-1152x1536.jpeg 1152w, https:\/\/pc.sc.gov.br\/\/wp-content\/uploads\/2025\/12\/WhatsApp-Image-2025-12-11-at-12.14.39.jpeg 1200w\" sizes=\"(max-width: 696px) 100vw, 696px\" \/>\t\t\t\t\t\t\t\t\t\t\t\t\t\t\t<\/div>\n\t\t\t\t<\/div>\n\t\t\t\t\t<\/div>\n\t\t<\/div>\n\t\t\t\t\t<\/div>\n\t\t<\/section>\n\t\t\t\t<section class=\"elementor-section elementor-top-section elementor-element elementor-element-0645a33 elementor-section-boxed elementor-section-height-default elementor-section-height-default\" data-id=\"0645a33\" data-element_type=\"section\">\n\t\t\t\t\t\t<div class=\"elementor-container elementor-column-gap-default\">\n\t\t\t\t\t<div class=\"elementor-column elementor-col-100 elementor-top-column elementor-element elementor-element-0c12e32\" data-id=\"0c12e32\" data-element_type=\"column\">\n\t\t\t<div class=\"elementor-widget-wrap elementor-element-populated\">\n\t\t\t\t\t\t<div class=\"elementor-element elementor-element-f5c8581 elementor-widget elementor-widget-post-info\" data-id=\"f5c8581\" data-element_type=\"widget\" data-widget_type=\"post-info.default\">\n\t\t\t\t<div class=\"elementor-widget-container\">\n\t\t\t\t\t\t\t<ul class=\"elementor-inline-items elementor-icon-list-items elementor-post-info\">\n\t\t\t\t\t\t\t\t<li class=\"elementor-icon-list-item elementor-repeater-item-48b7949 elementor-inline-item\" itemprop=\"author\">\n\t\t\t\t\t\t<a href=\"https:\/\/pc.sc.gov.br\/?author=5\">\n\t\t\t\t\t\t\t\t\t\t\t<span class=\"elementor-icon-list-icon\">\n\t\t\t\t\t\t\t\t<i aria-hidden=\"true\" class=\"far fa-user-circle\"><\/i>\t\t\t\t\t\t\t<\/span>\n\t\t\t\t\t\t\t\t\t<span class=\"elementor-icon-list-text elementor-post-info__item elementor-post-info__item--type-author\">\n\t\t\t\t\t\t\t\t\t\tStefany de Souza Alves\t\t\t\t\t<\/span>\n\t\t\t\t\t\t\t\t\t<\/a>\n\t\t\t\t<\/li>\n\t\t\t\t<li class=\"elementor-icon-list-item elementor-repeater-item-dc55a2c elementor-inline-item\" itemprop=\"datePublished\">\n\t\t\t\t\t\t<a href=\"https:\/\/pc.sc.gov.br\/?m=20251211\">\n\t\t\t\t\t\t\t\t\t\t\t<span class=\"elementor-icon-list-icon\">\n\t\t\t\t\t\t\t\t<i aria-hidden=\"true\" class=\"fas fa-calendar\"><\/i>\t\t\t\t\t\t\t<\/span>\n\t\t\t\t\t\t\t\t\t<span class=\"elementor-icon-list-text elementor-post-info__item elementor-post-info__item--type-date\">\n\t\t\t\t\t\t\t\t\t\t<time>dezembro 11, 2025<\/time>\t\t\t\t\t<\/span>\n\t\t\t\t\t\t\t\t\t<\/a>\n\t\t\t\t<\/li>\n\t\t\t\t<li class=\"elementor-icon-list-item elementor-repeater-item-c6b438a elementor-inline-item\">\n\t\t\t\t\t\t\t\t\t\t<span class=\"elementor-icon-list-icon\">\n\t\t\t\t\t\t\t\t<i aria-hidden=\"true\" class=\"far fa-clock\"><\/i>\t\t\t\t\t\t\t<\/span>\n\t\t\t\t\t\t\t\t\t<span class=\"elementor-icon-list-text elementor-post-info__item elementor-post-info__item--type-time\">\n\t\t\t\t\t\t\t\t\t\t<time>1:26 pm<\/time>\t\t\t\t\t<\/span>\n\t\t\t\t\t\t\t\t<\/li>\n\t\t\t\t<\/ul>\n\t\t\t\t\t\t<\/div>\n\t\t\t\t<\/div>\n\t\t\t\t\t<\/div>\n\t\t<\/div>\n\t\t\t\t\t<\/div>\n\t\t<\/section>\n\t\t\t\t<section class=\"elementor-section elementor-top-section elementor-element elementor-element-41b7de8 elementor-section-boxed elementor-section-height-default elementor-section-height-default\" data-id=\"41b7de8\" data-element_type=\"section\">\n\t\t\t\t\t\t<div class=\"elementor-container elementor-column-gap-default\">\n\t\t\t\t\t<div class=\"elementor-column elementor-col-100 elementor-top-column elementor-element elementor-element-0cf2c0a\" data-id=\"0cf2c0a\" data-element_type=\"column\">\n\t\t\t<div class=\"elementor-widget-wrap elementor-element-populated\">\n\t\t\t\t\t\t<div class=\"elementor-element elementor-element-6a66c4d elementor-widget elementor-widget-text-editor\" data-id=\"6a66c4d\" data-element_type=\"widget\" data-widget_type=\"text-editor.default\">\n\t\t\t\t<div class=\"elementor-widget-container\">\n\t\t\t\t\t\t\t\t\t<p>A Pol\u00edcia Civil de Santa Catarina, por meio 1\u00aa Delegacia de Pol\u00edcia da Capital, cumpriu na manh\u00e3 desta quinta-feira (11\/12) mandado de busca e apreens\u00e3o relacionado a um disparo de arma de fogo ocorrido em uma casa noturna da Capital. O fato teve origem em um desentendimento entre frequentadores e funcion\u00e1rios do estabelecimento, motivado por diverg\u00eancias sobre o valor de uma \u201cnoitada\u201d.<\/p><p data-start=\"515\" data-end=\"1000\">Conforme apurado pela equipe de investiga\u00e7\u00e3o, ap\u00f3s a discuss\u00e3o inicial, alguns indiv\u00edduos deixaram o local e retornaram momentos depois, desta vez portando uma arma de fogo e procurando pelos seguran\u00e7as da casa noturna. Ao n\u00e3o encontrarem os funcion\u00e1rios, um dos suspeitos efetuou um disparo em dire\u00e7\u00e3o ao caixa do estabelecimento. O proj\u00e9til atravessou parte da estrutura interna do estabelecimento e se alojou em uma parede do estacionamento, fato que levou \u00e0 instaura\u00e7\u00e3o do procedimento investigativo.<\/p><p data-start=\"1002\" data-end=\"1322\">A partir da an\u00e1lise de imagens, coleta de elementos e dilig\u00eancias de campo, a Pol\u00edcia Civil identificou os suspeitos que teriam participado da a\u00e7\u00e3o e que estavam presentes no momento do disparo. Com base nos ind\u00edcios reunidos, a Justi\u00e7a expediu mandado de busca e apreens\u00e3o, cumprido hoje na resid\u00eancia dos investigados.<\/p><p data-start=\"1324\" data-end=\"1659\">Durante o cumprimento da ordem judicial, foram encontradas muni\u00e7\u00f5es de uso restrito, que foram apreendidas e encaminhadas para per\u00edcia. Os suspeitos foram autuados em flagrante e conduzidos \u00e0 Central de Plant\u00e3o Policial (CPP) de Florian\u00f3polis, onde prestaram esclarecimentos sobre o ocorrido e sobre o material localizado em sua posse.<\/p><p data-start=\"1661\" data-end=\"1811\" data-is-last-node=\"\" data-is-only-node=\"\">A investiga\u00e7\u00e3o segue em andamento, visando esclarecer todas as circunst\u00e2ncias do fato e aprofundar a apura\u00e7\u00e3o sobre a origem das muni\u00e7\u00f5es encontradas.<\/p>\t\t\t\t\t\t\t\t<\/div>\n\t\t\t\t<\/div>\n\t\t\t\t\t<\/div>\n\t\t<\/div>\n\t\t\t\t\t<\/div>\n\t\t<\/section>\n\t\t\t\t<\/div>\n\t\t","protected":false},"excerpt":{"rendered":"<p>Ap\u00f3s disparo em casa noturna, Pol\u00edcia Civil cumpre mandado e apreende muni\u00e7\u00f5es de uso restrito em Florian\u00f3polis A Pol\u00edcia Civil de Santa Catarina, por meio 1\u00aa Delegacia de Pol\u00edcia da Capital, cumpriu na manh\u00e3 desta quinta-feira (11\/12) mandado de busca e apreens\u00e3o relacionado a um disparo de arma de fogo ocorrido em uma casa noturna [&hellip;]<\/p>\n","protected":false},"author":5,"featured_media":35093,"comment_status":"closed","ping_status":"open","sticky":false,"template":"","format":"standard","meta":{"_monsterinsights_skip_tracking":false,"_monsterinsights_sitenote_active":false,"_monsterinsights_sitenote_note":"","_monsterinsights_sitenote_category":0,"footnotes":""},"categories":[1],"tags":[],"class_list":["post-35092","post","type-post","status-publish","format-standard","has-post-thumbnail","hentry","category-sem-categoria"],"_links":{"self":[{"href":"https:\/\/pc.sc.gov.br\/index.php?rest_route=\/wp\/v2\/posts\/35092","targetHints":{"allow":["GET"]}}],"collection":[{"href":"https:\/\/pc.sc.gov.br\/index.php?rest_route=\/wp\/v2\/posts"}],"about":[{"href":"https:\/\/pc.sc.gov.br\/index.php?rest_route=\/wp\/v2\/types\/post"}],"author":[{"embeddable":true,"href":"https:\/\/pc.sc.gov.br\/index.php?rest_route=\/wp\/v2\/users\/5"}],"replies":[{"embeddable":true,"href":"https:\/\/pc.sc.gov.br\/index.php?rest_route=%2Fwp%2Fv2%2Fcomments&post=35092"}],"version-history":[{"count":4,"href":"https:\/\/pc.sc.gov.br\/index.php?rest_route=\/wp\/v2\/posts\/35092\/revisions"}],"predecessor-version":[{"id":35097,"href":"https:\/\/pc.sc.gov.br\/index.php?rest_route=\/wp\/v2\/posts\/35092\/revisions\/35097"}],"wp:featuredmedia":[{"embeddable":true,"href":"https:\/\/pc.sc.gov.br\/index.php?rest_route=\/wp\/v2\/media\/35093"}],"wp:attachment":[{"href":"https:\/\/pc.sc.gov.br\/index.php?rest_route=%2Fwp%2Fv2%2Fmedia&parent=35092"}],"wp:term":[{"taxonomy":"category","embeddable":true,"href":"https:\/\/pc.sc.gov.br\/index.php?rest_route=%2Fwp%2Fv2%2Fcategories&post=35092"},{"taxonomy":"post_tag","embeddable":true,"href":"https:\/\/pc.sc.gov.br\/index.php?rest_route=%2Fwp%2Fv2%2Ftags&post=35092"}],"curies":[{"name":"wp","href":"https:\/\/api.w.org\/{rel}","templated":true}]}}