{"id":35125,"date":"2025-12-11T17:23:15","date_gmt":"2025-12-11T20:23:15","guid":{"rendered":"https:\/\/pc.sc.gov.br\/?p=35125"},"modified":"2025-12-11T17:24:55","modified_gmt":"2025-12-11T20:24:55","slug":"policia-civil-apreende-pecas-de-veiculos-ilicitos-e-prende-empresario-reincidente-durante-39a-edicao-da-operacao-311-em-tubarao","status":"publish","type":"post","link":"https:\/\/pc.sc.gov.br\/?p=35125","title":{"rendered":"Pol\u00edcia Civil apreende pe\u00e7as de ve\u00edculos il\u00edcitos e prende empres\u00e1rio reincidente durante 39\u00aa edi\u00e7\u00e3o da Opera\u00e7\u00e3o 311 em Tubar\u00e3o"},"content":{"rendered":"\t\t<div data-elementor-type=\"wp-post\" data-elementor-id=\"35125\" class=\"elementor elementor-35125\" data-elementor-post-type=\"post\">\n\t\t\t\t\t\t<section class=\"elementor-section elementor-top-section elementor-element elementor-element-2a43712 elementor-section-boxed elementor-section-height-default elementor-section-height-default\" data-id=\"2a43712\" data-element_type=\"section\">\n\t\t\t\t\t\t<div class=\"elementor-container elementor-column-gap-default\">\n\t\t\t\t\t<div class=\"elementor-column elementor-col-100 elementor-top-column elementor-element elementor-element-51c1f94\" data-id=\"51c1f94\" data-element_type=\"column\">\n\t\t\t<div class=\"elementor-widget-wrap elementor-element-populated\">\n\t\t\t\t\t\t<div class=\"elementor-element elementor-element-3562d67 elementor-widget elementor-widget-heading\" data-id=\"3562d67\" data-element_type=\"widget\" data-widget_type=\"heading.default\">\n\t\t\t\t<div class=\"elementor-widget-container\">\n\t\t\t\t\t<h2 class=\"elementor-heading-title elementor-size-default\">Pol\u00edcia Civil apreende pe\u00e7as de ve\u00edculos il\u00edcitos e prende empres\u00e1rio reincidente durante 39\u00aa edi\u00e7\u00e3o da Opera\u00e7\u00e3o 311 em Tubar\u00e3o<\/h2>\t\t\t\t<\/div>\n\t\t\t\t<\/div>\n\t\t\t\t\t<\/div>\n\t\t<\/div>\n\t\t\t\t\t<\/div>\n\t\t<\/section>\n\t\t\t\t<section class=\"elementor-section elementor-top-section elementor-element elementor-element-df4338c elementor-section-boxed elementor-section-height-default elementor-section-height-default\" data-id=\"df4338c\" data-element_type=\"section\">\n\t\t\t\t\t\t<div class=\"elementor-container elementor-column-gap-default\">\n\t\t\t\t\t<div class=\"elementor-column elementor-col-100 elementor-top-column elementor-element elementor-element-97433d8\" data-id=\"97433d8\" data-element_type=\"column\">\n\t\t\t<div class=\"elementor-widget-wrap elementor-element-populated\">\n\t\t\t\t\t\t<div class=\"elementor-element elementor-element-caf7015 elementor-widget elementor-widget-image\" data-id=\"caf7015\" data-element_type=\"widget\" data-widget_type=\"image.default\">\n\t\t\t\t<div class=\"elementor-widget-container\">\n\t\t\t\t\t\t\t\t\t\t\t\t\t\t\t<img fetchpriority=\"high\" decoding=\"async\" width=\"696\" height=\"523\" src=\"https:\/\/pc.sc.gov.br\/\/wp-content\/uploads\/2025\/12\/WhatsApp-Image-2025-12-11-at-17.08.18-1024x769.jpeg\" class=\"attachment-large size-large wp-image-35129\" alt=\"\" srcset=\"https:\/\/pc.sc.gov.br\/\/wp-content\/uploads\/2025\/12\/WhatsApp-Image-2025-12-11-at-17.08.18-1024x769.jpeg 1024w, https:\/\/pc.sc.gov.br\/\/wp-content\/uploads\/2025\/12\/WhatsApp-Image-2025-12-11-at-17.08.18-300x225.jpeg 300w, https:\/\/pc.sc.gov.br\/\/wp-content\/uploads\/2025\/12\/WhatsApp-Image-2025-12-11-at-17.08.18-768x577.jpeg 768w, https:\/\/pc.sc.gov.br\/\/wp-content\/uploads\/2025\/12\/WhatsApp-Image-2025-12-11-at-17.08.18.jpeg 1280w\" sizes=\"(max-width: 696px) 100vw, 696px\" \/>\t\t\t\t\t\t\t\t\t\t\t\t\t\t\t<\/div>\n\t\t\t\t<\/div>\n\t\t\t\t<div class=\"elementor-element elementor-element-3ad4b94 elementor-widget elementor-widget-post-info\" data-id=\"3ad4b94\" data-element_type=\"widget\" data-widget_type=\"post-info.default\">\n\t\t\t\t<div class=\"elementor-widget-container\">\n\t\t\t\t\t\t\t<ul class=\"elementor-inline-items elementor-icon-list-items elementor-post-info\">\n\t\t\t\t\t\t\t\t<li class=\"elementor-icon-list-item elementor-repeater-item-838e54e elementor-inline-item\" itemprop=\"author\">\n\t\t\t\t\t\t<a href=\"https:\/\/pc.sc.gov.br\/?author=5\">\n\t\t\t\t\t\t\t\t\t\t\t<span class=\"elementor-icon-list-icon\">\n\t\t\t\t\t\t\t\t<i aria-hidden=\"true\" class=\"far fa-user-circle\"><\/i>\t\t\t\t\t\t\t<\/span>\n\t\t\t\t\t\t\t\t\t<span class=\"elementor-icon-list-text elementor-post-info__item elementor-post-info__item--type-author\">\n\t\t\t\t\t\t\t\t\t\tStefany de Souza Alves\t\t\t\t\t<\/span>\n\t\t\t\t\t\t\t\t\t<\/a>\n\t\t\t\t<\/li>\n\t\t\t\t<li class=\"elementor-icon-list-item elementor-repeater-item-5d2c77c elementor-inline-item\" itemprop=\"datePublished\">\n\t\t\t\t\t\t<a href=\"https:\/\/pc.sc.gov.br\/?m=20251211\">\n\t\t\t\t\t\t\t\t\t\t\t<span class=\"elementor-icon-list-icon\">\n\t\t\t\t\t\t\t\t<i aria-hidden=\"true\" class=\"fas fa-calendar\"><\/i>\t\t\t\t\t\t\t<\/span>\n\t\t\t\t\t\t\t\t\t<span class=\"elementor-icon-list-text elementor-post-info__item elementor-post-info__item--type-date\">\n\t\t\t\t\t\t\t\t\t\t<time>dezembro 11, 2025<\/time>\t\t\t\t\t<\/span>\n\t\t\t\t\t\t\t\t\t<\/a>\n\t\t\t\t<\/li>\n\t\t\t\t<li class=\"elementor-icon-list-item elementor-repeater-item-b5e8cad elementor-inline-item\">\n\t\t\t\t\t\t\t\t\t\t<span class=\"elementor-icon-list-icon\">\n\t\t\t\t\t\t\t\t<i aria-hidden=\"true\" class=\"far fa-clock\"><\/i>\t\t\t\t\t\t\t<\/span>\n\t\t\t\t\t\t\t\t\t<span class=\"elementor-icon-list-text elementor-post-info__item elementor-post-info__item--type-time\">\n\t\t\t\t\t\t\t\t\t\t<time>5:23 pm<\/time>\t\t\t\t\t<\/span>\n\t\t\t\t\t\t\t\t<\/li>\n\t\t\t\t<\/ul>\n\t\t\t\t\t\t<\/div>\n\t\t\t\t<\/div>\n\t\t\t\t<div class=\"elementor-element elementor-element-1d0dddc elementor-widget elementor-widget-text-editor\" data-id=\"1d0dddc\" data-element_type=\"widget\" data-widget_type=\"text-editor.default\">\n\t\t\t\t<div class=\"elementor-widget-container\">\n\t\t\t\t\t\t\t\t\t<p>A Pol\u00edcia Civil de Santa Catarina deflagrou a 39\u00aa edi\u00e7\u00e3o da Opera\u00e7\u00e3o 311, em um trabalho conjunto da Delegacia de Furtos e Roubos de Ve\u00edculos da DEIC (DFRV\/DEIC), da DIC de Tubar\u00e3o e da Pol\u00edcia Cient\u00edfica, com foco no combate ao com\u00e9rcio ilegal de pe\u00e7as automotivas de origem criminosa.<\/p>\n<p>Durante a fiscaliza\u00e7\u00e3o na loja de autope\u00e7as alvo da opera\u00e7\u00e3o, foram localizadas pe\u00e7as pertencentes a 12 ve\u00edculos com proced\u00eancia il\u00edcita, incluindo roubo, furto, apropria\u00e7\u00e3o ind\u00e9bita e unidades com numera\u00e7\u00e3o suprimida.<\/p>\n<p>O propriet\u00e1rio do estabelecimento, j\u00e1 preso em 2023 pelo crime de recepta\u00e7\u00e3o qualificada na mesma loja, voltou a ser flagrado comercializando componentes de origem criminosa. Na data de hoje, ele foi autuado em flagrante pelos crimes de recepta\u00e7\u00e3o qualificada e adultera\u00e7\u00e3o de sinal identificador de ve\u00edculo automotor.<\/p>\n<p><br><\/p>\t\t\t\t\t\t\t\t<\/div>\n\t\t\t\t<\/div>\n\t\t\t\t\t<\/div>\n\t\t<\/div>\n\t\t\t\t\t<\/div>\n\t\t<\/section>\n\t\t\t\t<\/div>\n\t\t","protected":false},"excerpt":{"rendered":"<p>Pol\u00edcia Civil apreende pe\u00e7as de ve\u00edculos il\u00edcitos e prende empres\u00e1rio reincidente durante 39\u00aa edi\u00e7\u00e3o da Opera\u00e7\u00e3o 311 em Tubar\u00e3o A Pol\u00edcia Civil de Santa Catarina deflagrou a 39\u00aa edi\u00e7\u00e3o da Opera\u00e7\u00e3o 311, em um trabalho conjunto da Delegacia de Furtos e Roubos de Ve\u00edculos da DEIC (DFRV\/DEIC), da DIC de Tubar\u00e3o e da Pol\u00edcia Cient\u00edfica, [&hellip;]<\/p>\n","protected":false},"author":5,"featured_media":35129,"comment_status":"closed","ping_status":"open","sticky":false,"template":"","format":"standard","meta":{"_monsterinsights_skip_tracking":false,"_monsterinsights_sitenote_active":false,"_monsterinsights_sitenote_note":"","_monsterinsights_sitenote_category":0,"footnotes":""},"categories":[1],"tags":[],"class_list":["post-35125","post","type-post","status-publish","format-standard","has-post-thumbnail","hentry","category-sem-categoria"],"_links":{"self":[{"href":"https:\/\/pc.sc.gov.br\/index.php?rest_route=\/wp\/v2\/posts\/35125","targetHints":{"allow":["GET"]}}],"collection":[{"href":"https:\/\/pc.sc.gov.br\/index.php?rest_route=\/wp\/v2\/posts"}],"about":[{"href":"https:\/\/pc.sc.gov.br\/index.php?rest_route=\/wp\/v2\/types\/post"}],"author":[{"embeddable":true,"href":"https:\/\/pc.sc.gov.br\/index.php?rest_route=\/wp\/v2\/users\/5"}],"replies":[{"embeddable":true,"href":"https:\/\/pc.sc.gov.br\/index.php?rest_route=%2Fwp%2Fv2%2Fcomments&post=35125"}],"version-history":[{"count":4,"href":"https:\/\/pc.sc.gov.br\/index.php?rest_route=\/wp\/v2\/posts\/35125\/revisions"}],"predecessor-version":[{"id":35133,"href":"https:\/\/pc.sc.gov.br\/index.php?rest_route=\/wp\/v2\/posts\/35125\/revisions\/35133"}],"wp:featuredmedia":[{"embeddable":true,"href":"https:\/\/pc.sc.gov.br\/index.php?rest_route=\/wp\/v2\/media\/35129"}],"wp:attachment":[{"href":"https:\/\/pc.sc.gov.br\/index.php?rest_route=%2Fwp%2Fv2%2Fmedia&parent=35125"}],"wp:term":[{"taxonomy":"category","embeddable":true,"href":"https:\/\/pc.sc.gov.br\/index.php?rest_route=%2Fwp%2Fv2%2Fcategories&post=35125"},{"taxonomy":"post_tag","embeddable":true,"href":"https:\/\/pc.sc.gov.br\/index.php?rest_route=%2Fwp%2Fv2%2Ftags&post=35125"}],"curies":[{"name":"wp","href":"https:\/\/api.w.org\/{rel}","templated":true}]}}