{"id":35144,"date":"2025-12-12T13:15:05","date_gmt":"2025-12-12T16:15:05","guid":{"rendered":"https:\/\/pc.sc.gov.br\/?p=35144"},"modified":"2025-12-12T13:16:39","modified_gmt":"2025-12-12T16:16:39","slug":"policia-civil-esclarece-desaparecimento-de-irmao-de-musico-e-prende-o-responsavel-pelo-crime","status":"publish","type":"post","link":"https:\/\/pc.sc.gov.br\/?p=35144","title":{"rendered":"Pol\u00edcia Civil esclarece desaparecimento de irm\u00e3o de m\u00fasico e prende o respons\u00e1vel pelo crime"},"content":{"rendered":"\t\t<div data-elementor-type=\"wp-post\" data-elementor-id=\"35144\" class=\"elementor elementor-35144\" data-elementor-post-type=\"post\">\n\t\t\t\t\t\t<section class=\"elementor-section elementor-top-section elementor-element elementor-element-814b44e elementor-section-boxed elementor-section-height-default elementor-section-height-default\" data-id=\"814b44e\" data-element_type=\"section\">\n\t\t\t\t\t\t<div class=\"elementor-container elementor-column-gap-default\">\n\t\t\t\t\t<div class=\"elementor-column elementor-col-100 elementor-top-column elementor-element elementor-element-38bb819\" data-id=\"38bb819\" data-element_type=\"column\">\n\t\t\t<div class=\"elementor-widget-wrap elementor-element-populated\">\n\t\t\t\t\t\t<div class=\"elementor-element elementor-element-de86096 elementor-widget elementor-widget-heading\" data-id=\"de86096\" data-element_type=\"widget\" data-widget_type=\"heading.default\">\n\t\t\t\t<div class=\"elementor-widget-container\">\n\t\t\t\t\t<h2 class=\"elementor-heading-title elementor-size-default\">Pol\u00edcia Civil esclarece desaparecimento de irm\u00e3o de m\u00fasico e prende o respons\u00e1vel pelo crime<\/h2>\t\t\t\t<\/div>\n\t\t\t\t<\/div>\n\t\t\t\t\t<\/div>\n\t\t<\/div>\n\t\t\t\t\t<\/div>\n\t\t<\/section>\n\t\t\t\t<section class=\"elementor-section elementor-top-section elementor-element elementor-element-5e278f0 elementor-section-boxed elementor-section-height-default elementor-section-height-default\" data-id=\"5e278f0\" data-element_type=\"section\">\n\t\t\t\t\t\t<div class=\"elementor-container elementor-column-gap-default\">\n\t\t\t\t\t<div class=\"elementor-column elementor-col-100 elementor-top-column elementor-element elementor-element-9d25a78\" data-id=\"9d25a78\" data-element_type=\"column\">\n\t\t\t<div class=\"elementor-widget-wrap elementor-element-populated\">\n\t\t\t\t\t\t<div class=\"elementor-element elementor-element-cd23c21 elementor-widget elementor-widget-image\" data-id=\"cd23c21\" data-element_type=\"widget\" data-widget_type=\"image.default\">\n\t\t\t\t<div class=\"elementor-widget-container\">\n\t\t\t\t\t\t\t\t\t\t\t\t\t\t\t<img fetchpriority=\"high\" decoding=\"async\" width=\"696\" height=\"392\" src=\"https:\/\/pc.sc.gov.br\/\/wp-content\/uploads\/2025\/12\/WhatsApp-Image-2025-12-12-at-12.04.03-1024x576.jpeg\" class=\"attachment-large size-large wp-image-35145\" alt=\"\" srcset=\"https:\/\/pc.sc.gov.br\/\/wp-content\/uploads\/2025\/12\/WhatsApp-Image-2025-12-12-at-12.04.03-1024x576.jpeg 1024w, https:\/\/pc.sc.gov.br\/\/wp-content\/uploads\/2025\/12\/WhatsApp-Image-2025-12-12-at-12.04.03-300x169.jpeg 300w, https:\/\/pc.sc.gov.br\/\/wp-content\/uploads\/2025\/12\/WhatsApp-Image-2025-12-12-at-12.04.03-768x432.jpeg 768w, https:\/\/pc.sc.gov.br\/\/wp-content\/uploads\/2025\/12\/WhatsApp-Image-2025-12-12-at-12.04.03.jpeg 1280w\" sizes=\"(max-width: 696px) 100vw, 696px\" \/>\t\t\t\t\t\t\t\t\t\t\t\t\t\t\t<\/div>\n\t\t\t\t<\/div>\n\t\t\t\t\t<\/div>\n\t\t<\/div>\n\t\t\t\t\t<\/div>\n\t\t<\/section>\n\t\t\t\t<section class=\"elementor-section elementor-top-section elementor-element elementor-element-057e4a3 elementor-section-boxed elementor-section-height-default elementor-section-height-default\" data-id=\"057e4a3\" data-element_type=\"section\">\n\t\t\t\t\t\t<div class=\"elementor-container elementor-column-gap-default\">\n\t\t\t\t\t<div class=\"elementor-column elementor-col-100 elementor-top-column elementor-element elementor-element-e75685c\" data-id=\"e75685c\" data-element_type=\"column\">\n\t\t\t<div class=\"elementor-widget-wrap elementor-element-populated\">\n\t\t\t\t\t\t<div class=\"elementor-element elementor-element-bf8823a elementor-widget elementor-widget-post-info\" data-id=\"bf8823a\" data-element_type=\"widget\" data-widget_type=\"post-info.default\">\n\t\t\t\t<div class=\"elementor-widget-container\">\n\t\t\t\t\t\t\t<ul class=\"elementor-inline-items elementor-icon-list-items elementor-post-info\">\n\t\t\t\t\t\t\t\t<li class=\"elementor-icon-list-item elementor-repeater-item-3056600 elementor-inline-item\" itemprop=\"author\">\n\t\t\t\t\t\t<a href=\"https:\/\/pc.sc.gov.br\/?author=5\">\n\t\t\t\t\t\t\t\t\t\t\t<span class=\"elementor-icon-list-icon\">\n\t\t\t\t\t\t\t\t<i aria-hidden=\"true\" class=\"far fa-user-circle\"><\/i>\t\t\t\t\t\t\t<\/span>\n\t\t\t\t\t\t\t\t\t<span class=\"elementor-icon-list-text elementor-post-info__item elementor-post-info__item--type-author\">\n\t\t\t\t\t\t\t\t\t\tStefany de Souza Alves\t\t\t\t\t<\/span>\n\t\t\t\t\t\t\t\t\t<\/a>\n\t\t\t\t<\/li>\n\t\t\t\t<li class=\"elementor-icon-list-item elementor-repeater-item-de6192a elementor-inline-item\" itemprop=\"datePublished\">\n\t\t\t\t\t\t<a href=\"https:\/\/pc.sc.gov.br\/?m=20251212\">\n\t\t\t\t\t\t\t\t\t\t\t<span class=\"elementor-icon-list-icon\">\n\t\t\t\t\t\t\t\t<i aria-hidden=\"true\" class=\"fas fa-calendar\"><\/i>\t\t\t\t\t\t\t<\/span>\n\t\t\t\t\t\t\t\t\t<span class=\"elementor-icon-list-text elementor-post-info__item elementor-post-info__item--type-date\">\n\t\t\t\t\t\t\t\t\t\t<time>dezembro 12, 2025<\/time>\t\t\t\t\t<\/span>\n\t\t\t\t\t\t\t\t\t<\/a>\n\t\t\t\t<\/li>\n\t\t\t\t<li class=\"elementor-icon-list-item elementor-repeater-item-2888f78 elementor-inline-item\">\n\t\t\t\t\t\t\t\t\t\t<span class=\"elementor-icon-list-icon\">\n\t\t\t\t\t\t\t\t<i aria-hidden=\"true\" class=\"far fa-clock\"><\/i>\t\t\t\t\t\t\t<\/span>\n\t\t\t\t\t\t\t\t\t<span class=\"elementor-icon-list-text elementor-post-info__item elementor-post-info__item--type-time\">\n\t\t\t\t\t\t\t\t\t\t<time>1:15 pm<\/time>\t\t\t\t\t<\/span>\n\t\t\t\t\t\t\t\t<\/li>\n\t\t\t\t<\/ul>\n\t\t\t\t\t\t<\/div>\n\t\t\t\t<\/div>\n\t\t\t\t<div class=\"elementor-element elementor-element-e7e3201 elementor-widget elementor-widget-text-editor\" data-id=\"e7e3201\" data-element_type=\"widget\" data-widget_type=\"text-editor.default\">\n\t\t\t\t<div class=\"elementor-widget-container\">\n\t\t\t\t\t\t\t\t\t<p>A Pol\u00edcia Civil de Santa Catarina, por meio da Delegacia de Roubos e Antissequestro da Diretoria Estadual de Investiga\u00e7\u00f5es Criminais (DRAS\/DEIC), esclareceu o desaparecimento de um homem que tinha sido visto pela \u00faltima vez em 11 de outubro, na Praia da Pinheira. O homem \u00e9 irm\u00e3o de um m\u00fasico conhecido \u2013 o que fez repercutir em redes sociais o desaparecimento e a ang\u00fastia da fam\u00edlia nesse per\u00edodo.<\/p>\n<p>As investiga\u00e7\u00f5es revelaram que ele estava em uma boate naquela localidade e, por n\u00e3o haver acerto sobre o pagamento, acabou morto com um \u201cmata-le\u00e3o\u201d pelo seguran\u00e7a do estabelecimento.<\/p>\n<p>O corpo ainda permaneceu cerca de 10 horas dentro da boate, at\u00e9 ser levado pelo autor do crime a uma \u00e1rea rural na regi\u00e3o do Bairro S\u00e3o Sebasti\u00e3o, em Palho\u00e7a, lugar em que foi enterrado.<\/p>\n<p>A equipe da DRAS\/DEIC prendeu o respons\u00e1vel pelo crime, que tem 28 anos, \u00e9 natural de S\u00e3o Jos\u00e9, e colaborou com a investiga\u00e7\u00e3o policial revelando o local onde foram encontrados os restos mortais da v\u00edtima.<\/p>\n<p>Nesta sexta-feira (12\/12), foi deflagrada opera\u00e7\u00e3o, com o cumprimento de cinco mandados de busca e apreens\u00e3o, pela equipe da DRAS\/DEIC com apoio de policiais da CORE, em Palho\u00e7a no Bairro Brejaru, e dois na Praia da Pinheira, sendo um dos alvos a boate onde aconteceu o crime, al\u00e9m de outros dois locais na regi\u00e3o do Rio Tavares, em Florian\u00f3polis.<\/p>\n<p>O autor preso possui antecedentes por crime de porte ilegal de arma de fogo e foi encaminhado ao Sistema Prisional. A investiga\u00e7\u00e3o prossegue, com per\u00edcias pela Pol\u00edcia Cient\u00edfica e a fim de apurar o envolvimento de outras pessoas e esclarecer as circunst\u00e2ncias precisas do qu\u00ea aconteceu.&nbsp;<\/p>\t\t\t\t\t\t\t\t<\/div>\n\t\t\t\t<\/div>\n\t\t\t\t\t<\/div>\n\t\t<\/div>\n\t\t\t\t\t<\/div>\n\t\t<\/section>\n\t\t\t\t<\/div>\n\t\t","protected":false},"excerpt":{"rendered":"<p>Pol\u00edcia Civil esclarece desaparecimento de irm\u00e3o de m\u00fasico e prende o respons\u00e1vel pelo crime A Pol\u00edcia Civil de Santa Catarina, por meio da Delegacia de Roubos e Antissequestro da Diretoria Estadual de Investiga\u00e7\u00f5es Criminais (DRAS\/DEIC), esclareceu o desaparecimento de um homem que tinha sido visto pela \u00faltima vez em 11 de outubro, na Praia da [&hellip;]<\/p>\n","protected":false},"author":5,"featured_media":35145,"comment_status":"closed","ping_status":"open","sticky":false,"template":"","format":"standard","meta":{"_monsterinsights_skip_tracking":false,"_monsterinsights_sitenote_active":false,"_monsterinsights_sitenote_note":"","_monsterinsights_sitenote_category":0,"footnotes":""},"categories":[1],"tags":[],"class_list":["post-35144","post","type-post","status-publish","format-standard","has-post-thumbnail","hentry","category-sem-categoria"],"_links":{"self":[{"href":"https:\/\/pc.sc.gov.br\/index.php?rest_route=\/wp\/v2\/posts\/35144","targetHints":{"allow":["GET"]}}],"collection":[{"href":"https:\/\/pc.sc.gov.br\/index.php?rest_route=\/wp\/v2\/posts"}],"about":[{"href":"https:\/\/pc.sc.gov.br\/index.php?rest_route=\/wp\/v2\/types\/post"}],"author":[{"embeddable":true,"href":"https:\/\/pc.sc.gov.br\/index.php?rest_route=\/wp\/v2\/users\/5"}],"replies":[{"embeddable":true,"href":"https:\/\/pc.sc.gov.br\/index.php?rest_route=%2Fwp%2Fv2%2Fcomments&post=35144"}],"version-history":[{"count":7,"href":"https:\/\/pc.sc.gov.br\/index.php?rest_route=\/wp\/v2\/posts\/35144\/revisions"}],"predecessor-version":[{"id":35152,"href":"https:\/\/pc.sc.gov.br\/index.php?rest_route=\/wp\/v2\/posts\/35144\/revisions\/35152"}],"wp:featuredmedia":[{"embeddable":true,"href":"https:\/\/pc.sc.gov.br\/index.php?rest_route=\/wp\/v2\/media\/35145"}],"wp:attachment":[{"href":"https:\/\/pc.sc.gov.br\/index.php?rest_route=%2Fwp%2Fv2%2Fmedia&parent=35144"}],"wp:term":[{"taxonomy":"category","embeddable":true,"href":"https:\/\/pc.sc.gov.br\/index.php?rest_route=%2Fwp%2Fv2%2Fcategories&post=35144"},{"taxonomy":"post_tag","embeddable":true,"href":"https:\/\/pc.sc.gov.br\/index.php?rest_route=%2Fwp%2Fv2%2Ftags&post=35144"}],"curies":[{"name":"wp","href":"https:\/\/api.w.org\/{rel}","templated":true}]}}