{"id":35166,"date":"2025-12-12T16:49:29","date_gmt":"2025-12-12T19:49:29","guid":{"rendered":"https:\/\/pc.sc.gov.br\/?p=35166"},"modified":"2025-12-12T16:51:18","modified_gmt":"2025-12-12T19:51:18","slug":"policia-civil-de-santa-catarina-lanca-concursos-publicos-com-300-vagas-para-agente-e-escrivao","status":"publish","type":"post","link":"https:\/\/pc.sc.gov.br\/?p=35166","title":{"rendered":"Pol\u00edcia Civil de Santa Catarina lan\u00e7a concursos p\u00fablicos com 300 vagas para Agente e Escriv\u00e3o"},"content":{"rendered":"\t\t<div data-elementor-type=\"wp-post\" data-elementor-id=\"35166\" class=\"elementor elementor-35166\" data-elementor-post-type=\"post\">\n\t\t\t\t\t\t<section class=\"elementor-section elementor-top-section elementor-element elementor-element-085a973 elementor-section-boxed elementor-section-height-default elementor-section-height-default\" data-id=\"085a973\" data-element_type=\"section\">\n\t\t\t\t\t\t<div class=\"elementor-container elementor-column-gap-default\">\n\t\t\t\t\t<div class=\"elementor-column elementor-col-100 elementor-top-column elementor-element elementor-element-c2b4845\" data-id=\"c2b4845\" data-element_type=\"column\">\n\t\t\t<div class=\"elementor-widget-wrap elementor-element-populated\">\n\t\t\t\t\t\t<div class=\"elementor-element elementor-element-90a5061 elementor-widget elementor-widget-heading\" data-id=\"90a5061\" data-element_type=\"widget\" data-widget_type=\"heading.default\">\n\t\t\t\t<div class=\"elementor-widget-container\">\n\t\t\t\t\t<h2 class=\"elementor-heading-title elementor-size-default\">Pol\u00edcia Civil de Santa Catarina lan\u00e7a concursos p\u00fablicos com 300 vagas para Agente e Escriv\u00e3o<\/h2>\t\t\t\t<\/div>\n\t\t\t\t<\/div>\n\t\t\t\t<div class=\"elementor-element elementor-element-b8e08d4 elementor-widget elementor-widget-image\" data-id=\"b8e08d4\" data-element_type=\"widget\" data-widget_type=\"image.default\">\n\t\t\t\t<div class=\"elementor-widget-container\">\n\t\t\t\t\t\t\t\t\t\t\t\t\t\t\t<img fetchpriority=\"high\" decoding=\"async\" width=\"696\" height=\"404\" src=\"https:\/\/pc.sc.gov.br\/\/wp-content\/uploads\/2025\/05\/54556333709_8b72d1c43b_c-e1761332681406.jpg\" class=\"attachment-large size-large wp-image-29110\" alt=\"\" srcset=\"https:\/\/pc.sc.gov.br\/\/wp-content\/uploads\/2025\/05\/54556333709_8b72d1c43b_c-e1761332681406.jpg 789w, https:\/\/pc.sc.gov.br\/\/wp-content\/uploads\/2025\/05\/54556333709_8b72d1c43b_c-e1761332681406-300x174.jpg 300w, https:\/\/pc.sc.gov.br\/\/wp-content\/uploads\/2025\/05\/54556333709_8b72d1c43b_c-e1761332681406-768x446.jpg 768w\" sizes=\"(max-width: 696px) 100vw, 696px\" \/>\t\t\t\t\t\t\t\t\t\t\t\t\t\t\t<\/div>\n\t\t\t\t<\/div>\n\t\t\t\t\t<\/div>\n\t\t<\/div>\n\t\t\t\t\t<\/div>\n\t\t<\/section>\n\t\t\t\t<section class=\"elementor-section elementor-top-section elementor-element elementor-element-23eadf9 elementor-section-boxed elementor-section-height-default elementor-section-height-default\" data-id=\"23eadf9\" data-element_type=\"section\">\n\t\t\t\t\t\t<div class=\"elementor-container elementor-column-gap-default\">\n\t\t\t\t\t<div class=\"elementor-column elementor-col-100 elementor-top-column elementor-element elementor-element-a638e5f\" data-id=\"a638e5f\" data-element_type=\"column\">\n\t\t\t<div class=\"elementor-widget-wrap elementor-element-populated\">\n\t\t\t\t\t\t<div class=\"elementor-element elementor-element-2ffb013 elementor-widget elementor-widget-post-info\" data-id=\"2ffb013\" data-element_type=\"widget\" data-widget_type=\"post-info.default\">\n\t\t\t\t<div class=\"elementor-widget-container\">\n\t\t\t\t\t\t\t<ul class=\"elementor-inline-items elementor-icon-list-items elementor-post-info\">\n\t\t\t\t\t\t\t\t<li class=\"elementor-icon-list-item elementor-repeater-item-3e83460 elementor-inline-item\" itemprop=\"author\">\n\t\t\t\t\t\t<a href=\"https:\/\/pc.sc.gov.br\/?author=5\">\n\t\t\t\t\t\t\t\t\t\t\t<span class=\"elementor-icon-list-icon\">\n\t\t\t\t\t\t\t\t<i aria-hidden=\"true\" class=\"far fa-user-circle\"><\/i>\t\t\t\t\t\t\t<\/span>\n\t\t\t\t\t\t\t\t\t<span class=\"elementor-icon-list-text elementor-post-info__item elementor-post-info__item--type-author\">\n\t\t\t\t\t\t\t\t\t\tStefany de Souza Alves\t\t\t\t\t<\/span>\n\t\t\t\t\t\t\t\t\t<\/a>\n\t\t\t\t<\/li>\n\t\t\t\t<li class=\"elementor-icon-list-item elementor-repeater-item-628860e elementor-inline-item\" itemprop=\"datePublished\">\n\t\t\t\t\t\t<a href=\"https:\/\/pc.sc.gov.br\/?m=20251212\">\n\t\t\t\t\t\t\t\t\t\t\t<span class=\"elementor-icon-list-icon\">\n\t\t\t\t\t\t\t\t<i aria-hidden=\"true\" class=\"fas fa-calendar\"><\/i>\t\t\t\t\t\t\t<\/span>\n\t\t\t\t\t\t\t\t\t<span class=\"elementor-icon-list-text elementor-post-info__item elementor-post-info__item--type-date\">\n\t\t\t\t\t\t\t\t\t\t<time>dezembro 12, 2025<\/time>\t\t\t\t\t<\/span>\n\t\t\t\t\t\t\t\t\t<\/a>\n\t\t\t\t<\/li>\n\t\t\t\t<li class=\"elementor-icon-list-item elementor-repeater-item-6c66386 elementor-inline-item\">\n\t\t\t\t\t\t\t\t\t\t<span class=\"elementor-icon-list-icon\">\n\t\t\t\t\t\t\t\t<i aria-hidden=\"true\" class=\"far fa-clock\"><\/i>\t\t\t\t\t\t\t<\/span>\n\t\t\t\t\t\t\t\t\t<span class=\"elementor-icon-list-text elementor-post-info__item elementor-post-info__item--type-time\">\n\t\t\t\t\t\t\t\t\t\t<time>4:49 pm<\/time>\t\t\t\t\t<\/span>\n\t\t\t\t\t\t\t\t<\/li>\n\t\t\t\t<\/ul>\n\t\t\t\t\t\t<\/div>\n\t\t\t\t<\/div>\n\t\t\t\t\t<\/div>\n\t\t<\/div>\n\t\t\t\t\t<\/div>\n\t\t<\/section>\n\t\t\t\t<section class=\"elementor-section elementor-top-section elementor-element elementor-element-65b3d3d elementor-section-boxed elementor-section-height-default elementor-section-height-default\" data-id=\"65b3d3d\" data-element_type=\"section\">\n\t\t\t\t\t\t<div class=\"elementor-container elementor-column-gap-default\">\n\t\t\t\t\t<div class=\"elementor-column elementor-col-100 elementor-top-column elementor-element elementor-element-6694342\" data-id=\"6694342\" data-element_type=\"column\">\n\t\t\t<div class=\"elementor-widget-wrap elementor-element-populated\">\n\t\t\t\t\t\t<div class=\"elementor-element elementor-element-5a012ce elementor-widget elementor-widget-text-editor\" data-id=\"5a012ce\" data-element_type=\"widget\" data-widget_type=\"text-editor.default\">\n\t\t\t\t<div class=\"elementor-widget-container\">\n\t\t\t\t\t\t\t\t\t<p>A Pol\u00edcia Civil de Santa Catarina (PCSC) anuncia a publica\u00e7\u00e3o de dois editais de concurso p\u00fablico (n.\u00ba 01\/2025 e n.\u00ba 02\/2025) no Di\u00e1rio Oficial do Estado desta sexta-feira, 12 de dezembro de 2025. Os certames oferecem 300 vagas de n\u00edvel superior para provimento nas carreiras de Agente de Pol\u00edcia Civil e Escriv\u00e3o de Pol\u00edcia Civil, refor\u00e7ando o quadro de servidores e contribuindo para o fortalecimento da seguran\u00e7a p\u00fablica no estado.<\/p>\n<p data-start=\"544\" data-end=\"1125\"><strong data-start=\"544\" data-end=\"577\">Vagas, requisitos e subs\u00eddios<\/strong><br data-start=\"577\" data-end=\"580\">O Edital n.\u00ba 01\/2025 disponibiliza 200 vagas para Agente de Pol\u00edcia Civil, sendo 190 para ampla concorr\u00eancia e 10 destinadas a pessoas com defici\u00eancia. J\u00e1 o Edital n.\u00ba 02\/2025 oferece 100 vagas para Escriv\u00e3o de Pol\u00edcia Civil, com 95 para ampla concorr\u00eancia e 5 para PcD. Ambos os cargos exigem n\u00edvel superior completo. O subs\u00eddio total previsto para abril de 2026 ser\u00e1 de R$ 7.840,00 para Agente e R$ 10.270,00 para Escriv\u00e3o, valores que incluem o sal\u00e1rio-base reajustado e o vale alimenta\u00e7\u00e3o de R$ 550,00. A taxa de inscri\u00e7\u00e3o ser\u00e1 de R$ 210,00.<\/p>\n<p data-start=\"1127\" data-end=\"1496\"><strong data-start=\"1127\" data-end=\"1175\">Per\u00edodo de inscri\u00e7\u00f5es e aplica\u00e7\u00e3o das provas<\/strong><br data-start=\"1175\" data-end=\"1178\">As inscri\u00e7\u00f5es estar\u00e3o abertas de 15 a 30 de dezembro de 2025, exclusivamente pelo site da banca organizadora, o IDECAN (<a href=\"http:\/\/www.idecan.org.br\" data-start=\"1298\" data-end=\"1315\">www.idecan.org.br<\/a>). A prova objetiva ser\u00e1 aplicada no dia 22 de mar\u00e7o de 2026, nas cidades de Blumenau, Chapec\u00f3, Crici\u00fama, Tubar\u00e3o, Florian\u00f3polis, Itaja\u00ed, Joa\u00e7aba, Joinville e Lages.<\/p>\n<p data-start=\"1498\" data-end=\"2006\"><strong data-start=\"1498\" data-end=\"1523\">Composi\u00e7\u00e3o das provas<\/strong><br data-start=\"1523\" data-end=\"1526\">A prova objetiva contar\u00e1 com 100 quest\u00f5es. Entre as disciplinas est\u00e3o No\u00e7\u00f5es de Direito Penal, Direito Processual Penal, Direito Constitucional, Direito Administrativo, Direitos Humanos, Legisla\u00e7\u00e3o Institucional, Tecnologia da Informa\u00e7\u00e3o, Seguran\u00e7a Cibern\u00e9tica e Crimes Digitais, No\u00e7\u00f5es de Contabilidade, L\u00edngua Portuguesa e Racioc\u00ednio L\u00f3gico-Matem\u00e1tico.<\/p>\n<p data-start=\"2008\" data-end=\"2067\"><strong data-start=\"2008\" data-end=\"2032\">Estrutura das etapas<\/strong><br data-start=\"2032\" data-end=\"2035\">Os concursos ter\u00e3o seis fases:<\/p>\n<ol>\n<li data-start=\"2071\" data-end=\"2120\">Prova objetiva (eliminat\u00f3ria e classificat\u00f3ria)<\/li>\n<li data-start=\"2124\" data-end=\"2167\">Prova de capacidade f\u00edsica (eliminat\u00f3ria)<\/li>\n<li data-start=\"2171\" data-end=\"2209\">Avalia\u00e7\u00e3o psicol\u00f3gica (eliminat\u00f3ria)<\/li>\n<li data-start=\"2213\" data-end=\"2249\">Investiga\u00e7\u00e3o social (eliminat\u00f3ria)<\/li>\n<li data-start=\"2253\" data-end=\"2316\">Exame toxicol\u00f3gico de larga janela de detec\u00e7\u00e3o (eliminat\u00f3ria)<\/li>\n<li data-start=\"2320\" data-end=\"2358\">Avalia\u00e7\u00e3o de t\u00edtulos (classificat\u00f3ria)<\/li>\n<\/ol>\n<p data-start=\"2360\" data-end=\"2602\">Os candidatos aprovados devem estar cientes de que, conforme a Lei Org\u00e2nica Nacional das Pol\u00edcias Civis (Lei n.\u00ba 14.735\/2023), os cargos de Agente e Escriv\u00e3o ser\u00e3o transformados em Oficial Investigador de Pol\u00edcia ap\u00f3s regulamenta\u00e7\u00e3o estadual.<\/p>\n<p data-start=\"2604\" data-end=\"2725\"><strong data-start=\"2604\" data-end=\"2626\">Acesso aos editais<\/strong><br data-start=\"2626\" data-end=\"2629\">Os interessados devem consultar os editais completos, dispon\u00edveis no&nbsp;<a href=\"https:\/\/portal.doe.sea.sc.gov.br\/repositorio\/2025\/20251212\/Jornal\/22660.pdf\" target=\"_blank\"><b>Di\u00e1rio Oficial do Estado<\/b><\/a>:<\/p>\n<ul>\n<li data-start=\"2728\" data-end=\"2804\">Edital de Agente (n.\u00ba 01\/2025): a partir da p\u00e1gina 21 do DOE\/SC n.\u00ba 22.660<\/li>\n<li data-start=\"2807\" data-end=\"2885\">Edital de Escriv\u00e3o (n.\u00ba 02\/2025): a partir da p\u00e1gina 41 do DOE\/SC n.\u00ba 22.660<\/li>\n<\/ul>\n<p data-start=\"2887\" data-end=\"2936\" data-is-last-node=\"\" data-is-only-node=\"\">Mais informa\u00e7\u00f5es e inscri\u00e7\u00f5es: <a href=\"http:\/\/www.idecan.org.br\" data-start=\"2918\" data-end=\"2935\">www.idecan.org.br<\/a>.<\/p>\t\t\t\t\t\t\t\t<\/div>\n\t\t\t\t<\/div>\n\t\t\t\t\t<\/div>\n\t\t<\/div>\n\t\t\t\t\t<\/div>\n\t\t<\/section>\n\t\t\t\t<\/div>\n\t\t","protected":false},"excerpt":{"rendered":"<p>Pol\u00edcia Civil de Santa Catarina lan\u00e7a concursos p\u00fablicos com 300 vagas para Agente e Escriv\u00e3o A Pol\u00edcia Civil de Santa Catarina (PCSC) anuncia a publica\u00e7\u00e3o de dois editais de concurso p\u00fablico (n.\u00ba 01\/2025 e n.\u00ba 02\/2025) no Di\u00e1rio Oficial do Estado desta sexta-feira, 12 de dezembro de 2025. Os certames oferecem 300 vagas de n\u00edvel [&hellip;]<\/p>\n","protected":false},"author":5,"featured_media":29110,"comment_status":"closed","ping_status":"open","sticky":false,"template":"","format":"standard","meta":{"_monsterinsights_skip_tracking":false,"_monsterinsights_sitenote_active":false,"_monsterinsights_sitenote_note":"","_monsterinsights_sitenote_category":0,"footnotes":""},"categories":[1],"tags":[],"class_list":["post-35166","post","type-post","status-publish","format-standard","has-post-thumbnail","hentry","category-sem-categoria"],"_links":{"self":[{"href":"https:\/\/pc.sc.gov.br\/index.php?rest_route=\/wp\/v2\/posts\/35166","targetHints":{"allow":["GET"]}}],"collection":[{"href":"https:\/\/pc.sc.gov.br\/index.php?rest_route=\/wp\/v2\/posts"}],"about":[{"href":"https:\/\/pc.sc.gov.br\/index.php?rest_route=\/wp\/v2\/types\/post"}],"author":[{"embeddable":true,"href":"https:\/\/pc.sc.gov.br\/index.php?rest_route=\/wp\/v2\/users\/5"}],"replies":[{"embeddable":true,"href":"https:\/\/pc.sc.gov.br\/index.php?rest_route=%2Fwp%2Fv2%2Fcomments&post=35166"}],"version-history":[{"count":7,"href":"https:\/\/pc.sc.gov.br\/index.php?rest_route=\/wp\/v2\/posts\/35166\/revisions"}],"predecessor-version":[{"id":35173,"href":"https:\/\/pc.sc.gov.br\/index.php?rest_route=\/wp\/v2\/posts\/35166\/revisions\/35173"}],"wp:featuredmedia":[{"embeddable":true,"href":"https:\/\/pc.sc.gov.br\/index.php?rest_route=\/wp\/v2\/media\/29110"}],"wp:attachment":[{"href":"https:\/\/pc.sc.gov.br\/index.php?rest_route=%2Fwp%2Fv2%2Fmedia&parent=35166"}],"wp:term":[{"taxonomy":"category","embeddable":true,"href":"https:\/\/pc.sc.gov.br\/index.php?rest_route=%2Fwp%2Fv2%2Fcategories&post=35166"},{"taxonomy":"post_tag","embeddable":true,"href":"https:\/\/pc.sc.gov.br\/index.php?rest_route=%2Fwp%2Fv2%2Ftags&post=35166"}],"curies":[{"name":"wp","href":"https:\/\/api.w.org\/{rel}","templated":true}]}}