{"id":35877,"date":"2026-01-26T18:05:52","date_gmt":"2026-01-26T21:05:52","guid":{"rendered":"https:\/\/pc.sc.gov.br\/?p=35877"},"modified":"2026-01-26T18:07:13","modified_gmt":"2026-01-26T21:07:13","slug":"policias-civil-e-militar-deflagram-operacao-conjunta-em-combate-ao-trafico-de-drogas-em-tubarao","status":"publish","type":"post","link":"https:\/\/pc.sc.gov.br\/?p=35877","title":{"rendered":"Pol\u00edcias Civil e Militar deflagram opera\u00e7\u00e3o conjunta em combate ao tr\u00e1fico de drogas em Tubar\u00e3o"},"content":{"rendered":"\t\t<div data-elementor-type=\"wp-post\" data-elementor-id=\"35877\" class=\"elementor elementor-35877\" data-elementor-post-type=\"post\">\n\t\t\t\t\t\t<section class=\"elementor-section elementor-top-section elementor-element elementor-element-0248932 elementor-section-boxed elementor-section-height-default elementor-section-height-default\" data-id=\"0248932\" data-element_type=\"section\">\n\t\t\t\t\t\t<div class=\"elementor-container elementor-column-gap-default\">\n\t\t\t\t\t<div class=\"elementor-column elementor-col-100 elementor-top-column elementor-element elementor-element-a51f7c0\" data-id=\"a51f7c0\" data-element_type=\"column\">\n\t\t\t<div class=\"elementor-widget-wrap elementor-element-populated\">\n\t\t\t\t\t\t<div class=\"elementor-element elementor-element-ae48409 elementor-widget elementor-widget-heading\" data-id=\"ae48409\" data-element_type=\"widget\" data-widget_type=\"heading.default\">\n\t\t\t\t<div class=\"elementor-widget-container\">\n\t\t\t\t\t<h2 class=\"elementor-heading-title elementor-size-default\">Pol\u00edcias Civil e Militar deflagram opera\u00e7\u00e3o conjunta em combate ao tr\u00e1fico de drogas em Tubar\u00e3o<\/h2>\t\t\t\t<\/div>\n\t\t\t\t<\/div>\n\t\t\t\t\t<\/div>\n\t\t<\/div>\n\t\t\t\t\t<\/div>\n\t\t<\/section>\n\t\t\t\t<section class=\"elementor-section elementor-top-section elementor-element elementor-element-8a35e8d elementor-section-boxed elementor-section-height-default elementor-section-height-default\" data-id=\"8a35e8d\" data-element_type=\"section\">\n\t\t\t\t\t\t<div class=\"elementor-container elementor-column-gap-default\">\n\t\t\t\t\t<div class=\"elementor-column elementor-col-100 elementor-top-column elementor-element elementor-element-4cb2c91\" data-id=\"4cb2c91\" data-element_type=\"column\">\n\t\t\t<div class=\"elementor-widget-wrap elementor-element-populated\">\n\t\t\t\t\t\t<div class=\"elementor-element elementor-element-331c5e1 elementor-widget elementor-widget-image\" data-id=\"331c5e1\" data-element_type=\"widget\" data-widget_type=\"image.default\">\n\t\t\t\t<div class=\"elementor-widget-container\">\n\t\t\t\t\t\t\t\t\t\t\t\t\t\t\t<img fetchpriority=\"high\" decoding=\"async\" width=\"696\" height=\"392\" src=\"https:\/\/pc.sc.gov.br\/\/wp-content\/uploads\/2026\/01\/WhatsApp-Image-2026-01-26-at-15.20.17-1024x576.jpeg\" class=\"attachment-large size-large wp-image-35878\" alt=\"\" srcset=\"https:\/\/pc.sc.gov.br\/\/wp-content\/uploads\/2026\/01\/WhatsApp-Image-2026-01-26-at-15.20.17-1024x576.jpeg 1024w, https:\/\/pc.sc.gov.br\/\/wp-content\/uploads\/2026\/01\/WhatsApp-Image-2026-01-26-at-15.20.17-300x169.jpeg 300w, https:\/\/pc.sc.gov.br\/\/wp-content\/uploads\/2026\/01\/WhatsApp-Image-2026-01-26-at-15.20.17-768x432.jpeg 768w, https:\/\/pc.sc.gov.br\/\/wp-content\/uploads\/2026\/01\/WhatsApp-Image-2026-01-26-at-15.20.17.jpeg 1280w\" sizes=\"(max-width: 696px) 100vw, 696px\" \/>\t\t\t\t\t\t\t\t\t\t\t\t\t\t\t<\/div>\n\t\t\t\t<\/div>\n\t\t\t\t\t<\/div>\n\t\t<\/div>\n\t\t\t\t\t<\/div>\n\t\t<\/section>\n\t\t\t\t<section class=\"elementor-section elementor-top-section elementor-element elementor-element-fd494be elementor-section-boxed elementor-section-height-default elementor-section-height-default\" data-id=\"fd494be\" data-element_type=\"section\">\n\t\t\t\t\t\t<div class=\"elementor-container elementor-column-gap-default\">\n\t\t\t\t\t<div class=\"elementor-column elementor-col-100 elementor-top-column elementor-element elementor-element-99f289a\" data-id=\"99f289a\" data-element_type=\"column\">\n\t\t\t<div class=\"elementor-widget-wrap elementor-element-populated\">\n\t\t\t\t\t\t<div class=\"elementor-element elementor-element-2052482 elementor-widget elementor-widget-post-info\" data-id=\"2052482\" data-element_type=\"widget\" data-widget_type=\"post-info.default\">\n\t\t\t\t<div class=\"elementor-widget-container\">\n\t\t\t\t\t\t\t<ul class=\"elementor-inline-items elementor-icon-list-items elementor-post-info\">\n\t\t\t\t\t\t\t\t<li class=\"elementor-icon-list-item elementor-repeater-item-a12a6a5 elementor-inline-item\" itemprop=\"author\">\n\t\t\t\t\t\t<a href=\"https:\/\/pc.sc.gov.br\/?author=5\">\n\t\t\t\t\t\t\t\t\t\t\t<span class=\"elementor-icon-list-icon\">\n\t\t\t\t\t\t\t\t<i aria-hidden=\"true\" class=\"far fa-user-circle\"><\/i>\t\t\t\t\t\t\t<\/span>\n\t\t\t\t\t\t\t\t\t<span class=\"elementor-icon-list-text elementor-post-info__item elementor-post-info__item--type-author\">\n\t\t\t\t\t\t\t\t\t\tStefany de Souza Alves\t\t\t\t\t<\/span>\n\t\t\t\t\t\t\t\t\t<\/a>\n\t\t\t\t<\/li>\n\t\t\t\t<li class=\"elementor-icon-list-item elementor-repeater-item-6defa9d elementor-inline-item\" itemprop=\"datePublished\">\n\t\t\t\t\t\t<a href=\"https:\/\/pc.sc.gov.br\/?m=20260126\">\n\t\t\t\t\t\t\t\t\t\t\t<span class=\"elementor-icon-list-icon\">\n\t\t\t\t\t\t\t\t<i aria-hidden=\"true\" class=\"fas fa-calendar\"><\/i>\t\t\t\t\t\t\t<\/span>\n\t\t\t\t\t\t\t\t\t<span class=\"elementor-icon-list-text elementor-post-info__item elementor-post-info__item--type-date\">\n\t\t\t\t\t\t\t\t\t\t<time>janeiro 26, 2026<\/time>\t\t\t\t\t<\/span>\n\t\t\t\t\t\t\t\t\t<\/a>\n\t\t\t\t<\/li>\n\t\t\t\t<li class=\"elementor-icon-list-item elementor-repeater-item-9c3d54a elementor-inline-item\">\n\t\t\t\t\t\t\t\t\t\t<span class=\"elementor-icon-list-icon\">\n\t\t\t\t\t\t\t\t<i aria-hidden=\"true\" class=\"far fa-clock\"><\/i>\t\t\t\t\t\t\t<\/span>\n\t\t\t\t\t\t\t\t\t<span class=\"elementor-icon-list-text elementor-post-info__item elementor-post-info__item--type-time\">\n\t\t\t\t\t\t\t\t\t\t<time>6:05 pm<\/time>\t\t\t\t\t<\/span>\n\t\t\t\t\t\t\t\t<\/li>\n\t\t\t\t<\/ul>\n\t\t\t\t\t\t<\/div>\n\t\t\t\t<\/div>\n\t\t\t\t\t<\/div>\n\t\t<\/div>\n\t\t\t\t\t<\/div>\n\t\t<\/section>\n\t\t\t\t<section class=\"elementor-section elementor-top-section elementor-element elementor-element-544495e elementor-section-boxed elementor-section-height-default elementor-section-height-default\" data-id=\"544495e\" data-element_type=\"section\">\n\t\t\t\t\t\t<div class=\"elementor-container elementor-column-gap-default\">\n\t\t\t\t\t<div class=\"elementor-column elementor-col-100 elementor-top-column elementor-element elementor-element-601eba2\" data-id=\"601eba2\" data-element_type=\"column\">\n\t\t\t<div class=\"elementor-widget-wrap elementor-element-populated\">\n\t\t\t\t\t\t<div class=\"elementor-element elementor-element-3c99a1d elementor-widget elementor-widget-text-editor\" data-id=\"3c99a1d\" data-element_type=\"widget\" data-widget_type=\"text-editor.default\">\n\t\t\t\t<div class=\"elementor-widget-container\">\n\t\t\t\t\t\t\t\t\t<p>A Pol\u00edcia Civil de Santa Catarina, por meio da Delegacia de Investiga\u00e7\u00e3o Criminal de Tubar\u00e3o, e a Pol\u00edcia Militar de Santa Catarina, por meio da Ag\u00eancia de Intelig\u00eancia, do PPT e do Canil do 5\u00ba BPM, deflagraram, na manh\u00e3 desta segunda-feira (26\/01), opera\u00e7\u00e3o conjunta de combate ao tr\u00e1fico de drogas na modalidade &#8220;tele entrega&#8221; em Tubar\u00e3o.<\/p><p>A a\u00e7\u00e3o resultou no cumprimento de dois mandados de busca e apreens\u00e3o domiciliar, expedidos pela Vara Regional de Garantias da Comarca de Tubar\u00e3o, em endere\u00e7os localizados no bairro S\u00e3o Martinho.<\/p><p>Durante as buscas, realizadas simultaneamente \u00e0s 6h10, foram apreendidos aproximadamente 2,5 quilos de drogas, incluindo maconha, crack e coca\u00edna, al\u00e9m de balan\u00e7as de precis\u00e3o, material de embalagem, anota\u00e7\u00f5es relacionadas ao tr\u00e1fico e valores em esp\u00e9cie que totalizam cerca de R$ 2.890,00. Em um dos endere\u00e7os tamb\u00e9m foram localizados quatro carregadores de pistola, cinco muni\u00e7\u00f5es e uma capa de colete bal\u00edstico.<\/p><p>Dois homens foram presos em flagrante. O primeiro foi autuado por tr\u00e1fico de drogas e posse irregular de muni\u00e7\u00e3o de uso permitido. O segundo responde por tr\u00e1fico de drogas.<\/p><p>A opera\u00e7\u00e3o contou com o apoio do c\u00e3o farejador da Pol\u00edcia Militar, que foi fundamental para a localiza\u00e7\u00e3o dos entorpecentes em um dos im\u00f3veis.<\/p><p>A investiga\u00e7\u00e3o teve in\u00edcio ap\u00f3s a pris\u00e3o recente de lideran\u00e7a de organiza\u00e7\u00e3o criminosa voltada ao tr\u00e1fico de drogas na regi\u00e3o. As dilig\u00eancias prosseguem para identificar outros integrantes do esquema criminoso.<\/p>\t\t\t\t\t\t\t\t<\/div>\n\t\t\t\t<\/div>\n\t\t\t\t\t<\/div>\n\t\t<\/div>\n\t\t\t\t\t<\/div>\n\t\t<\/section>\n\t\t\t\t<\/div>\n\t\t","protected":false},"excerpt":{"rendered":"<p>Pol\u00edcias Civil e Militar deflagram opera\u00e7\u00e3o conjunta em combate ao tr\u00e1fico de drogas em Tubar\u00e3o A Pol\u00edcia Civil de Santa Catarina, por meio da Delegacia de Investiga\u00e7\u00e3o Criminal de Tubar\u00e3o, e a Pol\u00edcia Militar de Santa Catarina, por meio da Ag\u00eancia de Intelig\u00eancia, do PPT e do Canil do 5\u00ba BPM, deflagraram, na manh\u00e3 desta [&hellip;]<\/p>\n","protected":false},"author":5,"featured_media":35878,"comment_status":"closed","ping_status":"open","sticky":false,"template":"","format":"standard","meta":{"_monsterinsights_skip_tracking":false,"_monsterinsights_sitenote_active":false,"_monsterinsights_sitenote_note":"","_monsterinsights_sitenote_category":0,"footnotes":""},"categories":[1],"tags":[],"class_list":["post-35877","post","type-post","status-publish","format-standard","has-post-thumbnail","hentry","category-sem-categoria"],"_links":{"self":[{"href":"https:\/\/pc.sc.gov.br\/index.php?rest_route=\/wp\/v2\/posts\/35877","targetHints":{"allow":["GET"]}}],"collection":[{"href":"https:\/\/pc.sc.gov.br\/index.php?rest_route=\/wp\/v2\/posts"}],"about":[{"href":"https:\/\/pc.sc.gov.br\/index.php?rest_route=\/wp\/v2\/types\/post"}],"author":[{"embeddable":true,"href":"https:\/\/pc.sc.gov.br\/index.php?rest_route=\/wp\/v2\/users\/5"}],"replies":[{"embeddable":true,"href":"https:\/\/pc.sc.gov.br\/index.php?rest_route=%2Fwp%2Fv2%2Fcomments&post=35877"}],"version-history":[{"count":4,"href":"https:\/\/pc.sc.gov.br\/index.php?rest_route=\/wp\/v2\/posts\/35877\/revisions"}],"predecessor-version":[{"id":35882,"href":"https:\/\/pc.sc.gov.br\/index.php?rest_route=\/wp\/v2\/posts\/35877\/revisions\/35882"}],"wp:featuredmedia":[{"embeddable":true,"href":"https:\/\/pc.sc.gov.br\/index.php?rest_route=\/wp\/v2\/media\/35878"}],"wp:attachment":[{"href":"https:\/\/pc.sc.gov.br\/index.php?rest_route=%2Fwp%2Fv2%2Fmedia&parent=35877"}],"wp:term":[{"taxonomy":"category","embeddable":true,"href":"https:\/\/pc.sc.gov.br\/index.php?rest_route=%2Fwp%2Fv2%2Fcategories&post=35877"},{"taxonomy":"post_tag","embeddable":true,"href":"https:\/\/pc.sc.gov.br\/index.php?rest_route=%2Fwp%2Fv2%2Ftags&post=35877"}],"curies":[{"name":"wp","href":"https:\/\/api.w.org\/{rel}","templated":true}]}}