{"id":35883,"date":"2026-01-26T18:13:19","date_gmt":"2026-01-26T21:13:19","guid":{"rendered":"https:\/\/pc.sc.gov.br\/?p=35883"},"modified":"2026-01-26T18:15:12","modified_gmt":"2026-01-26T21:15:12","slug":"policia-civil-cumpre-mandados-em-investigacao-de-maus-tratos-contra-o-cao-orelha","status":"publish","type":"post","link":"https:\/\/pc.sc.gov.br\/?p=35883","title":{"rendered":"Pol\u00edcia Civil cumpre mandados em investiga\u00e7\u00e3o de maus-tratos contra o c\u00e3o Orelha"},"content":{"rendered":"\t\t<div data-elementor-type=\"wp-post\" data-elementor-id=\"35883\" class=\"elementor elementor-35883\" data-elementor-post-type=\"post\">\n\t\t\t\t\t\t<section class=\"elementor-section elementor-top-section elementor-element elementor-element-4820cae elementor-section-boxed elementor-section-height-default elementor-section-height-default\" data-id=\"4820cae\" data-element_type=\"section\">\n\t\t\t\t\t\t<div class=\"elementor-container elementor-column-gap-default\">\n\t\t\t\t\t<div class=\"elementor-column elementor-col-100 elementor-top-column elementor-element elementor-element-37b5825\" data-id=\"37b5825\" data-element_type=\"column\">\n\t\t\t<div class=\"elementor-widget-wrap elementor-element-populated\">\n\t\t\t\t\t\t<div class=\"elementor-element elementor-element-3618a74 elementor-widget elementor-widget-heading\" data-id=\"3618a74\" data-element_type=\"widget\" data-widget_type=\"heading.default\">\n\t\t\t\t<div class=\"elementor-widget-container\">\n\t\t\t\t\t<h2 class=\"elementor-heading-title elementor-size-default\">Pol\u00edcia Civil cumpre mandados em investiga\u00e7\u00e3o de maus-tratos contra o c\u00e3o Orelha<\/h2>\t\t\t\t<\/div>\n\t\t\t\t<\/div>\n\t\t\t\t\t<\/div>\n\t\t<\/div>\n\t\t\t\t\t<\/div>\n\t\t<\/section>\n\t\t\t\t<section class=\"elementor-section elementor-top-section elementor-element elementor-element-8ad1b1e elementor-section-boxed elementor-section-height-default elementor-section-height-default\" data-id=\"8ad1b1e\" data-element_type=\"section\">\n\t\t\t\t\t\t<div class=\"elementor-container elementor-column-gap-default\">\n\t\t\t\t\t<div class=\"elementor-column elementor-col-100 elementor-top-column elementor-element elementor-element-ee0fa85\" data-id=\"ee0fa85\" data-element_type=\"column\">\n\t\t\t<div class=\"elementor-widget-wrap elementor-element-populated\">\n\t\t\t\t\t\t<div class=\"elementor-element elementor-element-b9ca14e elementor-widget elementor-widget-image\" data-id=\"b9ca14e\" data-element_type=\"widget\" data-widget_type=\"image.default\">\n\t\t\t\t<div class=\"elementor-widget-container\">\n\t\t\t\t\t\t\t\t\t\t\t\t\t\t\t<img fetchpriority=\"high\" decoding=\"async\" width=\"343\" height=\"421\" src=\"https:\/\/pc.sc.gov.br\/\/wp-content\/uploads\/2026\/01\/WhatsApp-Image-2026-01-26-at-12.00.13.jpeg\" class=\"attachment-large size-large wp-image-35884\" alt=\"\" srcset=\"https:\/\/pc.sc.gov.br\/\/wp-content\/uploads\/2026\/01\/WhatsApp-Image-2026-01-26-at-12.00.13.jpeg 343w, https:\/\/pc.sc.gov.br\/\/wp-content\/uploads\/2026\/01\/WhatsApp-Image-2026-01-26-at-12.00.13-244x300.jpeg 244w\" sizes=\"(max-width: 343px) 100vw, 343px\" \/>\t\t\t\t\t\t\t\t\t\t\t\t\t\t\t<\/div>\n\t\t\t\t<\/div>\n\t\t\t\t\t<\/div>\n\t\t<\/div>\n\t\t\t\t\t<\/div>\n\t\t<\/section>\n\t\t\t\t<section class=\"elementor-section elementor-top-section elementor-element elementor-element-7e41045 elementor-section-boxed elementor-section-height-default elementor-section-height-default\" data-id=\"7e41045\" data-element_type=\"section\">\n\t\t\t\t\t\t<div class=\"elementor-container elementor-column-gap-default\">\n\t\t\t\t\t<div class=\"elementor-column elementor-col-100 elementor-top-column elementor-element elementor-element-e8e733a\" data-id=\"e8e733a\" data-element_type=\"column\">\n\t\t\t<div class=\"elementor-widget-wrap elementor-element-populated\">\n\t\t\t\t\t\t<div class=\"elementor-element elementor-element-20dc5b6 elementor-widget elementor-widget-post-info\" data-id=\"20dc5b6\" data-element_type=\"widget\" data-widget_type=\"post-info.default\">\n\t\t\t\t<div class=\"elementor-widget-container\">\n\t\t\t\t\t\t\t<ul class=\"elementor-inline-items elementor-icon-list-items elementor-post-info\">\n\t\t\t\t\t\t\t\t<li class=\"elementor-icon-list-item elementor-repeater-item-86c2b3b elementor-inline-item\" itemprop=\"author\">\n\t\t\t\t\t\t<a href=\"https:\/\/pc.sc.gov.br\/?author=5\">\n\t\t\t\t\t\t\t\t\t\t\t<span class=\"elementor-icon-list-icon\">\n\t\t\t\t\t\t\t\t<i aria-hidden=\"true\" class=\"far fa-user-circle\"><\/i>\t\t\t\t\t\t\t<\/span>\n\t\t\t\t\t\t\t\t\t<span class=\"elementor-icon-list-text elementor-post-info__item elementor-post-info__item--type-author\">\n\t\t\t\t\t\t\t\t\t\tStefany de Souza Alves\t\t\t\t\t<\/span>\n\t\t\t\t\t\t\t\t\t<\/a>\n\t\t\t\t<\/li>\n\t\t\t\t<li class=\"elementor-icon-list-item elementor-repeater-item-3a8df53 elementor-inline-item\" itemprop=\"datePublished\">\n\t\t\t\t\t\t<a href=\"https:\/\/pc.sc.gov.br\/?m=20260126\">\n\t\t\t\t\t\t\t\t\t\t\t<span class=\"elementor-icon-list-icon\">\n\t\t\t\t\t\t\t\t<i aria-hidden=\"true\" class=\"fas fa-calendar\"><\/i>\t\t\t\t\t\t\t<\/span>\n\t\t\t\t\t\t\t\t\t<span class=\"elementor-icon-list-text elementor-post-info__item elementor-post-info__item--type-date\">\n\t\t\t\t\t\t\t\t\t\t<time>janeiro 26, 2026<\/time>\t\t\t\t\t<\/span>\n\t\t\t\t\t\t\t\t\t<\/a>\n\t\t\t\t<\/li>\n\t\t\t\t<li class=\"elementor-icon-list-item elementor-repeater-item-e90574a elementor-inline-item\">\n\t\t\t\t\t\t\t\t\t\t<span class=\"elementor-icon-list-icon\">\n\t\t\t\t\t\t\t\t<i aria-hidden=\"true\" class=\"far fa-clock\"><\/i>\t\t\t\t\t\t\t<\/span>\n\t\t\t\t\t\t\t\t\t<span class=\"elementor-icon-list-text elementor-post-info__item elementor-post-info__item--type-time\">\n\t\t\t\t\t\t\t\t\t\t<time>6:13 pm<\/time>\t\t\t\t\t<\/span>\n\t\t\t\t\t\t\t\t<\/li>\n\t\t\t\t<\/ul>\n\t\t\t\t\t\t<\/div>\n\t\t\t\t<\/div>\n\t\t\t\t\t<\/div>\n\t\t<\/div>\n\t\t\t\t\t<\/div>\n\t\t<\/section>\n\t\t\t\t<section class=\"elementor-section elementor-top-section elementor-element elementor-element-f672026 elementor-section-boxed elementor-section-height-default elementor-section-height-default\" data-id=\"f672026\" data-element_type=\"section\">\n\t\t\t\t\t\t<div class=\"elementor-container elementor-column-gap-default\">\n\t\t\t\t\t<div class=\"elementor-column elementor-col-100 elementor-top-column elementor-element elementor-element-9c7a6f2\" data-id=\"9c7a6f2\" data-element_type=\"column\">\n\t\t\t<div class=\"elementor-widget-wrap elementor-element-populated\">\n\t\t\t\t\t\t<div class=\"elementor-element elementor-element-a63ec61 elementor-widget elementor-widget-text-editor\" data-id=\"a63ec61\" data-element_type=\"widget\" data-widget_type=\"text-editor.default\">\n\t\t\t\t<div class=\"elementor-widget-container\">\n\t\t\t\t\t\t\t\t\t<p>A Pol\u00edcia Civil de Santa Catarina, por meio da Delegacia de Prote\u00e7\u00e3o Animal (DPA) e da Delegacia de Atendimento ao Adolescente em Conflito com a Lei (DEACLE) da Capital, deflagrou na manh\u00e3 desta segunda-feira (26\/01) uma opera\u00e7\u00e3o para o cumprimento de mandados de busca e apreens\u00e3o relacionados ao caso de maus-tratos contra o c\u00e3o Orelha. A a\u00e7\u00e3o contou com o apoio da Coordenadoria de Opera\u00e7\u00f5es com C\u00e3es &#8211; COPC e ocorreu em Florian\u00f3polis.<\/p><p>Os mandados foram expedidos no \u00e2mbito das investiga\u00e7\u00f5es que apuram atos infracionais de maus-tratos a animais e outros il\u00edcitos, supostamente praticados por adolescentes, e o crime de coa\u00e7\u00e3o no curso do processo, envolvendo fatos registrados na regi\u00e3o da Praia Brava. As dilig\u00eancias tiveram como objetivo a preserva\u00e7\u00e3o de elementos de prova para os procedimentos policiais.<\/p><p>Durante a opera\u00e7\u00e3o, foram cumpridos mandados em resid\u00eancias de adolescentes suspeitos e tamb\u00e9m nas casas de seus respons\u00e1veis legais. Al\u00e9m disso, foram realizadas buscas em endere\u00e7os ligados a adultos investigados por suposta coa\u00e7\u00e3o relacionada ao andamento do processo. Aparelhos celulares e outros dispositivos eletr\u00f4nicos foram apreendidos e passar\u00e3o por an\u00e1lise. Na data de hoje (26\/01), diversas pessoas est\u00e3o sendo ouvidas a respeito.<\/p><p>De acordo com a investiga\u00e7\u00e3o conduzida pela DPA e pela DEACLE, quatro jovens foram identificados como suspeitos da pr\u00e1tica dos atos infracionais de maus-tratos. Paralelamente, a Pol\u00edcia Civil tamb\u00e9m identificou tr\u00eas adultos suspeitos de envolvimento em a\u00e7\u00f5es de coa\u00e7\u00e3o e que s\u00e3o familiares dos adolescentes suspeitos.<\/p><p>Os investigados est\u00e3o sendo ouvidos nesta segunda-feira (26\/01) para prestar esclarecimentos sobre os fatos. Finalizados os procedimentos na Pol\u00edcia Civil, ser\u00e3o remetidos ao Poder Judici\u00e1rio e para aprecia\u00e7\u00e3o do Minist\u00e9rio P\u00fablico.<\/p>\t\t\t\t\t\t\t\t<\/div>\n\t\t\t\t<\/div>\n\t\t\t\t\t<\/div>\n\t\t<\/div>\n\t\t\t\t\t<\/div>\n\t\t<\/section>\n\t\t\t\t<\/div>\n\t\t","protected":false},"excerpt":{"rendered":"<p>Pol\u00edcia Civil cumpre mandados em investiga\u00e7\u00e3o de maus-tratos contra o c\u00e3o Orelha A Pol\u00edcia Civil de Santa Catarina, por meio da Delegacia de Prote\u00e7\u00e3o Animal (DPA) e da Delegacia de Atendimento ao Adolescente em Conflito com a Lei (DEACLE) da Capital, deflagrou na manh\u00e3 desta segunda-feira (26\/01) uma opera\u00e7\u00e3o para o cumprimento de mandados de [&hellip;]<\/p>\n","protected":false},"author":5,"featured_media":35884,"comment_status":"closed","ping_status":"open","sticky":false,"template":"","format":"standard","meta":{"_monsterinsights_skip_tracking":false,"_monsterinsights_sitenote_active":false,"_monsterinsights_sitenote_note":"","_monsterinsights_sitenote_category":0,"footnotes":""},"categories":[1],"tags":[],"class_list":["post-35883","post","type-post","status-publish","format-standard","has-post-thumbnail","hentry","category-sem-categoria"],"_links":{"self":[{"href":"https:\/\/pc.sc.gov.br\/index.php?rest_route=\/wp\/v2\/posts\/35883","targetHints":{"allow":["GET"]}}],"collection":[{"href":"https:\/\/pc.sc.gov.br\/index.php?rest_route=\/wp\/v2\/posts"}],"about":[{"href":"https:\/\/pc.sc.gov.br\/index.php?rest_route=\/wp\/v2\/types\/post"}],"author":[{"embeddable":true,"href":"https:\/\/pc.sc.gov.br\/index.php?rest_route=\/wp\/v2\/users\/5"}],"replies":[{"embeddable":true,"href":"https:\/\/pc.sc.gov.br\/index.php?rest_route=%2Fwp%2Fv2%2Fcomments&post=35883"}],"version-history":[{"count":4,"href":"https:\/\/pc.sc.gov.br\/index.php?rest_route=\/wp\/v2\/posts\/35883\/revisions"}],"predecessor-version":[{"id":35888,"href":"https:\/\/pc.sc.gov.br\/index.php?rest_route=\/wp\/v2\/posts\/35883\/revisions\/35888"}],"wp:featuredmedia":[{"embeddable":true,"href":"https:\/\/pc.sc.gov.br\/index.php?rest_route=\/wp\/v2\/media\/35884"}],"wp:attachment":[{"href":"https:\/\/pc.sc.gov.br\/index.php?rest_route=%2Fwp%2Fv2%2Fmedia&parent=35883"}],"wp:term":[{"taxonomy":"category","embeddable":true,"href":"https:\/\/pc.sc.gov.br\/index.php?rest_route=%2Fwp%2Fv2%2Fcategories&post=35883"},{"taxonomy":"post_tag","embeddable":true,"href":"https:\/\/pc.sc.gov.br\/index.php?rest_route=%2Fwp%2Fv2%2Ftags&post=35883"}],"curies":[{"name":"wp","href":"https:\/\/api.w.org\/{rel}","templated":true}]}}