{"id":35889,"date":"2026-01-26T18:26:48","date_gmt":"2026-01-26T21:26:48","guid":{"rendered":"https:\/\/pc.sc.gov.br\/?p=35889"},"modified":"2026-01-26T18:27:43","modified_gmt":"2026-01-26T21:27:43","slug":"policia-civil-participa-de-acao-conjunta-que-resulta-na-prisao-de-estelionatario-no-ceara","status":"publish","type":"post","link":"https:\/\/pc.sc.gov.br\/?p=35889","title":{"rendered":"Pol\u00edcia Civil participa de a\u00e7\u00e3o conjunta que resulta na pris\u00e3o de estelionat\u00e1rio no Cear\u00e1"},"content":{"rendered":"\t\t<div data-elementor-type=\"wp-post\" data-elementor-id=\"35889\" class=\"elementor elementor-35889\" data-elementor-post-type=\"post\">\n\t\t\t\t\t\t<section class=\"elementor-section elementor-top-section elementor-element elementor-element-751636d elementor-section-boxed elementor-section-height-default elementor-section-height-default\" data-id=\"751636d\" data-element_type=\"section\">\n\t\t\t\t\t\t<div class=\"elementor-container elementor-column-gap-default\">\n\t\t\t\t\t<div class=\"elementor-column elementor-col-100 elementor-top-column elementor-element elementor-element-a3303a5\" data-id=\"a3303a5\" data-element_type=\"column\">\n\t\t\t<div class=\"elementor-widget-wrap elementor-element-populated\">\n\t\t\t\t\t\t<div class=\"elementor-element elementor-element-0bad8f3 elementor-widget elementor-widget-heading\" data-id=\"0bad8f3\" data-element_type=\"widget\" data-widget_type=\"heading.default\">\n\t\t\t\t<div class=\"elementor-widget-container\">\n\t\t\t\t\t<h2 class=\"elementor-heading-title elementor-size-default\">Pol\u00edcia Civil participa de a\u00e7\u00e3o conjunta que resulta na pris\u00e3o de estelionat\u00e1rio no Cear\u00e1<\/h2>\t\t\t\t<\/div>\n\t\t\t\t<\/div>\n\t\t\t\t\t<\/div>\n\t\t<\/div>\n\t\t\t\t\t<\/div>\n\t\t<\/section>\n\t\t\t\t<section class=\"elementor-section elementor-top-section elementor-element elementor-element-67389cf elementor-section-boxed elementor-section-height-default elementor-section-height-default\" data-id=\"67389cf\" data-element_type=\"section\">\n\t\t\t\t\t\t<div class=\"elementor-container elementor-column-gap-default\">\n\t\t\t\t\t<div class=\"elementor-column elementor-col-100 elementor-top-column elementor-element elementor-element-4a1da47\" data-id=\"4a1da47\" data-element_type=\"column\">\n\t\t\t<div class=\"elementor-widget-wrap elementor-element-populated\">\n\t\t\t\t\t\t<div class=\"elementor-element elementor-element-0969ff9 elementor-widget elementor-widget-image\" data-id=\"0969ff9\" data-element_type=\"widget\" data-widget_type=\"image.default\">\n\t\t\t\t<div class=\"elementor-widget-container\">\n\t\t\t\t\t\t\t\t\t\t\t\t\t\t\t<img fetchpriority=\"high\" decoding=\"async\" width=\"696\" height=\"404\" src=\"https:\/\/pc.sc.gov.br\/\/wp-content\/uploads\/2025\/05\/54556333709_8b72d1c43b_c-e1761332681406.jpg\" class=\"attachment-large size-large wp-image-29110\" alt=\"\" srcset=\"https:\/\/pc.sc.gov.br\/\/wp-content\/uploads\/2025\/05\/54556333709_8b72d1c43b_c-e1761332681406.jpg 789w, https:\/\/pc.sc.gov.br\/\/wp-content\/uploads\/2025\/05\/54556333709_8b72d1c43b_c-e1761332681406-300x174.jpg 300w, https:\/\/pc.sc.gov.br\/\/wp-content\/uploads\/2025\/05\/54556333709_8b72d1c43b_c-e1761332681406-768x446.jpg 768w\" sizes=\"(max-width: 696px) 100vw, 696px\" \/>\t\t\t\t\t\t\t\t\t\t\t\t\t\t\t<\/div>\n\t\t\t\t<\/div>\n\t\t\t\t\t<\/div>\n\t\t<\/div>\n\t\t\t\t\t<\/div>\n\t\t<\/section>\n\t\t\t\t<section class=\"elementor-section elementor-top-section elementor-element elementor-element-6f6dfbb elementor-section-boxed elementor-section-height-default elementor-section-height-default\" data-id=\"6f6dfbb\" data-element_type=\"section\">\n\t\t\t\t\t\t<div class=\"elementor-container elementor-column-gap-default\">\n\t\t\t\t\t<div class=\"elementor-column elementor-col-100 elementor-top-column elementor-element elementor-element-d4041a3\" data-id=\"d4041a3\" data-element_type=\"column\">\n\t\t\t<div class=\"elementor-widget-wrap elementor-element-populated\">\n\t\t\t\t\t\t<div class=\"elementor-element elementor-element-bc99fe5 elementor-widget elementor-widget-post-info\" data-id=\"bc99fe5\" data-element_type=\"widget\" data-widget_type=\"post-info.default\">\n\t\t\t\t<div class=\"elementor-widget-container\">\n\t\t\t\t\t\t\t<ul class=\"elementor-inline-items elementor-icon-list-items elementor-post-info\">\n\t\t\t\t\t\t\t\t<li class=\"elementor-icon-list-item elementor-repeater-item-1b345bc elementor-inline-item\" itemprop=\"author\">\n\t\t\t\t\t\t<a href=\"https:\/\/pc.sc.gov.br\/?author=5\">\n\t\t\t\t\t\t\t\t\t\t\t<span class=\"elementor-icon-list-icon\">\n\t\t\t\t\t\t\t\t<i aria-hidden=\"true\" class=\"far fa-user-circle\"><\/i>\t\t\t\t\t\t\t<\/span>\n\t\t\t\t\t\t\t\t\t<span class=\"elementor-icon-list-text elementor-post-info__item elementor-post-info__item--type-author\">\n\t\t\t\t\t\t\t\t\t\tStefany de Souza Alves\t\t\t\t\t<\/span>\n\t\t\t\t\t\t\t\t\t<\/a>\n\t\t\t\t<\/li>\n\t\t\t\t<li class=\"elementor-icon-list-item elementor-repeater-item-33509b2 elementor-inline-item\" itemprop=\"datePublished\">\n\t\t\t\t\t\t<a href=\"https:\/\/pc.sc.gov.br\/?m=20260126\">\n\t\t\t\t\t\t\t\t\t\t\t<span class=\"elementor-icon-list-icon\">\n\t\t\t\t\t\t\t\t<i aria-hidden=\"true\" class=\"fas fa-calendar\"><\/i>\t\t\t\t\t\t\t<\/span>\n\t\t\t\t\t\t\t\t\t<span class=\"elementor-icon-list-text elementor-post-info__item elementor-post-info__item--type-date\">\n\t\t\t\t\t\t\t\t\t\t<time>janeiro 26, 2026<\/time>\t\t\t\t\t<\/span>\n\t\t\t\t\t\t\t\t\t<\/a>\n\t\t\t\t<\/li>\n\t\t\t\t<li class=\"elementor-icon-list-item elementor-repeater-item-436c66d elementor-inline-item\">\n\t\t\t\t\t\t\t\t\t\t<span class=\"elementor-icon-list-icon\">\n\t\t\t\t\t\t\t\t<i aria-hidden=\"true\" class=\"far fa-clock\"><\/i>\t\t\t\t\t\t\t<\/span>\n\t\t\t\t\t\t\t\t\t<span class=\"elementor-icon-list-text elementor-post-info__item elementor-post-info__item--type-time\">\n\t\t\t\t\t\t\t\t\t\t<time>6:26 pm<\/time>\t\t\t\t\t<\/span>\n\t\t\t\t\t\t\t\t<\/li>\n\t\t\t\t<\/ul>\n\t\t\t\t\t\t<\/div>\n\t\t\t\t<\/div>\n\t\t\t\t\t<\/div>\n\t\t<\/div>\n\t\t\t\t\t<\/div>\n\t\t<\/section>\n\t\t\t\t<section class=\"elementor-section elementor-top-section elementor-element elementor-element-8ae03cd elementor-section-boxed elementor-section-height-default elementor-section-height-default\" data-id=\"8ae03cd\" data-element_type=\"section\">\n\t\t\t\t\t\t<div class=\"elementor-container elementor-column-gap-default\">\n\t\t\t\t\t<div class=\"elementor-column elementor-col-100 elementor-top-column elementor-element elementor-element-faaabfd\" data-id=\"faaabfd\" data-element_type=\"column\">\n\t\t\t<div class=\"elementor-widget-wrap elementor-element-populated\">\n\t\t\t\t\t\t<div class=\"elementor-element elementor-element-d1cc9f4 elementor-widget elementor-widget-text-editor\" data-id=\"d1cc9f4\" data-element_type=\"widget\" data-widget_type=\"text-editor.default\">\n\t\t\t\t<div class=\"elementor-widget-container\">\n\t\t\t\t\t\t\t\t\t<p>No s\u00e1bado (23\/01), foi preso no Cear\u00e1 o respons\u00e1vel pelo crime do \u201cfalso advogado\u201d que vitimou um catarinense em 2024, com preju\u00edzo de R$270.000,00.\u00a0 Ap\u00f3s o compartilhamento de informa\u00e7\u00f5es entre a Pol\u00edcia Civil de Santa Catarina e a Coordena\u00e7\u00e3o-Geral de Repress\u00e3o a Crimes Cibern\u00e9ticos &#8211; CIBERLAB\/DIOPI\/SENASP\/MJSP, o criminoso foi localizado, em a\u00e7\u00e3o conjunta com a Coordenadoria de Intelig\u00eancia\/SSPDS e com PMCE, em Maracana\u00fa\/CE.<\/p><p>A investiga\u00e7\u00e3o foi realizada pela Delegacia de Combate a Estelionatos da Capital, culminando com a OPERA\u00c7\u00c3O LITIS SIMULATIO, realizada em 23\/10\/25, em decorr\u00eancia da qual foi identificado o autor do crime.<\/p><p><strong>Esquema Fraudulento<\/strong><\/p><p>As investiga\u00e7\u00f5es tiveram in\u00edcio ap\u00f3s o registro de ocorr\u00eancia em 2024 por uma v\u00edtima, domiciliada em Florian\u00f3polis\/SC, que relatou ter um processo judicial contra o Estado de Santa Catarina e ap\u00f3s receber contatos por telefone de golpistas, que se apresentavam ora como seu advogado, ora como &#8220;secretaria\u201d dele, acabou transferindo aproximadamente R$270.000,00 aos criminosos acreditando que se tratava de pagamento de &#8220;taxas&#8221; e &#8220;custas processuais&#8221; inexistentes.<\/p><p>Na ocasi\u00e3o, foram expedidos pela Vara Regional de Garantias da Capital Catarinense 25 mandados de buscas domiciliares e 16 mandados de pris\u00f5es tempor\u00e1rias, em cumprimento nesta data nos Estados do Cear\u00e1 e do Rio de Janeiro, referentes a suspeitos e pessoas que receberam valores da fraude em suas contas banc\u00e1rias.<\/p><p>Identificado o autor do crime, a PCSC representou pela sua pris\u00e3o preventiva e com a a\u00e7\u00e3o conjunta entre os referidos \u00f3rg\u00e3os o indiciado foi localizado e preso no Cear\u00e1.<\/p>\t\t\t\t\t\t\t\t<\/div>\n\t\t\t\t<\/div>\n\t\t\t\t\t<\/div>\n\t\t<\/div>\n\t\t\t\t\t<\/div>\n\t\t<\/section>\n\t\t\t\t<\/div>\n\t\t","protected":false},"excerpt":{"rendered":"<p>Pol\u00edcia Civil participa de a\u00e7\u00e3o conjunta que resulta na pris\u00e3o de estelionat\u00e1rio no Cear\u00e1 No s\u00e1bado (23\/01), foi preso no Cear\u00e1 o respons\u00e1vel pelo crime do \u201cfalso advogado\u201d que vitimou um catarinense em 2024, com preju\u00edzo de R$270.000,00.\u00a0 Ap\u00f3s o compartilhamento de informa\u00e7\u00f5es entre a Pol\u00edcia Civil de Santa Catarina e a Coordena\u00e7\u00e3o-Geral de Repress\u00e3o [&hellip;]<\/p>\n","protected":false},"author":5,"featured_media":29110,"comment_status":"closed","ping_status":"open","sticky":false,"template":"","format":"standard","meta":{"_monsterinsights_skip_tracking":false,"_monsterinsights_sitenote_active":false,"_monsterinsights_sitenote_note":"","_monsterinsights_sitenote_category":0,"footnotes":""},"categories":[1],"tags":[],"class_list":["post-35889","post","type-post","status-publish","format-standard","has-post-thumbnail","hentry","category-sem-categoria"],"_links":{"self":[{"href":"https:\/\/pc.sc.gov.br\/index.php?rest_route=\/wp\/v2\/posts\/35889","targetHints":{"allow":["GET"]}}],"collection":[{"href":"https:\/\/pc.sc.gov.br\/index.php?rest_route=\/wp\/v2\/posts"}],"about":[{"href":"https:\/\/pc.sc.gov.br\/index.php?rest_route=\/wp\/v2\/types\/post"}],"author":[{"embeddable":true,"href":"https:\/\/pc.sc.gov.br\/index.php?rest_route=\/wp\/v2\/users\/5"}],"replies":[{"embeddable":true,"href":"https:\/\/pc.sc.gov.br\/index.php?rest_route=%2Fwp%2Fv2%2Fcomments&post=35889"}],"version-history":[{"count":4,"href":"https:\/\/pc.sc.gov.br\/index.php?rest_route=\/wp\/v2\/posts\/35889\/revisions"}],"predecessor-version":[{"id":35893,"href":"https:\/\/pc.sc.gov.br\/index.php?rest_route=\/wp\/v2\/posts\/35889\/revisions\/35893"}],"wp:featuredmedia":[{"embeddable":true,"href":"https:\/\/pc.sc.gov.br\/index.php?rest_route=\/wp\/v2\/media\/29110"}],"wp:attachment":[{"href":"https:\/\/pc.sc.gov.br\/index.php?rest_route=%2Fwp%2Fv2%2Fmedia&parent=35889"}],"wp:term":[{"taxonomy":"category","embeddable":true,"href":"https:\/\/pc.sc.gov.br\/index.php?rest_route=%2Fwp%2Fv2%2Fcategories&post=35889"},{"taxonomy":"post_tag","embeddable":true,"href":"https:\/\/pc.sc.gov.br\/index.php?rest_route=%2Fwp%2Fv2%2Ftags&post=35889"}],"curies":[{"name":"wp","href":"https:\/\/api.w.org\/{rel}","templated":true}]}}