{"id":35894,"date":"2026-01-27T12:52:21","date_gmt":"2026-01-27T15:52:21","guid":{"rendered":"https:\/\/pc.sc.gov.br\/?p=35894"},"modified":"2026-01-27T12:54:10","modified_gmt":"2026-01-27T15:54:10","slug":"policia-civil-divulga-informacoes-sobre-procedimentos-que-investigam-atos-criminosos-do-caso-do-cao-orelha-na-capital","status":"publish","type":"post","link":"https:\/\/pc.sc.gov.br\/?p=35894","title":{"rendered":"Pol\u00edcia Civil divulga informa\u00e7\u00f5es sobre procedimentos que investigam atos criminosos do caso do C\u00e3o Orelha na Capital"},"content":{"rendered":"\t\t<div data-elementor-type=\"wp-post\" data-elementor-id=\"35894\" class=\"elementor elementor-35894\" data-elementor-post-type=\"post\">\n\t\t\t\t\t\t<section class=\"elementor-section elementor-top-section elementor-element elementor-element-f64f795 elementor-section-boxed elementor-section-height-default elementor-section-height-default\" data-id=\"f64f795\" data-element_type=\"section\">\n\t\t\t\t\t\t<div class=\"elementor-container elementor-column-gap-default\">\n\t\t\t\t\t<div class=\"elementor-column elementor-col-100 elementor-top-column elementor-element elementor-element-162d22e\" data-id=\"162d22e\" data-element_type=\"column\">\n\t\t\t<div class=\"elementor-widget-wrap elementor-element-populated\">\n\t\t\t\t\t\t<div class=\"elementor-element elementor-element-b5ac693 elementor-widget elementor-widget-heading\" data-id=\"b5ac693\" data-element_type=\"widget\" data-widget_type=\"heading.default\">\n\t\t\t\t<div class=\"elementor-widget-container\">\n\t\t\t\t\t<h2 class=\"elementor-heading-title elementor-size-default\">Pol\u00edcia Civil divulga informa\u00e7\u00f5es sobre procedimentos que investigam atos criminosos do caso do C\u00e3o Orelha na Capital<\/h2>\t\t\t\t<\/div>\n\t\t\t\t<\/div>\n\t\t\t\t\t<\/div>\n\t\t<\/div>\n\t\t\t\t\t<\/div>\n\t\t<\/section>\n\t\t\t\t<section class=\"elementor-section elementor-top-section elementor-element elementor-element-6872e32 elementor-section-boxed elementor-section-height-default elementor-section-height-default\" data-id=\"6872e32\" data-element_type=\"section\">\n\t\t\t\t\t\t<div class=\"elementor-container elementor-column-gap-default\">\n\t\t\t\t\t<div class=\"elementor-column elementor-col-100 elementor-top-column elementor-element elementor-element-1047476\" data-id=\"1047476\" data-element_type=\"column\">\n\t\t\t<div class=\"elementor-widget-wrap elementor-element-populated\">\n\t\t\t\t\t\t<div class=\"elementor-element elementor-element-ad5b2c7 elementor-widget elementor-widget-image\" data-id=\"ad5b2c7\" data-element_type=\"widget\" data-widget_type=\"image.default\">\n\t\t\t\t<div class=\"elementor-widget-container\">\n\t\t\t\t\t\t\t\t\t\t\t\t\t\t\t<img fetchpriority=\"high\" decoding=\"async\" width=\"696\" height=\"464\" src=\"https:\/\/pc.sc.gov.br\/\/wp-content\/uploads\/2026\/01\/LEO_0524-1024x683.jpg\" class=\"attachment-large size-large wp-image-35896\" alt=\"\" srcset=\"https:\/\/pc.sc.gov.br\/\/wp-content\/uploads\/2026\/01\/LEO_0524-1024x683.jpg 1024w, https:\/\/pc.sc.gov.br\/\/wp-content\/uploads\/2026\/01\/LEO_0524-300x200.jpg 300w, https:\/\/pc.sc.gov.br\/\/wp-content\/uploads\/2026\/01\/LEO_0524-768x512.jpg 768w, https:\/\/pc.sc.gov.br\/\/wp-content\/uploads\/2026\/01\/LEO_0524-1536x1024.jpg 1536w, https:\/\/pc.sc.gov.br\/\/wp-content\/uploads\/2026\/01\/LEO_0524-2048x1365.jpg 2048w\" sizes=\"(max-width: 696px) 100vw, 696px\" \/>\t\t\t\t\t\t\t\t\t\t\t\t\t\t\t<\/div>\n\t\t\t\t<\/div>\n\t\t\t\t\t<\/div>\n\t\t<\/div>\n\t\t\t\t\t<\/div>\n\t\t<\/section>\n\t\t\t\t<section class=\"elementor-section elementor-top-section elementor-element elementor-element-a4f1de0 elementor-section-boxed elementor-section-height-default elementor-section-height-default\" data-id=\"a4f1de0\" data-element_type=\"section\">\n\t\t\t\t\t\t<div class=\"elementor-container elementor-column-gap-default\">\n\t\t\t\t\t<div class=\"elementor-column elementor-col-100 elementor-top-column elementor-element elementor-element-8ec1e1c\" data-id=\"8ec1e1c\" data-element_type=\"column\">\n\t\t\t<div class=\"elementor-widget-wrap elementor-element-populated\">\n\t\t\t\t\t\t<div class=\"elementor-element elementor-element-e40efcc elementor-widget elementor-widget-post-info\" data-id=\"e40efcc\" data-element_type=\"widget\" data-widget_type=\"post-info.default\">\n\t\t\t\t<div class=\"elementor-widget-container\">\n\t\t\t\t\t\t\t<ul class=\"elementor-inline-items elementor-icon-list-items elementor-post-info\">\n\t\t\t\t\t\t\t\t<li class=\"elementor-icon-list-item elementor-repeater-item-7065c2c elementor-inline-item\" itemprop=\"author\">\n\t\t\t\t\t\t<a href=\"https:\/\/pc.sc.gov.br\/?author=5\">\n\t\t\t\t\t\t\t\t\t\t\t<span class=\"elementor-icon-list-icon\">\n\t\t\t\t\t\t\t\t<i aria-hidden=\"true\" class=\"far fa-user-circle\"><\/i>\t\t\t\t\t\t\t<\/span>\n\t\t\t\t\t\t\t\t\t<span class=\"elementor-icon-list-text elementor-post-info__item elementor-post-info__item--type-author\">\n\t\t\t\t\t\t\t\t\t\tStefany de Souza Alves\t\t\t\t\t<\/span>\n\t\t\t\t\t\t\t\t\t<\/a>\n\t\t\t\t<\/li>\n\t\t\t\t<li class=\"elementor-icon-list-item elementor-repeater-item-b50c15e elementor-inline-item\" itemprop=\"datePublished\">\n\t\t\t\t\t\t<a href=\"https:\/\/pc.sc.gov.br\/?m=20260127\">\n\t\t\t\t\t\t\t\t\t\t\t<span class=\"elementor-icon-list-icon\">\n\t\t\t\t\t\t\t\t<i aria-hidden=\"true\" class=\"fas fa-calendar\"><\/i>\t\t\t\t\t\t\t<\/span>\n\t\t\t\t\t\t\t\t\t<span class=\"elementor-icon-list-text elementor-post-info__item elementor-post-info__item--type-date\">\n\t\t\t\t\t\t\t\t\t\t<time>janeiro 27, 2026<\/time>\t\t\t\t\t<\/span>\n\t\t\t\t\t\t\t\t\t<\/a>\n\t\t\t\t<\/li>\n\t\t\t\t<li class=\"elementor-icon-list-item elementor-repeater-item-0ba4e98 elementor-inline-item\">\n\t\t\t\t\t\t\t\t\t\t<span class=\"elementor-icon-list-icon\">\n\t\t\t\t\t\t\t\t<i aria-hidden=\"true\" class=\"far fa-clock\"><\/i>\t\t\t\t\t\t\t<\/span>\n\t\t\t\t\t\t\t\t\t<span class=\"elementor-icon-list-text elementor-post-info__item elementor-post-info__item--type-time\">\n\t\t\t\t\t\t\t\t\t\t<time>12:52 pm<\/time>\t\t\t\t\t<\/span>\n\t\t\t\t\t\t\t\t<\/li>\n\t\t\t\t<\/ul>\n\t\t\t\t\t\t<\/div>\n\t\t\t\t<\/div>\n\t\t\t\t\t<\/div>\n\t\t<\/div>\n\t\t\t\t\t<\/div>\n\t\t<\/section>\n\t\t\t\t<section class=\"elementor-section elementor-top-section elementor-element elementor-element-4302355 elementor-section-boxed elementor-section-height-default elementor-section-height-default\" data-id=\"4302355\" data-element_type=\"section\">\n\t\t\t\t\t\t<div class=\"elementor-container elementor-column-gap-default\">\n\t\t\t\t\t<div class=\"elementor-column elementor-col-100 elementor-top-column elementor-element elementor-element-4b5467e\" data-id=\"4b5467e\" data-element_type=\"column\">\n\t\t\t<div class=\"elementor-widget-wrap elementor-element-populated\">\n\t\t\t\t\t\t<div class=\"elementor-element elementor-element-af0f4d7 elementor-widget elementor-widget-text-editor\" data-id=\"af0f4d7\" data-element_type=\"widget\" data-widget_type=\"text-editor.default\">\n\t\t\t\t<div class=\"elementor-widget-container\">\n\t\t\t\t\t\t\t\t\t<p>Nesta ter\u00e7a-feira (27\/01), a Pol\u00edcia Civil de Santa Catarina realizou coletiva de imprensa para apresentar os avan\u00e7os da investiga\u00e7\u00e3o sobre o caso de maus-tratos contra o c\u00e3o Orelha, que mobilizou a atua\u00e7\u00e3o da institui\u00e7\u00e3o e que teve grande repercuss\u00e3o popular nos \u00faltimos dias. O crime ocorreu no in\u00edcio de janeiro deste ano, quando a Pol\u00edcia Civil tomou conhecimento sobre agress\u00f5es praticadas contra o c\u00e3o comunit\u00e1rio, na Praia Brava, em Florian\u00f3polis. Devido \u00e0 gravidade dos ferimentos, o animal veio a \u00f3bito durante o atendimento m\u00e9dico-veterin\u00e1rio.<\/p><p>Diante disso, a Pol\u00edcia Civil instaurou procedimentos policiais para apurar os fatos que envolvem o caso, assim como investigar demais il\u00edcitos, que h\u00e1 suspeitas que tamb\u00e9m tenham sido praticadas pelo mesmo grupo.\u00a0<\/p><p>Dessa forma, foi instaurado auto de apura\u00e7\u00e3o de ato infracional, por parte da Delegacia de Atendimento ao Adolescente em Conflito com a Lei da Capital (DEACLE), ap\u00f3s ter sido constatado no bojo da investiga\u00e7\u00e3o a suspeita de envolvimento de adolescentes. J\u00e1 o inqu\u00e9rito policial, instaurado para apurar a coa\u00e7\u00e3o realizada por familiares dos adolescentes investigados a testemunhas, foi conduzido pela Delegacia de Prote\u00e7\u00e3o Animal da Capital (DPA).<\/p><p>Ontem (26\/01), a DPA e a DEACLE cumpriram mandados de busca e apreens\u00e3o a resid\u00eancias, tanto dos adolescentes suspeitos dos maus-tratos a animais e outros atos il\u00edcitos na Praia Brava quanto dos adultos que teriam coagido testemunhas. Foram apreendidos celulares e eletr\u00f4nicos dos adolescentes, cujas an\u00e1lises corroborar\u00e3o com os elementos probat\u00f3rios j\u00e1 colhidos pela Pol\u00edcia Civil.<\/p><p>No \u00e2mbito da DPA, o inqu\u00e9rito foi conclu\u00eddo. Familiares dos adolescentes, sendo um advogado e dois empres\u00e1rios, ap\u00f3s serem interrogados, foram indiciados pelo crime de coa\u00e7\u00e3o no curso do processo. O inqu\u00e9rito policial foi remetido ao F\u00f3rum.<\/p><p>\u201cImportante destacar que a Pol\u00edcia Civil, em nenhum momento, parou. S\u00f3 por meio do procedimento da DPA, ouviu mais de 20 pessoas e analisou mais de 72 horas de imagens de um total de 14 c\u00e2meras de monitoramento, sejam elas p\u00fablicas ou privadas, apenas referentes ao fato do c\u00e3o Orelha, o que totaliza mais de 1000 horas de grava\u00e7\u00f5es para an\u00e1lise, fora as imagens dos demais atos criminosos conexos a essa situa\u00e7\u00e3o\u201d, destacou a delegada Mardjoli.\u00a0<\/p><p>Sobre os adolescentes identificados, o procedimento agora ser\u00e1 conclu\u00eddo na DEACLE, pois a Pol\u00edcia Civil precisava cumprir medidas cautelares antes das oitivas dos suspeitos e, na \u00faltima semana, ainda n\u00e3o havia obtido todos os mandados judiciais.<\/p><p>O delegado-geral da PCSC, Ulisses Gabriel, que adotou o c\u00e3o Caramelo, o qual \u00e9 um dos c\u00e3es envolvidos nos casos de maus-tratos, na coletiva de imprensa, explicou que a atua\u00e7\u00e3o da Pol\u00edcia Civil prioriza a causa animal e destacou a cria\u00e7\u00e3o das delegacias especializadas para defender os direitos dos animais no \u00e2mbito da Pol\u00edcia Civil.<\/p><p>\u201c\u00c9 importante esclarecer que \u00e9 vedada a divulga\u00e7\u00e3o de imagens, fotos e nomes dos adolescentes investigados e que a responsabiliza\u00e7\u00e3o se d\u00e1 perante a autoridade judicial, que vai, de acordo com as medidas previstas no Estatuto da Crian\u00e7a e do Adolescente, impor uma san\u00e7\u00e3o penal a eventuais autores dessa pr\u00e1tica delitiva\u201d, finalizou Ulisses.\u00a0<\/p><p>Para prestar os esclarecimentos e responder \u00e0s demandas da imprensa, estiveram na coletiva o delegado-geral da Pol\u00edcia Civil de Santa Catarina, Ulisses Gabriel; o Diretor de Pol\u00edcia da Grande Florian\u00f3polis, delegado Pedro Henrique de Paula e Silva Mendes; o diretor do Gabinete da Delegacia-Geral, delegado Marcelo Nogueira; e a delegada respons\u00e1vel pelo caso na DPA, Mardjoli Valcareggi, da Delegacia de Prote\u00e7\u00e3o Animal da Capital.<\/p><p>A Pol\u00edcia Civil reitera seu compromisso com uma investiga\u00e7\u00e3o respons\u00e1vel e isenta e agradece o apoio de todos aqueles que confiaram na institui\u00e7\u00e3o e colaboraram com informa\u00e7\u00f5es que subsidiariam a atua\u00e7\u00e3o policial, visando \u00e0 conclus\u00e3o do trabalho investigativo com profissionalismo e \u00e0 responsabiliza\u00e7\u00e3o de todos os envolvidos no caso Orelha e Caramelo da Praia Brava.<\/p>\t\t\t\t\t\t\t\t<\/div>\n\t\t\t\t<\/div>\n\t\t\t\t\t<\/div>\n\t\t<\/div>\n\t\t\t\t\t<\/div>\n\t\t<\/section>\n\t\t\t\t<section class=\"elementor-section elementor-top-section elementor-element elementor-element-46dfe4f elementor-section-boxed elementor-section-height-default elementor-section-height-default\" data-id=\"46dfe4f\" data-element_type=\"section\">\n\t\t\t\t\t\t<div class=\"elementor-container elementor-column-gap-default\">\n\t\t\t\t\t<div class=\"elementor-column elementor-col-100 elementor-top-column elementor-element elementor-element-73dac54\" data-id=\"73dac54\" data-element_type=\"column\">\n\t\t\t<div class=\"elementor-widget-wrap elementor-element-populated\">\n\t\t\t\t\t\t<div class=\"elementor-element elementor-element-1cc3c04 elementor-widget elementor-widget-image\" data-id=\"1cc3c04\" data-element_type=\"widget\" data-widget_type=\"image.default\">\n\t\t\t\t<div class=\"elementor-widget-container\">\n\t\t\t\t\t\t\t\t\t\t\t\t\t\t\t<img decoding=\"async\" width=\"696\" height=\"464\" src=\"https:\/\/pc.sc.gov.br\/\/wp-content\/uploads\/2026\/01\/LEO_0811-1-1024x683.jpg\" class=\"attachment-large size-large wp-image-35897\" alt=\"\" srcset=\"https:\/\/pc.sc.gov.br\/\/wp-content\/uploads\/2026\/01\/LEO_0811-1-1024x683.jpg 1024w, https:\/\/pc.sc.gov.br\/\/wp-content\/uploads\/2026\/01\/LEO_0811-1-300x200.jpg 300w, https:\/\/pc.sc.gov.br\/\/wp-content\/uploads\/2026\/01\/LEO_0811-1-768x512.jpg 768w, https:\/\/pc.sc.gov.br\/\/wp-content\/uploads\/2026\/01\/LEO_0811-1-1536x1024.jpg 1536w, https:\/\/pc.sc.gov.br\/\/wp-content\/uploads\/2026\/01\/LEO_0811-1-2048x1365.jpg 2048w\" sizes=\"(max-width: 696px) 100vw, 696px\" \/>\t\t\t\t\t\t\t\t\t\t\t\t\t\t\t<\/div>\n\t\t\t\t<\/div>\n\t\t\t\t\t<\/div>\n\t\t<\/div>\n\t\t\t\t\t<\/div>\n\t\t<\/section>\n\t\t\t\t<\/div>\n\t\t","protected":false},"excerpt":{"rendered":"<p>Pol\u00edcia Civil divulga informa\u00e7\u00f5es sobre procedimentos que investigam atos criminosos do caso do C\u00e3o Orelha na Capital Nesta ter\u00e7a-feira (27\/01), a Pol\u00edcia Civil de Santa Catarina realizou coletiva de imprensa para apresentar os avan\u00e7os da investiga\u00e7\u00e3o sobre o caso de maus-tratos contra o c\u00e3o Orelha, que mobilizou a atua\u00e7\u00e3o da institui\u00e7\u00e3o e que teve grande [&hellip;]<\/p>\n","protected":false},"author":5,"featured_media":35897,"comment_status":"closed","ping_status":"open","sticky":false,"template":"","format":"standard","meta":{"_monsterinsights_skip_tracking":false,"_monsterinsights_sitenote_active":false,"_monsterinsights_sitenote_note":"","_monsterinsights_sitenote_category":0,"footnotes":""},"categories":[1],"tags":[],"class_list":["post-35894","post","type-post","status-publish","format-standard","has-post-thumbnail","hentry","category-sem-categoria"],"_links":{"self":[{"href":"https:\/\/pc.sc.gov.br\/index.php?rest_route=\/wp\/v2\/posts\/35894","targetHints":{"allow":["GET"]}}],"collection":[{"href":"https:\/\/pc.sc.gov.br\/index.php?rest_route=\/wp\/v2\/posts"}],"about":[{"href":"https:\/\/pc.sc.gov.br\/index.php?rest_route=\/wp\/v2\/types\/post"}],"author":[{"embeddable":true,"href":"https:\/\/pc.sc.gov.br\/index.php?rest_route=\/wp\/v2\/users\/5"}],"replies":[{"embeddable":true,"href":"https:\/\/pc.sc.gov.br\/index.php?rest_route=%2Fwp%2Fv2%2Fcomments&post=35894"}],"version-history":[{"count":4,"href":"https:\/\/pc.sc.gov.br\/index.php?rest_route=\/wp\/v2\/posts\/35894\/revisions"}],"predecessor-version":[{"id":35901,"href":"https:\/\/pc.sc.gov.br\/index.php?rest_route=\/wp\/v2\/posts\/35894\/revisions\/35901"}],"wp:featuredmedia":[{"embeddable":true,"href":"https:\/\/pc.sc.gov.br\/index.php?rest_route=\/wp\/v2\/media\/35897"}],"wp:attachment":[{"href":"https:\/\/pc.sc.gov.br\/index.php?rest_route=%2Fwp%2Fv2%2Fmedia&parent=35894"}],"wp:term":[{"taxonomy":"category","embeddable":true,"href":"https:\/\/pc.sc.gov.br\/index.php?rest_route=%2Fwp%2Fv2%2Fcategories&post=35894"},{"taxonomy":"post_tag","embeddable":true,"href":"https:\/\/pc.sc.gov.br\/index.php?rest_route=%2Fwp%2Fv2%2Ftags&post=35894"}],"curies":[{"name":"wp","href":"https:\/\/api.w.org\/{rel}","templated":true}]}}