{"id":35918,"date":"2026-01-27T16:59:35","date_gmt":"2026-01-27T19:59:35","guid":{"rendered":"https:\/\/pc.sc.gov.br\/?p=35918"},"modified":"2026-01-27T17:00:31","modified_gmt":"2026-01-27T20:00:31","slug":"policia-civil-identifica-e-promove-prisao-de-autor-de-roubo-armado-contra-idoso-em-residencia-de-criciuma","status":"publish","type":"post","link":"https:\/\/pc.sc.gov.br\/?p=35918","title":{"rendered":"Pol\u00edcia Civil identifica e promove pris\u00e3o de autor de roubo armado contra idoso em resid\u00eancia de Crici\u00fama"},"content":{"rendered":"\t\t<div data-elementor-type=\"wp-post\" data-elementor-id=\"35918\" class=\"elementor elementor-35918\" data-elementor-post-type=\"post\">\n\t\t\t\t\t\t<section class=\"elementor-section elementor-top-section elementor-element elementor-element-4c796d9 elementor-section-boxed elementor-section-height-default elementor-section-height-default\" data-id=\"4c796d9\" data-element_type=\"section\">\n\t\t\t\t\t\t<div class=\"elementor-container elementor-column-gap-default\">\n\t\t\t\t\t<div class=\"elementor-column elementor-col-100 elementor-top-column elementor-element elementor-element-4baec64\" data-id=\"4baec64\" data-element_type=\"column\">\n\t\t\t<div class=\"elementor-widget-wrap elementor-element-populated\">\n\t\t\t\t\t\t<div class=\"elementor-element elementor-element-aad60d1 elementor-widget elementor-widget-heading\" data-id=\"aad60d1\" data-element_type=\"widget\" data-widget_type=\"heading.default\">\n\t\t\t\t<div class=\"elementor-widget-container\">\n\t\t\t\t\t<h2 class=\"elementor-heading-title elementor-size-default\">Pol\u00edcia Civil identifica e promove pris\u00e3o de autor de roubo armado contra idoso em resid\u00eancia de Crici\u00fama<\/h2>\t\t\t\t<\/div>\n\t\t\t\t<\/div>\n\t\t\t\t\t<\/div>\n\t\t<\/div>\n\t\t\t\t\t<\/div>\n\t\t<\/section>\n\t\t\t\t<section class=\"elementor-section elementor-top-section elementor-element elementor-element-9c55b0d elementor-section-boxed elementor-section-height-default elementor-section-height-default\" data-id=\"9c55b0d\" data-element_type=\"section\">\n\t\t\t\t\t\t<div class=\"elementor-container elementor-column-gap-default\">\n\t\t\t\t\t<div class=\"elementor-column elementor-col-100 elementor-top-column elementor-element elementor-element-86b2dc8\" data-id=\"86b2dc8\" data-element_type=\"column\">\n\t\t\t<div class=\"elementor-widget-wrap elementor-element-populated\">\n\t\t\t\t\t\t<div class=\"elementor-element elementor-element-ad0d28a elementor-widget elementor-widget-image\" data-id=\"ad0d28a\" data-element_type=\"widget\" data-widget_type=\"image.default\">\n\t\t\t\t<div class=\"elementor-widget-container\">\n\t\t\t\t\t\t\t\t\t\t\t\t\t\t\t<img fetchpriority=\"high\" decoding=\"async\" width=\"696\" height=\"749\" src=\"https:\/\/pc.sc.gov.br\/\/wp-content\/uploads\/2026\/01\/WhatsApp-Image-2026-01-27-at-16.51.30.jpeg\" class=\"attachment-large size-large wp-image-35919\" alt=\"\" srcset=\"https:\/\/pc.sc.gov.br\/\/wp-content\/uploads\/2026\/01\/WhatsApp-Image-2026-01-27-at-16.51.30.jpeg 800w, https:\/\/pc.sc.gov.br\/\/wp-content\/uploads\/2026\/01\/WhatsApp-Image-2026-01-27-at-16.51.30-279x300.jpeg 279w, https:\/\/pc.sc.gov.br\/\/wp-content\/uploads\/2026\/01\/WhatsApp-Image-2026-01-27-at-16.51.30-768x827.jpeg 768w\" sizes=\"(max-width: 696px) 100vw, 696px\" \/>\t\t\t\t\t\t\t\t\t\t\t\t\t\t\t<\/div>\n\t\t\t\t<\/div>\n\t\t\t\t\t<\/div>\n\t\t<\/div>\n\t\t\t\t\t<\/div>\n\t\t<\/section>\n\t\t\t\t<section class=\"elementor-section elementor-top-section elementor-element elementor-element-119f90e elementor-section-boxed elementor-section-height-default elementor-section-height-default\" data-id=\"119f90e\" data-element_type=\"section\">\n\t\t\t\t\t\t<div class=\"elementor-container elementor-column-gap-default\">\n\t\t\t\t\t<div class=\"elementor-column elementor-col-100 elementor-top-column elementor-element elementor-element-438134b\" data-id=\"438134b\" data-element_type=\"column\">\n\t\t\t<div class=\"elementor-widget-wrap elementor-element-populated\">\n\t\t\t\t\t\t<div class=\"elementor-element elementor-element-d39313a elementor-widget elementor-widget-post-info\" data-id=\"d39313a\" data-element_type=\"widget\" data-widget_type=\"post-info.default\">\n\t\t\t\t<div class=\"elementor-widget-container\">\n\t\t\t\t\t\t\t<ul class=\"elementor-inline-items elementor-icon-list-items elementor-post-info\">\n\t\t\t\t\t\t\t\t<li class=\"elementor-icon-list-item elementor-repeater-item-8b6729e elementor-inline-item\" itemprop=\"author\">\n\t\t\t\t\t\t<a href=\"https:\/\/pc.sc.gov.br\/?author=5\">\n\t\t\t\t\t\t\t\t\t\t\t<span class=\"elementor-icon-list-icon\">\n\t\t\t\t\t\t\t\t<i aria-hidden=\"true\" class=\"far fa-user-circle\"><\/i>\t\t\t\t\t\t\t<\/span>\n\t\t\t\t\t\t\t\t\t<span class=\"elementor-icon-list-text elementor-post-info__item elementor-post-info__item--type-author\">\n\t\t\t\t\t\t\t\t\t\tStefany de Souza Alves\t\t\t\t\t<\/span>\n\t\t\t\t\t\t\t\t\t<\/a>\n\t\t\t\t<\/li>\n\t\t\t\t<li class=\"elementor-icon-list-item elementor-repeater-item-561b721 elementor-inline-item\" itemprop=\"datePublished\">\n\t\t\t\t\t\t<a href=\"https:\/\/pc.sc.gov.br\/?m=20260127\">\n\t\t\t\t\t\t\t\t\t\t\t<span class=\"elementor-icon-list-icon\">\n\t\t\t\t\t\t\t\t<i aria-hidden=\"true\" class=\"fas fa-calendar\"><\/i>\t\t\t\t\t\t\t<\/span>\n\t\t\t\t\t\t\t\t\t<span class=\"elementor-icon-list-text elementor-post-info__item elementor-post-info__item--type-date\">\n\t\t\t\t\t\t\t\t\t\t<time>janeiro 27, 2026<\/time>\t\t\t\t\t<\/span>\n\t\t\t\t\t\t\t\t\t<\/a>\n\t\t\t\t<\/li>\n\t\t\t\t<li class=\"elementor-icon-list-item elementor-repeater-item-d7dbbc1 elementor-inline-item\">\n\t\t\t\t\t\t\t\t\t\t<span class=\"elementor-icon-list-icon\">\n\t\t\t\t\t\t\t\t<i aria-hidden=\"true\" class=\"far fa-clock\"><\/i>\t\t\t\t\t\t\t<\/span>\n\t\t\t\t\t\t\t\t\t<span class=\"elementor-icon-list-text elementor-post-info__item elementor-post-info__item--type-time\">\n\t\t\t\t\t\t\t\t\t\t<time>4:59 pm<\/time>\t\t\t\t\t<\/span>\n\t\t\t\t\t\t\t\t<\/li>\n\t\t\t\t<\/ul>\n\t\t\t\t\t\t<\/div>\n\t\t\t\t<\/div>\n\t\t\t\t<div class=\"elementor-element elementor-element-ad8a528 elementor-widget elementor-widget-text-editor\" data-id=\"ad8a528\" data-element_type=\"widget\" data-widget_type=\"text-editor.default\">\n\t\t\t\t<div class=\"elementor-widget-container\">\n\t\t\t\t\t\t\t\t\t<p>A Pol\u00edcia Civil de Santa Catarina, por meio da Delegacia de Repress\u00e3o a Roubos (DRR) do Departamento de Investiga\u00e7\u00f5es Criminais (DIC) de Crici\u00fama, identificou e promoveu a pris\u00e3o de um dos autores de um roubo ocorrido em uma resid\u00eancia no interior do munic\u00edpio. O crime foi praticado contra um idoso, que teve sua liberdade restringida ao ser amarrado.<\/p><p>A investiga\u00e7\u00e3o apurou que um grupo de homens invadiu a propriedade da v\u00edtima no in\u00edcio da noite. Um dos criminosos abordou o idoso solicitando \u00e1gua para o radiador de um carro. Ao entrar na resid\u00eancia, o homem rendeu a v\u00edtima com uma arma de fogo contra sua cabe\u00e7a, colocou-lhe um capuz e amarrou seus bra\u00e7os e pernas. Os autores reviraram o local e subtra\u00edram grande quantidade de dinheiro.<\/p><p>O esclarecimento da autoria contou com aux\u00edlio da Pol\u00edcia Cient\u00edfica do N\u00facleo de Crici\u00fama. Um homem de 39 anos foi identificado e teve sua pris\u00e3o preventiva decretada. Ele foi localizado e capturado pela Pol\u00edcia Militar na tarde de ontem (26\/01), na cidade de Bra\u00e7o do Norte\/SC, sendo encaminhado ao Pres\u00eddio de Tubar\u00e3o. O suspeito foi formalmente indiciado pela Pol\u00edcia Civil como um dos autores do roubo e segue \u00e0 disposi\u00e7\u00e3o do Poder Judici\u00e1rio.<\/p>\t\t\t\t\t\t\t\t<\/div>\n\t\t\t\t<\/div>\n\t\t\t\t\t<\/div>\n\t\t<\/div>\n\t\t\t\t\t<\/div>\n\t\t<\/section>\n\t\t\t\t<\/div>\n\t\t","protected":false},"excerpt":{"rendered":"<p>Pol\u00edcia Civil identifica e promove pris\u00e3o de autor de roubo armado contra idoso em resid\u00eancia de Crici\u00fama A Pol\u00edcia Civil de Santa Catarina, por meio da Delegacia de Repress\u00e3o a Roubos (DRR) do Departamento de Investiga\u00e7\u00f5es Criminais (DIC) de Crici\u00fama, identificou e promoveu a pris\u00e3o de um dos autores de um roubo ocorrido em uma [&hellip;]<\/p>\n","protected":false},"author":5,"featured_media":35919,"comment_status":"closed","ping_status":"open","sticky":false,"template":"","format":"standard","meta":{"_monsterinsights_skip_tracking":false,"_monsterinsights_sitenote_active":false,"_monsterinsights_sitenote_note":"","_monsterinsights_sitenote_category":0,"footnotes":""},"categories":[1],"tags":[],"class_list":["post-35918","post","type-post","status-publish","format-standard","has-post-thumbnail","hentry","category-sem-categoria"],"_links":{"self":[{"href":"https:\/\/pc.sc.gov.br\/index.php?rest_route=\/wp\/v2\/posts\/35918","targetHints":{"allow":["GET"]}}],"collection":[{"href":"https:\/\/pc.sc.gov.br\/index.php?rest_route=\/wp\/v2\/posts"}],"about":[{"href":"https:\/\/pc.sc.gov.br\/index.php?rest_route=\/wp\/v2\/types\/post"}],"author":[{"embeddable":true,"href":"https:\/\/pc.sc.gov.br\/index.php?rest_route=\/wp\/v2\/users\/5"}],"replies":[{"embeddable":true,"href":"https:\/\/pc.sc.gov.br\/index.php?rest_route=%2Fwp%2Fv2%2Fcomments&post=35918"}],"version-history":[{"count":4,"href":"https:\/\/pc.sc.gov.br\/index.php?rest_route=\/wp\/v2\/posts\/35918\/revisions"}],"predecessor-version":[{"id":35923,"href":"https:\/\/pc.sc.gov.br\/index.php?rest_route=\/wp\/v2\/posts\/35918\/revisions\/35923"}],"wp:featuredmedia":[{"embeddable":true,"href":"https:\/\/pc.sc.gov.br\/index.php?rest_route=\/wp\/v2\/media\/35919"}],"wp:attachment":[{"href":"https:\/\/pc.sc.gov.br\/index.php?rest_route=%2Fwp%2Fv2%2Fmedia&parent=35918"}],"wp:term":[{"taxonomy":"category","embeddable":true,"href":"https:\/\/pc.sc.gov.br\/index.php?rest_route=%2Fwp%2Fv2%2Fcategories&post=35918"},{"taxonomy":"post_tag","embeddable":true,"href":"https:\/\/pc.sc.gov.br\/index.php?rest_route=%2Fwp%2Fv2%2Ftags&post=35918"}],"curies":[{"name":"wp","href":"https:\/\/api.w.org\/{rel}","templated":true}]}}