{"id":36005,"date":"2026-01-29T18:39:36","date_gmt":"2026-01-29T21:39:36","guid":{"rendered":"https:\/\/pc.sc.gov.br\/?p=36005"},"modified":"2026-01-29T18:40:37","modified_gmt":"2026-01-29T21:40:37","slug":"prefeito-de-irani-entrega-projeto-de-reforma-da-delegacia-a-policia-civil","status":"publish","type":"post","link":"https:\/\/pc.sc.gov.br\/?p=36005","title":{"rendered":"Prefeito de Irani entrega projeto de reforma da Delegacia \u00e0 Pol\u00edcia Civil"},"content":{"rendered":"\t\t<div data-elementor-type=\"wp-post\" data-elementor-id=\"36005\" class=\"elementor elementor-36005\" data-elementor-post-type=\"post\">\n\t\t\t\t\t\t<section class=\"elementor-section elementor-top-section elementor-element elementor-element-44fb4cf elementor-section-boxed elementor-section-height-default elementor-section-height-default\" data-id=\"44fb4cf\" data-element_type=\"section\">\n\t\t\t\t\t\t<div class=\"elementor-container elementor-column-gap-default\">\n\t\t\t\t\t<div class=\"elementor-column elementor-col-100 elementor-top-column elementor-element elementor-element-626c23e\" data-id=\"626c23e\" data-element_type=\"column\">\n\t\t\t<div class=\"elementor-widget-wrap elementor-element-populated\">\n\t\t\t\t\t\t<div class=\"elementor-element elementor-element-137c87a elementor-widget elementor-widget-heading\" data-id=\"137c87a\" data-element_type=\"widget\" data-widget_type=\"heading.default\">\n\t\t\t\t<div class=\"elementor-widget-container\">\n\t\t\t\t\t<h2 class=\"elementor-heading-title elementor-size-default\">Prefeito de Irani entrega projeto de reforma da Delegacia \u00e0 Pol\u00edcia Civil<\/h2>\t\t\t\t<\/div>\n\t\t\t\t<\/div>\n\t\t\t\t\t<\/div>\n\t\t<\/div>\n\t\t\t\t\t<\/div>\n\t\t<\/section>\n\t\t\t\t<section class=\"elementor-section elementor-top-section elementor-element elementor-element-74e6a65 elementor-section-boxed elementor-section-height-default elementor-section-height-default\" data-id=\"74e6a65\" data-element_type=\"section\">\n\t\t\t\t\t\t<div class=\"elementor-container elementor-column-gap-default\">\n\t\t\t\t\t<div class=\"elementor-column elementor-col-100 elementor-top-column elementor-element elementor-element-30f2739\" data-id=\"30f2739\" data-element_type=\"column\">\n\t\t\t<div class=\"elementor-widget-wrap elementor-element-populated\">\n\t\t\t\t\t\t<div class=\"elementor-element elementor-element-926512a elementor-widget elementor-widget-image\" data-id=\"926512a\" data-element_type=\"widget\" data-widget_type=\"image.default\">\n\t\t\t\t<div class=\"elementor-widget-container\">\n\t\t\t\t\t\t\t\t\t\t\t\t\t\t\t<img fetchpriority=\"high\" decoding=\"async\" width=\"696\" height=\"814\" src=\"https:\/\/pc.sc.gov.br\/\/wp-content\/uploads\/2026\/01\/WhatsApp-Image-2026-01-29-at-15.17.00-1-e1769722761416-876x1024.jpeg\" class=\"attachment-large size-large wp-image-36012\" alt=\"\" srcset=\"https:\/\/pc.sc.gov.br\/\/wp-content\/uploads\/2026\/01\/WhatsApp-Image-2026-01-29-at-15.17.00-1-e1769722761416-876x1024.jpeg 876w, https:\/\/pc.sc.gov.br\/\/wp-content\/uploads\/2026\/01\/WhatsApp-Image-2026-01-29-at-15.17.00-1-e1769722761416-257x300.jpeg 257w, https:\/\/pc.sc.gov.br\/\/wp-content\/uploads\/2026\/01\/WhatsApp-Image-2026-01-29-at-15.17.00-1-e1769722761416-768x898.jpeg 768w, https:\/\/pc.sc.gov.br\/\/wp-content\/uploads\/2026\/01\/WhatsApp-Image-2026-01-29-at-15.17.00-1-e1769722761416.jpeg 960w\" sizes=\"(max-width: 696px) 100vw, 696px\" \/>\t\t\t\t\t\t\t\t\t\t\t\t\t\t\t<\/div>\n\t\t\t\t<\/div>\n\t\t\t\t\t<\/div>\n\t\t<\/div>\n\t\t\t\t\t<\/div>\n\t\t<\/section>\n\t\t\t\t<section class=\"elementor-section elementor-top-section elementor-element elementor-element-e67fad0 elementor-section-boxed elementor-section-height-default elementor-section-height-default\" data-id=\"e67fad0\" data-element_type=\"section\">\n\t\t\t\t\t\t<div class=\"elementor-container elementor-column-gap-default\">\n\t\t\t\t\t<div class=\"elementor-column elementor-col-100 elementor-top-column elementor-element elementor-element-4c78f5a\" data-id=\"4c78f5a\" data-element_type=\"column\">\n\t\t\t<div class=\"elementor-widget-wrap elementor-element-populated\">\n\t\t\t\t\t\t<div class=\"elementor-element elementor-element-c3bb853 elementor-widget elementor-widget-post-info\" data-id=\"c3bb853\" data-element_type=\"widget\" data-widget_type=\"post-info.default\">\n\t\t\t\t<div class=\"elementor-widget-container\">\n\t\t\t\t\t\t\t<ul class=\"elementor-inline-items elementor-icon-list-items elementor-post-info\">\n\t\t\t\t\t\t\t\t<li class=\"elementor-icon-list-item elementor-repeater-item-99c09a7 elementor-inline-item\" itemprop=\"author\">\n\t\t\t\t\t\t<a href=\"https:\/\/pc.sc.gov.br\/?author=5\">\n\t\t\t\t\t\t\t\t\t\t\t<span class=\"elementor-icon-list-icon\">\n\t\t\t\t\t\t\t\t<i aria-hidden=\"true\" class=\"far fa-user-circle\"><\/i>\t\t\t\t\t\t\t<\/span>\n\t\t\t\t\t\t\t\t\t<span class=\"elementor-icon-list-text elementor-post-info__item elementor-post-info__item--type-author\">\n\t\t\t\t\t\t\t\t\t\tStefany de Souza Alves\t\t\t\t\t<\/span>\n\t\t\t\t\t\t\t\t\t<\/a>\n\t\t\t\t<\/li>\n\t\t\t\t<li class=\"elementor-icon-list-item elementor-repeater-item-644f695 elementor-inline-item\" itemprop=\"datePublished\">\n\t\t\t\t\t\t<a href=\"https:\/\/pc.sc.gov.br\/?m=20260129\">\n\t\t\t\t\t\t\t\t\t\t\t<span class=\"elementor-icon-list-icon\">\n\t\t\t\t\t\t\t\t<i aria-hidden=\"true\" class=\"fas fa-calendar\"><\/i>\t\t\t\t\t\t\t<\/span>\n\t\t\t\t\t\t\t\t\t<span class=\"elementor-icon-list-text elementor-post-info__item elementor-post-info__item--type-date\">\n\t\t\t\t\t\t\t\t\t\t<time>janeiro 29, 2026<\/time>\t\t\t\t\t<\/span>\n\t\t\t\t\t\t\t\t\t<\/a>\n\t\t\t\t<\/li>\n\t\t\t\t<li class=\"elementor-icon-list-item elementor-repeater-item-654aaeb elementor-inline-item\">\n\t\t\t\t\t\t\t\t\t\t<span class=\"elementor-icon-list-icon\">\n\t\t\t\t\t\t\t\t<i aria-hidden=\"true\" class=\"far fa-clock\"><\/i>\t\t\t\t\t\t\t<\/span>\n\t\t\t\t\t\t\t\t\t<span class=\"elementor-icon-list-text elementor-post-info__item elementor-post-info__item--type-time\">\n\t\t\t\t\t\t\t\t\t\t<time>6:39 pm<\/time>\t\t\t\t\t<\/span>\n\t\t\t\t\t\t\t\t<\/li>\n\t\t\t\t<\/ul>\n\t\t\t\t\t\t<\/div>\n\t\t\t\t<\/div>\n\t\t\t\t<div class=\"elementor-element elementor-element-0278b33 elementor-widget elementor-widget-text-editor\" data-id=\"0278b33\" data-element_type=\"widget\" data-widget_type=\"text-editor.default\">\n\t\t\t\t<div class=\"elementor-widget-container\">\n\t\t\t\t\t\t\t\t\t<p>Nesta quinta-feira (29), o prefeito de Irani, Vanderlei Canci, esteve na Delegacia-Geral da Pol\u00edcia Civil, em Florian\u00f3polis, para apresentar o projeto de ampla reforma da Delegacia de Pol\u00edcia do munic\u00edpio.<\/p><p>A proposta, entregue oficialmente durante a visita, prev\u00ea a celebra\u00e7\u00e3o de um conv\u00eanio entre a Pol\u00edcia Civil de Santa Catarina (PCSC) e a Prefeitura de Irani. O objetivo \u00e9 unir esfor\u00e7os para viabilizar a execu\u00e7\u00e3o da obra e garantir melhorias estruturais na unidade policial.<\/p><p>Segundo o prefeito Vanderlei Canci, as reformas s\u00e3o fundamentais para fortalecer o atendimento \u00e0 popula\u00e7\u00e3o e proporcionar um ambiente mais adequado aos servi\u00e7os prestados pela Pol\u00edcia Civil.<\/p><p>O diretor de Gabinete da Delegacia-Geral, delegado Marcelo Sampaio, destacou que o projeto representa um importante passo para assegurar melhores condi\u00e7\u00f5es de trabalho aos servidores e mais conforto \u00e0 comunidade que busca atendimento na delegacia de Irani.<\/p>\t\t\t\t\t\t\t\t<\/div>\n\t\t\t\t<\/div>\n\t\t\t\t\t<\/div>\n\t\t<\/div>\n\t\t\t\t\t<\/div>\n\t\t<\/section>\n\t\t\t\t<\/div>\n\t\t","protected":false},"excerpt":{"rendered":"<p>Prefeito de Irani entrega projeto de reforma da Delegacia \u00e0 Pol\u00edcia Civil Nesta quinta-feira (29), o prefeito de Irani, Vanderlei Canci, esteve na Delegacia-Geral da Pol\u00edcia Civil, em Florian\u00f3polis, para apresentar o projeto de ampla reforma da Delegacia de Pol\u00edcia do munic\u00edpio. A proposta, entregue oficialmente durante a visita, prev\u00ea a celebra\u00e7\u00e3o de um conv\u00eanio [&hellip;]<\/p>\n","protected":false},"author":5,"featured_media":36012,"comment_status":"closed","ping_status":"open","sticky":false,"template":"","format":"standard","meta":{"_monsterinsights_skip_tracking":false,"_monsterinsights_sitenote_active":false,"_monsterinsights_sitenote_note":"","_monsterinsights_sitenote_category":0,"footnotes":""},"categories":[1],"tags":[],"class_list":["post-36005","post","type-post","status-publish","format-standard","has-post-thumbnail","hentry","category-sem-categoria"],"_links":{"self":[{"href":"https:\/\/pc.sc.gov.br\/index.php?rest_route=\/wp\/v2\/posts\/36005","targetHints":{"allow":["GET"]}}],"collection":[{"href":"https:\/\/pc.sc.gov.br\/index.php?rest_route=\/wp\/v2\/posts"}],"about":[{"href":"https:\/\/pc.sc.gov.br\/index.php?rest_route=\/wp\/v2\/types\/post"}],"author":[{"embeddable":true,"href":"https:\/\/pc.sc.gov.br\/index.php?rest_route=\/wp\/v2\/users\/5"}],"replies":[{"embeddable":true,"href":"https:\/\/pc.sc.gov.br\/index.php?rest_route=%2Fwp%2Fv2%2Fcomments&post=36005"}],"version-history":[{"count":4,"href":"https:\/\/pc.sc.gov.br\/index.php?rest_route=\/wp\/v2\/posts\/36005\/revisions"}],"predecessor-version":[{"id":36016,"href":"https:\/\/pc.sc.gov.br\/index.php?rest_route=\/wp\/v2\/posts\/36005\/revisions\/36016"}],"wp:featuredmedia":[{"embeddable":true,"href":"https:\/\/pc.sc.gov.br\/index.php?rest_route=\/wp\/v2\/media\/36012"}],"wp:attachment":[{"href":"https:\/\/pc.sc.gov.br\/index.php?rest_route=%2Fwp%2Fv2%2Fmedia&parent=36005"}],"wp:term":[{"taxonomy":"category","embeddable":true,"href":"https:\/\/pc.sc.gov.br\/index.php?rest_route=%2Fwp%2Fv2%2Fcategories&post=36005"},{"taxonomy":"post_tag","embeddable":true,"href":"https:\/\/pc.sc.gov.br\/index.php?rest_route=%2Fwp%2Fv2%2Ftags&post=36005"}],"curies":[{"name":"wp","href":"https:\/\/api.w.org\/{rel}","templated":true}]}}