{"id":36022,"date":"2026-01-29T20:12:56","date_gmt":"2026-01-29T23:12:56","guid":{"rendered":"https:\/\/pc.sc.gov.br\/?p=36022"},"modified":"2026-01-30T12:06:44","modified_gmt":"2026-01-30T15:06:44","slug":"policia-civil-realiza-solenidade-de-posse-de-46-novos-delegados-de-policia-e-18-psicologos-policiais-na-capital","status":"publish","type":"post","link":"https:\/\/pc.sc.gov.br\/?p=36022","title":{"rendered":"Pol\u00edcia Civil realiza solenidade de posse de 45 novos delegados de Pol\u00edcia e 20 psic\u00f3logos policiais na Capital"},"content":{"rendered":"\t\t<div data-elementor-type=\"wp-post\" data-elementor-id=\"36022\" class=\"elementor elementor-36022\" data-elementor-post-type=\"post\">\n\t\t\t\t\t\t<section class=\"elementor-section elementor-top-section elementor-element elementor-element-b055d1d elementor-section-boxed elementor-section-height-default elementor-section-height-default\" data-id=\"b055d1d\" data-element_type=\"section\">\n\t\t\t\t\t\t<div class=\"elementor-container elementor-column-gap-default\">\n\t\t\t\t\t<div class=\"elementor-column elementor-col-100 elementor-top-column elementor-element elementor-element-2d935da\" data-id=\"2d935da\" data-element_type=\"column\">\n\t\t\t<div class=\"elementor-widget-wrap elementor-element-populated\">\n\t\t\t\t\t\t<div class=\"elementor-element elementor-element-3346daa elementor-widget elementor-widget-heading\" data-id=\"3346daa\" data-element_type=\"widget\" data-widget_type=\"heading.default\">\n\t\t\t\t<div class=\"elementor-widget-container\">\n\t\t\t\t\t<h2 class=\"elementor-heading-title elementor-size-default\">Pol\u00edcia Civil realiza solenidade de posse de 45 novos delegados de Pol\u00edcia e 20 psic\u00f3logos policiais na Capital<\/h2>\t\t\t\t<\/div>\n\t\t\t\t<\/div>\n\t\t\t\t\t<\/div>\n\t\t<\/div>\n\t\t\t\t\t<\/div>\n\t\t<\/section>\n\t\t\t\t<section class=\"elementor-section elementor-top-section elementor-element elementor-element-ac552aa elementor-section-boxed elementor-section-height-default elementor-section-height-default\" data-id=\"ac552aa\" data-element_type=\"section\">\n\t\t\t\t\t\t<div class=\"elementor-container elementor-column-gap-default\">\n\t\t\t\t\t<div class=\"elementor-column elementor-col-100 elementor-top-column elementor-element elementor-element-f3f0f70\" data-id=\"f3f0f70\" data-element_type=\"column\">\n\t\t\t<div class=\"elementor-widget-wrap elementor-element-populated\">\n\t\t\t\t\t\t<div class=\"elementor-element elementor-element-eb79dfa elementor-widget elementor-widget-image\" data-id=\"eb79dfa\" data-element_type=\"widget\" data-widget_type=\"image.default\">\n\t\t\t\t<div class=\"elementor-widget-container\">\n\t\t\t\t\t\t\t\t\t\t\t\t\t\t\t<img fetchpriority=\"high\" decoding=\"async\" width=\"696\" height=\"464\" src=\"https:\/\/pc.sc.gov.br\/\/wp-content\/uploads\/2026\/01\/WhatsApp-Image-2026-01-29-at-20.03.56-1024x682.jpeg\" class=\"attachment-large size-large wp-image-36025\" alt=\"\" srcset=\"https:\/\/pc.sc.gov.br\/\/wp-content\/uploads\/2026\/01\/WhatsApp-Image-2026-01-29-at-20.03.56-1024x682.jpeg 1024w, https:\/\/pc.sc.gov.br\/\/wp-content\/uploads\/2026\/01\/WhatsApp-Image-2026-01-29-at-20.03.56-300x200.jpeg 300w, https:\/\/pc.sc.gov.br\/\/wp-content\/uploads\/2026\/01\/WhatsApp-Image-2026-01-29-at-20.03.56-768x512.jpeg 768w, https:\/\/pc.sc.gov.br\/\/wp-content\/uploads\/2026\/01\/WhatsApp-Image-2026-01-29-at-20.03.56-1536x1024.jpeg 1536w, https:\/\/pc.sc.gov.br\/\/wp-content\/uploads\/2026\/01\/WhatsApp-Image-2026-01-29-at-20.03.56-2048x1365.jpeg 2048w\" sizes=\"(max-width: 696px) 100vw, 696px\" \/>\t\t\t\t\t\t\t\t\t\t\t\t\t\t\t<\/div>\n\t\t\t\t<\/div>\n\t\t\t\t\t<\/div>\n\t\t<\/div>\n\t\t\t\t\t<\/div>\n\t\t<\/section>\n\t\t\t\t<section class=\"elementor-section elementor-top-section elementor-element elementor-element-6ecc7f7 elementor-section-boxed elementor-section-height-default elementor-section-height-default\" data-id=\"6ecc7f7\" data-element_type=\"section\">\n\t\t\t\t\t\t<div class=\"elementor-container elementor-column-gap-default\">\n\t\t\t\t\t<div class=\"elementor-column elementor-col-100 elementor-top-column elementor-element elementor-element-e9d9f4a\" data-id=\"e9d9f4a\" data-element_type=\"column\">\n\t\t\t<div class=\"elementor-widget-wrap elementor-element-populated\">\n\t\t\t\t\t\t<div class=\"elementor-element elementor-element-8a27fc1 elementor-widget elementor-widget-post-info\" data-id=\"8a27fc1\" data-element_type=\"widget\" data-widget_type=\"post-info.default\">\n\t\t\t\t<div class=\"elementor-widget-container\">\n\t\t\t\t\t\t\t<ul class=\"elementor-inline-items elementor-icon-list-items elementor-post-info\">\n\t\t\t\t\t\t\t\t<li class=\"elementor-icon-list-item elementor-repeater-item-a2fc7e8 elementor-inline-item\" itemprop=\"author\">\n\t\t\t\t\t\t<a href=\"https:\/\/pc.sc.gov.br\/?author=5\">\n\t\t\t\t\t\t\t\t\t\t\t<span class=\"elementor-icon-list-icon\">\n\t\t\t\t\t\t\t\t<i aria-hidden=\"true\" class=\"far fa-user-circle\"><\/i>\t\t\t\t\t\t\t<\/span>\n\t\t\t\t\t\t\t\t\t<span class=\"elementor-icon-list-text elementor-post-info__item elementor-post-info__item--type-author\">\n\t\t\t\t\t\t\t\t\t\tStefany de Souza Alves\t\t\t\t\t<\/span>\n\t\t\t\t\t\t\t\t\t<\/a>\n\t\t\t\t<\/li>\n\t\t\t\t<li class=\"elementor-icon-list-item elementor-repeater-item-ebe37e9 elementor-inline-item\" itemprop=\"datePublished\">\n\t\t\t\t\t\t<a href=\"https:\/\/pc.sc.gov.br\/?m=20260129\">\n\t\t\t\t\t\t\t\t\t\t\t<span class=\"elementor-icon-list-icon\">\n\t\t\t\t\t\t\t\t<i aria-hidden=\"true\" class=\"fas fa-calendar\"><\/i>\t\t\t\t\t\t\t<\/span>\n\t\t\t\t\t\t\t\t\t<span class=\"elementor-icon-list-text elementor-post-info__item elementor-post-info__item--type-date\">\n\t\t\t\t\t\t\t\t\t\t<time>janeiro 29, 2026<\/time>\t\t\t\t\t<\/span>\n\t\t\t\t\t\t\t\t\t<\/a>\n\t\t\t\t<\/li>\n\t\t\t\t<li class=\"elementor-icon-list-item elementor-repeater-item-865281d elementor-inline-item\">\n\t\t\t\t\t\t\t\t\t\t<span class=\"elementor-icon-list-icon\">\n\t\t\t\t\t\t\t\t<i aria-hidden=\"true\" class=\"far fa-clock\"><\/i>\t\t\t\t\t\t\t<\/span>\n\t\t\t\t\t\t\t\t\t<span class=\"elementor-icon-list-text elementor-post-info__item elementor-post-info__item--type-time\">\n\t\t\t\t\t\t\t\t\t\t<time>8:12 pm<\/time>\t\t\t\t\t<\/span>\n\t\t\t\t\t\t\t\t<\/li>\n\t\t\t\t<li class=\"elementor-icon-list-item elementor-repeater-item-7c495c3 elementor-inline-item\">\n\t\t\t\t\t\t\t\t\t\t<span class=\"elementor-icon-list-icon\">\n\t\t\t\t\t\t\t\t<i aria-hidden=\"true\" class=\"far fa-tags\"><\/i>\t\t\t\t\t\t\t<\/span>\n\t\t\t\t\t\t\t\t\t<span class=\"elementor-icon-list-text elementor-post-info__item elementor-post-info__item--type-custom\">\n\t\t\t\t\t\t\t\t\t\tFotos: Ricardo Trida \/ SSP-SC\t\t\t\t\t<\/span>\n\t\t\t\t\t\t\t\t<\/li>\n\t\t\t\t<\/ul>\n\t\t\t\t\t\t<\/div>\n\t\t\t\t<\/div>\n\t\t\t\t\t<\/div>\n\t\t<\/div>\n\t\t\t\t\t<\/div>\n\t\t<\/section>\n\t\t\t\t<section class=\"elementor-section elementor-top-section elementor-element elementor-element-ea8594d elementor-section-boxed elementor-section-height-default elementor-section-height-default\" data-id=\"ea8594d\" data-element_type=\"section\">\n\t\t\t\t\t\t<div class=\"elementor-container elementor-column-gap-default\">\n\t\t\t\t\t<div class=\"elementor-column elementor-col-100 elementor-top-column elementor-element elementor-element-2635337\" data-id=\"2635337\" data-element_type=\"column\">\n\t\t\t<div class=\"elementor-widget-wrap elementor-element-populated\">\n\t\t\t\t\t\t<div class=\"elementor-element elementor-element-68120c8 elementor-widget elementor-widget-text-editor\" data-id=\"68120c8\" data-element_type=\"widget\" data-widget_type=\"text-editor.default\">\n\t\t\t\t<div class=\"elementor-widget-container\">\n\t\t\t\t\t\t\t\t\t<p><span style=\"font-weight: 400;\">Nesta quinta-feira (29\/01), a Pol\u00edcia Civil de Santa Catarina realizou a solenidade de posse de 45 novos delegados de Pol\u00edcia e 20 psic\u00f3logos policiais aprovados no concurso p\u00fablico realizado em 2024. O ato aconteceu no Audit\u00f3rio do Complexo de Seguran\u00e7a P\u00fablica, na Capital, e representa mais um avan\u00e7o no refor\u00e7o do efetivo da institui\u00e7\u00e3o e no compromisso de manter Santa Catarina como o estado mais seguro do pa\u00eds.<\/span><\/p>\n<p><span style=\"font-weight: 400;\">O delegado-geral da Pol\u00edcia Civil de Santa Catarina, Ulisses Gabriel, destacou que, al\u00e9m dos policiais que foram empossados hoje, em breve, um novo concurso ser\u00e1 realizado para agentes e escriv\u00e3es de pol\u00edcia e que isso reflete o robusto investimento realizado pelo Governo do Estado na institui\u00e7\u00e3o.&nbsp;<\/span><\/p>\n<p><span style=\"font-weight: 400;\">\u201cPrecisamos agradecer ao Governador do Estado Jorginho Mello pelos investimentos que foram feitos na Pol\u00edcia Civil de Santa Catarina. Gra\u00e7as a ele, milhares e milhares de reais est\u00e3o sendo investidos em novas estruturas, em melhoria das estruturas, em viaturas, em muni\u00e7\u00f5es, em armas, em tecnologia e na valoriza\u00e7\u00e3o de quem mais importa, que \u00e9 o servidor da Seguran\u00e7a P\u00fablica. Nunca antes na hist\u00f3ria, no intervalo de um ano, foram nomeados 93 delegados de investimentos e 35 psic\u00f3logos policiais\u201d, destacou o delegado-geral.&nbsp;<\/span><\/p>\n<p><b>Pr\u00f3xima etapa: Forma\u00e7\u00e3o inicial na Acadepol<\/b><\/p>\n<p><span style=\"font-weight: 400;\">Os empossados iniciar\u00e3o o curso de forma\u00e7\u00e3o profissional na Academia de Pol\u00edcia Civil (ACADEPOL). Conclu\u00edda essa etapa, estar\u00e3o aptos a assumir suas fun\u00e7\u00f5es e refor\u00e7ar o quadro da PCSC.<\/span> <span style=\"font-weight: 400;\">O curso de forma\u00e7\u00e3o da Pol\u00edcia Civil de Santa Catarina \u00e9 reconhecido como um dos mais completos do Brasil entre as academias de Pol\u00edcia Judici\u00e1ria.<\/span><\/p>\n<p><span style=\"font-weight: 400;\">Os formandos cumprem uma carga hor\u00e1ria aproximada de 1.074 horas-aula, com conte\u00fados te\u00f3ricos, atividades pr\u00e1ticas e est\u00e1gios supervisionados em delegacias e na Central Macrorregional de Plant\u00e3o da Capital (CMPP), garantindo prepara\u00e7\u00e3o t\u00e9cnica e operacional de alto n\u00edvel.<\/span><\/p>\n<p><span style=\"font-weight: 400;\">O diretor da Acadepol, delegado Andr\u00e9 Luiz Bermudez Pereira, destacou a trajet\u00f3ria que levou os empossados at\u00e9 o dia de hoje. &#8220;Cada um de voc\u00eas passou por uma verdadeira batalha no processo de aprova\u00e7\u00e3o. Para os Delegados de Pol\u00edcia, foram 07 fases. Para os psic\u00f3logos policiais, 05 fases. Foram quase 10 mil inscritos para o cargo de Delegado de Pol\u00edcia, e 2.200 inscritos para o cargo de psic\u00f3logo policial. Para superar esse desafio, foram anos de estudo e dedica\u00e7\u00e3o para, finalmente, dar os primeiros passos na nossa Academia de Pol\u00edcia Civil. Parab\u00e9ns Senhoras e Senhores: o sonho se tornou realidade. O esfor\u00e7o foi recompensado\u201d, parabenizou o diretor da Acadepol. <\/span><span style=\"font-weight: 400;\">&nbsp;<\/span><\/p>\n<p><b>Estado mais seguro do Brasil&nbsp;<\/b><\/p>\n<p><span style=\"font-weight: 400;\">A nomea\u00e7\u00e3o dos novos delegados e psic\u00f3logos integra um conjunto de a\u00e7\u00f5es do Governo do Estado voltadas ao fortalecimento da Seguran\u00e7a P\u00fablica. Somente na Pol\u00edcia Civil, os investimentos ultrapassam R$ 100 milh\u00f5es, destinados \u00e0 contrata\u00e7\u00e3o de novos policiais, al\u00e9m da aquisi\u00e7\u00e3o de armamentos, viaturas e outros equipamentos essenciais para o trabalho policial.<\/span><\/p>\n<p><span style=\"font-weight: 400;\">Representando o governador Jorginho Mello, o secret\u00e1rio de Estado da Seguran\u00e7a P\u00fablica (SSP-SC), coronel Fl\u00e1vio Graff, destacou aos novos servidores a condi\u00e7\u00e3o diferenciada de Santa Catarina como o estado mais seguro do pa\u00eds para se viver. Segundo ele, metade dos \u00edndices criminais registrados em 2025 alcan\u00e7ou os melhores resultados desde o in\u00edcio da s\u00e9rie hist\u00f3rica, em 2008, demonstrando o protagonismo das institui\u00e7\u00f5es de Seguran\u00e7a P\u00fablica, sob a firme lideran\u00e7a do governador Jorginho Mello, de quem transmitiu um fraterno abra\u00e7o aos formandos.<\/span><\/p>\n<p><span style=\"font-weight: 400;\">\u201cOs delegados e psic\u00f3logos empossados passam a assumir uma grande responsabilidade na manuten\u00e7\u00e3o e no avan\u00e7o dos bons indicadores da seguran\u00e7a p\u00fablica. Aos delegados, cabe liderar equipes com coragem, equil\u00edbrio e decis\u00f5es pautadas pela justi\u00e7a; aos psic\u00f3logos, oferecer o suporte humano essencial por tr\u00e1s de cada investiga\u00e7\u00e3o. Tenho plena confian\u00e7a de que todos contribuir\u00e3o para o fortalecimento da Pol\u00edcia Civil, reafirmando o compromisso com uma atua\u00e7\u00e3o \u00e9tica, eficiente e humana em favor da seguran\u00e7a e do bem-estar da popula\u00e7\u00e3o de Santa Catarina\u201d, disse.<\/span><\/p>\n<p><\/p>\t\t\t\t\t\t\t\t<\/div>\n\t\t\t\t<\/div>\n\t\t\t\t\t<\/div>\n\t\t<\/div>\n\t\t\t\t\t<\/div>\n\t\t<\/section>\n\t\t\t\t<section class=\"elementor-section elementor-top-section elementor-element elementor-element-8e4bbff elementor-section-boxed elementor-section-height-default elementor-section-height-default\" data-id=\"8e4bbff\" data-element_type=\"section\">\n\t\t\t\t\t\t<div class=\"elementor-container elementor-column-gap-default\">\n\t\t\t\t\t<div class=\"elementor-column elementor-col-100 elementor-top-column elementor-element elementor-element-1f38a7d\" data-id=\"1f38a7d\" data-element_type=\"column\">\n\t\t\t<div class=\"elementor-widget-wrap elementor-element-populated\">\n\t\t\t\t\t\t<div class=\"elementor-element elementor-element-6783329 elementor-widget elementor-widget-gallery\" data-id=\"6783329\" data-element_type=\"widget\" data-settings=\"{&quot;columns&quot;:2,&quot;lazyload&quot;:&quot;yes&quot;,&quot;gallery_layout&quot;:&quot;grid&quot;,&quot;columns_tablet&quot;:2,&quot;columns_mobile&quot;:1,&quot;gap&quot;:{&quot;unit&quot;:&quot;px&quot;,&quot;size&quot;:10,&quot;sizes&quot;:[]},&quot;gap_tablet&quot;:{&quot;unit&quot;:&quot;px&quot;,&quot;size&quot;:10,&quot;sizes&quot;:[]},&quot;gap_mobile&quot;:{&quot;unit&quot;:&quot;px&quot;,&quot;size&quot;:10,&quot;sizes&quot;:[]},&quot;link_to&quot;:&quot;file&quot;,&quot;aspect_ratio&quot;:&quot;3:2&quot;,&quot;overlay_background&quot;:&quot;yes&quot;,&quot;content_hover_animation&quot;:&quot;fade-in&quot;}\" data-widget_type=\"gallery.default\">\n\t\t\t\t<div class=\"elementor-widget-container\">\n\t\t\t\t\t\t\t<div class=\"elementor-gallery__container\">\n\t\t\t\t\t\t\t<a class=\"e-gallery-item elementor-gallery-item elementor-animated-content\" href=\"https:\/\/pc.sc.gov.br\/\/wp-content\/uploads\/2026\/01\/WhatsApp-Image-2026-01-29-at-20.03.54.jpeg\" data-elementor-open-lightbox=\"yes\" data-elementor-lightbox-slideshow=\"6783329\" data-elementor-lightbox-title=\"WhatsApp Image 2026-01-29 at 20.03.54\" data-e-action-hash=\"#elementor-action%3Aaction%3Dlightbox%26settings%3DeyJpZCI6MzYwMjQsInVybCI6Imh0dHBzOlwvXC9wYy5zYy5nb3YuYnJcL1wvd3AtY29udGVudFwvdXBsb2Fkc1wvMjAyNlwvMDFcL1doYXRzQXBwLUltYWdlLTIwMjYtMDEtMjktYXQtMjAuMDMuNTQuanBlZyIsInNsaWRlc2hvdyI6IjY3ODMzMjkifQ%3D%3D\">\n\t\t\t\t\t<div class=\"e-gallery-image elementor-gallery-item__image\" data-thumbnail=\"https:\/\/pc.sc.gov.br\/\/wp-content\/uploads\/2026\/01\/WhatsApp-Image-2026-01-29-at-20.03.54-300x200.jpeg\" data-width=\"300\" data-height=\"200\" aria-label=\"\" role=\"img\" ><\/div>\n\t\t\t\t\t\t\t\t\t\t\t<div class=\"elementor-gallery-item__overlay\"><\/div>\n\t\t\t\t\t\t\t\t\t\t\t\t\t\t<\/a>\n\t\t\t\t\t\t\t<a class=\"e-gallery-item elementor-gallery-item elementor-animated-content\" href=\"https:\/\/pc.sc.gov.br\/\/wp-content\/uploads\/2026\/01\/WhatsApp-Image-2026-01-29-at-20.04.12.jpeg\" data-elementor-open-lightbox=\"yes\" data-elementor-lightbox-slideshow=\"6783329\" data-elementor-lightbox-title=\"WhatsApp Image 2026-01-29 at 20.04.12\" data-e-action-hash=\"#elementor-action%3Aaction%3Dlightbox%26settings%3DeyJpZCI6MzYwMjMsInVybCI6Imh0dHBzOlwvXC9wYy5zYy5nb3YuYnJcL1wvd3AtY29udGVudFwvdXBsb2Fkc1wvMjAyNlwvMDFcL1doYXRzQXBwLUltYWdlLTIwMjYtMDEtMjktYXQtMjAuMDQuMTIuanBlZyIsInNsaWRlc2hvdyI6IjY3ODMzMjkifQ%3D%3D\">\n\t\t\t\t\t<div class=\"e-gallery-image elementor-gallery-item__image\" data-thumbnail=\"https:\/\/pc.sc.gov.br\/\/wp-content\/uploads\/2026\/01\/WhatsApp-Image-2026-01-29-at-20.04.12-300x200.jpeg\" data-width=\"300\" data-height=\"200\" aria-label=\"\" role=\"img\" ><\/div>\n\t\t\t\t\t\t\t\t\t\t\t<div class=\"elementor-gallery-item__overlay\"><\/div>\n\t\t\t\t\t\t\t\t\t\t\t\t\t\t<\/a>\n\t\t\t\t\t<\/div>\n\t\t\t\t\t<\/div>\n\t\t\t\t<\/div>\n\t\t\t\t\t<\/div>\n\t\t<\/div>\n\t\t\t\t\t<\/div>\n\t\t<\/section>\n\t\t\t\t<\/div>\n\t\t","protected":false},"excerpt":{"rendered":"<p>Pol\u00edcia Civil realiza solenidade de posse de 45 novos delegados de Pol\u00edcia e 20 psic\u00f3logos policiais na Capital Nesta quinta-feira (29\/01), a Pol\u00edcia Civil de Santa Catarina realizou a solenidade de posse de 45 novos delegados de Pol\u00edcia e 20 psic\u00f3logos policiais aprovados no concurso p\u00fablico realizado em 2024. O ato aconteceu no Audit\u00f3rio do [&hellip;]<\/p>\n","protected":false},"author":5,"featured_media":36025,"comment_status":"closed","ping_status":"open","sticky":false,"template":"","format":"standard","meta":{"_monsterinsights_skip_tracking":false,"_monsterinsights_sitenote_active":false,"_monsterinsights_sitenote_note":"","_monsterinsights_sitenote_category":0,"footnotes":""},"categories":[1],"tags":[],"class_list":["post-36022","post","type-post","status-publish","format-standard","has-post-thumbnail","hentry","category-sem-categoria"],"_links":{"self":[{"href":"https:\/\/pc.sc.gov.br\/index.php?rest_route=\/wp\/v2\/posts\/36022","targetHints":{"allow":["GET"]}}],"collection":[{"href":"https:\/\/pc.sc.gov.br\/index.php?rest_route=\/wp\/v2\/posts"}],"about":[{"href":"https:\/\/pc.sc.gov.br\/index.php?rest_route=\/wp\/v2\/types\/post"}],"author":[{"embeddable":true,"href":"https:\/\/pc.sc.gov.br\/index.php?rest_route=\/wp\/v2\/users\/5"}],"replies":[{"embeddable":true,"href":"https:\/\/pc.sc.gov.br\/index.php?rest_route=%2Fwp%2Fv2%2Fcomments&post=36022"}],"version-history":[{"count":8,"href":"https:\/\/pc.sc.gov.br\/index.php?rest_route=\/wp\/v2\/posts\/36022\/revisions"}],"predecessor-version":[{"id":36034,"href":"https:\/\/pc.sc.gov.br\/index.php?rest_route=\/wp\/v2\/posts\/36022\/revisions\/36034"}],"wp:featuredmedia":[{"embeddable":true,"href":"https:\/\/pc.sc.gov.br\/index.php?rest_route=\/wp\/v2\/media\/36025"}],"wp:attachment":[{"href":"https:\/\/pc.sc.gov.br\/index.php?rest_route=%2Fwp%2Fv2%2Fmedia&parent=36022"}],"wp:term":[{"taxonomy":"category","embeddable":true,"href":"https:\/\/pc.sc.gov.br\/index.php?rest_route=%2Fwp%2Fv2%2Fcategories&post=36022"},{"taxonomy":"post_tag","embeddable":true,"href":"https:\/\/pc.sc.gov.br\/index.php?rest_route=%2Fwp%2Fv2%2Ftags&post=36022"}],"curies":[{"name":"wp","href":"https:\/\/api.w.org\/{rel}","templated":true}]}}