{"id":3636,"date":"2023-01-05T13:26:49","date_gmt":"2023-01-05T16:26:49","guid":{"rendered":"https:\/\/pc.sc.gov.br\/?p=3636"},"modified":"2023-01-05T13:27:11","modified_gmt":"2023-01-05T16:27:11","slug":"policia-civil-prende-duas-pessoas-em-flagrante-no-terminal-rodoviario-da-capital","status":"publish","type":"post","link":"https:\/\/pc.sc.gov.br\/?p=3636","title":{"rendered":"Pol\u00edcia Civil prende duas pessoas em flagrante no Terminal Rodovi\u00e1rio da Capital"},"content":{"rendered":"\t\t<div data-elementor-type=\"wp-post\" data-elementor-id=\"3636\" class=\"elementor elementor-3636\" data-elementor-post-type=\"post\">\n\t\t\t\t\t\t<section class=\"elementor-section elementor-top-section elementor-element elementor-element-e3514e3 elementor-section-boxed elementor-section-height-default elementor-section-height-default\" data-id=\"e3514e3\" data-element_type=\"section\">\n\t\t\t\t\t\t<div class=\"elementor-container elementor-column-gap-default\">\n\t\t\t\t\t<div class=\"elementor-column elementor-col-100 elementor-top-column elementor-element elementor-element-de52f40\" data-id=\"de52f40\" data-element_type=\"column\">\n\t\t\t<div class=\"elementor-widget-wrap elementor-element-populated\">\n\t\t\t\t\t\t<div class=\"elementor-element elementor-element-4f8c3b4 elementor-widget elementor-widget-heading\" data-id=\"4f8c3b4\" data-element_type=\"widget\" data-widget_type=\"heading.default\">\n\t\t\t\t<div class=\"elementor-widget-container\">\n\t\t\t\t\t<h2 class=\"elementor-heading-title elementor-size-default\">Pol\u00edcia Civil prende duas pessoas em flagrante no Terminal Rodovi\u00e1rio da Capital\n<\/h2>\t\t\t\t<\/div>\n\t\t\t\t<\/div>\n\t\t\t\t<div class=\"elementor-element elementor-element-f3ed6b2 elementor-widget elementor-widget-image\" data-id=\"f3ed6b2\" data-element_type=\"widget\" data-widget_type=\"image.default\">\n\t\t\t\t<div class=\"elementor-widget-container\">\n\t\t\t\t\t\t\t\t\t\t\t\t\t\t\t<img fetchpriority=\"high\" decoding=\"async\" width=\"696\" height=\"396\" src=\"https:\/\/pc.sc.gov.br\/\/wp-content\/uploads\/2023\/01\/PC_DNJFNDSFKJNDJGWWASAR54154RYY8O9-1024x582.jpg\" class=\"attachment-large size-large wp-image-3637\" alt=\"\" srcset=\"https:\/\/pc.sc.gov.br\/\/wp-content\/uploads\/2023\/01\/PC_DNJFNDSFKJNDJGWWASAR54154RYY8O9-1024x582.jpg 1024w, https:\/\/pc.sc.gov.br\/\/wp-content\/uploads\/2023\/01\/PC_DNJFNDSFKJNDJGWWASAR54154RYY8O9-300x171.jpg 300w, https:\/\/pc.sc.gov.br\/\/wp-content\/uploads\/2023\/01\/PC_DNJFNDSFKJNDJGWWASAR54154RYY8O9-768x437.jpg 768w, https:\/\/pc.sc.gov.br\/\/wp-content\/uploads\/2023\/01\/PC_DNJFNDSFKJNDJGWWASAR54154RYY8O9-1536x874.jpg 1536w, https:\/\/pc.sc.gov.br\/\/wp-content\/uploads\/2023\/01\/PC_DNJFNDSFKJNDJGWWASAR54154RYY8O9.jpg 1600w\" sizes=\"(max-width: 696px) 100vw, 696px\" \/>\t\t\t\t\t\t\t\t\t\t\t\t\t\t\t<\/div>\n\t\t\t\t<\/div>\n\t\t\t\t<div class=\"elementor-element elementor-element-94b3095 elementor-widget elementor-widget-text-editor\" data-id=\"94b3095\" data-element_type=\"widget\" data-widget_type=\"text-editor.default\">\n\t\t\t\t<div class=\"elementor-widget-container\">\n\t\t\t\t\t\t\t\t\t<p>Na quarta-feira (4), a Pol\u00edcia Civil de Santa Catarina, por meio da Delegacia de Prote\u00e7\u00e3o ao Turista e da Coordenadoria de Opera\u00e7\u00f5es Policiais com C\u00e3es, deflagrou opera\u00e7\u00e3o no Terminal Rodovi\u00e1rio Rita Maria, em Florian\u00f3polis, para fiscalizar um \u00f4nibus com destino \u00e0 cidade de Florian\u00f3polis.<span style=\"font-family: var( --e-global-typography-primary-font-family ), Sans-serif; font-size: var( --e-global-typography-primary-font-size ); font-weight: var( --e-global-typography-primary-font-weight ); letter-spacing: var( --e-global-typography-primary-letter-spacing );\">&nbsp;<\/span><\/p>\n<p>Foram apreendidas drogas e uma arma de fogo, sendo lavrado um termo circunstanciado e auto de pris\u00e3o em flagrante de duas pessoas suspeitas pela pr\u00e1tica de transporte irregular de arma de fogo, em desacordo com o novo Decreto do Governo Federal relacionado a armas e muni\u00e7\u00e3o. Com as pessoas detidas, tamb\u00e9m foi localizada subst\u00e2ncia com caracter\u00edstica de drogas sint\u00e9ticas e org\u00e2nicas.<\/p>\n<p>Al\u00e9m disso, durante a opera\u00e7\u00e3o, foram verificadas documenta\u00e7\u00f5es de passageiros com crian\u00e7as e adolescentes, com a finalidade de conferir a regularidade da viagem e o atendimento \u00e0 legisla\u00e7\u00e3o da crian\u00e7a e do adolescente, al\u00e9m das normas de transporte rodovi\u00e1rio. Nessa atividade, foram fiscalizados passageiros nacionais e estrangeiros. A a\u00e7\u00e3o visa \u00e0 coibi\u00e7\u00e3o de tr\u00e1fico de pessoas e de explora\u00e7\u00e3o no contexto tur\u00edstico.<\/p>\t\t\t\t\t\t\t\t<\/div>\n\t\t\t\t<\/div>\n\t\t\t\t<div class=\"elementor-element elementor-element-a54f844 elementor-widget elementor-widget-image\" data-id=\"a54f844\" data-element_type=\"widget\" data-widget_type=\"image.default\">\n\t\t\t\t<div class=\"elementor-widget-container\">\n\t\t\t\t\t\t\t\t\t\t\t\t\t\t\t<img decoding=\"async\" width=\"696\" height=\"404\" src=\"https:\/\/pc.sc.gov.br\/\/wp-content\/uploads\/2023\/01\/PC_DNJFNDSFKJNDJGWWASARRYY8O9-1024x595.jpg\" class=\"attachment-large size-large wp-image-3639\" alt=\"\" srcset=\"https:\/\/pc.sc.gov.br\/\/wp-content\/uploads\/2023\/01\/PC_DNJFNDSFKJNDJGWWASARRYY8O9-1024x595.jpg 1024w, https:\/\/pc.sc.gov.br\/\/wp-content\/uploads\/2023\/01\/PC_DNJFNDSFKJNDJGWWASARRYY8O9-300x174.jpg 300w, https:\/\/pc.sc.gov.br\/\/wp-content\/uploads\/2023\/01\/PC_DNJFNDSFKJNDJGWWASARRYY8O9-768x446.jpg 768w, https:\/\/pc.sc.gov.br\/\/wp-content\/uploads\/2023\/01\/PC_DNJFNDSFKJNDJGWWASARRYY8O9-1536x892.jpg 1536w, https:\/\/pc.sc.gov.br\/\/wp-content\/uploads\/2023\/01\/PC_DNJFNDSFKJNDJGWWASARRYY8O9.jpg 1584w\" sizes=\"(max-width: 696px) 100vw, 696px\" \/>\t\t\t\t\t\t\t\t\t\t\t\t\t\t\t<\/div>\n\t\t\t\t<\/div>\n\t\t\t\t\t<\/div>\n\t\t<\/div>\n\t\t\t\t\t<\/div>\n\t\t<\/section>\n\t\t\t\t<\/div>\n\t\t","protected":false},"excerpt":{"rendered":"<p>Pol\u00edcia Civil prende duas pessoas em flagrante no Terminal Rodovi\u00e1rio da Capital Na quarta-feira (4), a Pol\u00edcia Civil de Santa Catarina, por meio da Delegacia de Prote\u00e7\u00e3o ao Turista e da Coordenadoria de Opera\u00e7\u00f5es Policiais com C\u00e3es, deflagrou opera\u00e7\u00e3o no Terminal Rodovi\u00e1rio Rita Maria, em Florian\u00f3polis, para fiscalizar um \u00f4nibus com destino \u00e0 cidade de [&hellip;]<\/p>\n","protected":false},"author":5,"featured_media":3637,"comment_status":"closed","ping_status":"open","sticky":false,"template":"","format":"standard","meta":{"_monsterinsights_skip_tracking":false,"_monsterinsights_sitenote_active":false,"_monsterinsights_sitenote_note":"","_monsterinsights_sitenote_category":0,"footnotes":""},"categories":[1],"tags":[],"class_list":["post-3636","post","type-post","status-publish","format-standard","has-post-thumbnail","hentry","category-sem-categoria"],"_links":{"self":[{"href":"https:\/\/pc.sc.gov.br\/index.php?rest_route=\/wp\/v2\/posts\/3636","targetHints":{"allow":["GET"]}}],"collection":[{"href":"https:\/\/pc.sc.gov.br\/index.php?rest_route=\/wp\/v2\/posts"}],"about":[{"href":"https:\/\/pc.sc.gov.br\/index.php?rest_route=\/wp\/v2\/types\/post"}],"author":[{"embeddable":true,"href":"https:\/\/pc.sc.gov.br\/index.php?rest_route=\/wp\/v2\/users\/5"}],"replies":[{"embeddable":true,"href":"https:\/\/pc.sc.gov.br\/index.php?rest_route=%2Fwp%2Fv2%2Fcomments&post=3636"}],"version-history":[{"count":4,"href":"https:\/\/pc.sc.gov.br\/index.php?rest_route=\/wp\/v2\/posts\/3636\/revisions"}],"predecessor-version":[{"id":3642,"href":"https:\/\/pc.sc.gov.br\/index.php?rest_route=\/wp\/v2\/posts\/3636\/revisions\/3642"}],"wp:featuredmedia":[{"embeddable":true,"href":"https:\/\/pc.sc.gov.br\/index.php?rest_route=\/wp\/v2\/media\/3637"}],"wp:attachment":[{"href":"https:\/\/pc.sc.gov.br\/index.php?rest_route=%2Fwp%2Fv2%2Fmedia&parent=3636"}],"wp:term":[{"taxonomy":"category","embeddable":true,"href":"https:\/\/pc.sc.gov.br\/index.php?rest_route=%2Fwp%2Fv2%2Fcategories&post=3636"},{"taxonomy":"post_tag","embeddable":true,"href":"https:\/\/pc.sc.gov.br\/index.php?rest_route=%2Fwp%2Fv2%2Ftags&post=3636"}],"curies":[{"name":"wp","href":"https:\/\/api.w.org\/{rel}","templated":true}]}}