{"id":36553,"date":"2026-02-27T16:46:37","date_gmt":"2026-02-27T19:46:37","guid":{"rendered":"https:\/\/pc.sc.gov.br\/?p=36553"},"modified":"2026-02-27T16:48:06","modified_gmt":"2026-02-27T19:48:06","slug":"policia-civil-captura-foragido-por-participacao-em-roubo-com-violencia-no-sul-do-estado","status":"publish","type":"post","link":"https:\/\/pc.sc.gov.br\/?p=36553","title":{"rendered":"Pol\u00edcia Civil captura foragido por participa\u00e7\u00e3o em roubo com viol\u00eancia no sul do estado"},"content":{"rendered":"\t\t<div data-elementor-type=\"wp-post\" data-elementor-id=\"36553\" class=\"elementor elementor-36553\" data-elementor-post-type=\"post\">\n\t\t\t\t\t\t<section class=\"elementor-section elementor-top-section elementor-element elementor-element-4777fd1 elementor-section-boxed elementor-section-height-default elementor-section-height-default\" data-id=\"4777fd1\" data-element_type=\"section\">\n\t\t\t\t\t\t<div class=\"elementor-container elementor-column-gap-default\">\n\t\t\t\t\t<div class=\"elementor-column elementor-col-100 elementor-top-column elementor-element elementor-element-068345e\" data-id=\"068345e\" data-element_type=\"column\">\n\t\t\t<div class=\"elementor-widget-wrap elementor-element-populated\">\n\t\t\t\t\t\t<div class=\"elementor-element elementor-element-e5ed425 elementor-widget elementor-widget-heading\" data-id=\"e5ed425\" data-element_type=\"widget\" data-widget_type=\"heading.default\">\n\t\t\t\t<div class=\"elementor-widget-container\">\n\t\t\t\t\t<h2 class=\"elementor-heading-title elementor-size-default\">Pol\u00edcia Civil captura foragido por participa\u00e7\u00e3o em roubo com viol\u00eancia no sul do estado<\/h2>\t\t\t\t<\/div>\n\t\t\t\t<\/div>\n\t\t\t\t\t<\/div>\n\t\t<\/div>\n\t\t\t\t\t<\/div>\n\t\t<\/section>\n\t\t\t\t<section class=\"elementor-section elementor-top-section elementor-element elementor-element-81636ae elementor-section-boxed elementor-section-height-default elementor-section-height-default\" data-id=\"81636ae\" data-element_type=\"section\">\n\t\t\t\t\t\t<div class=\"elementor-container elementor-column-gap-default\">\n\t\t\t\t\t<div class=\"elementor-column elementor-col-100 elementor-top-column elementor-element elementor-element-e949ff8\" data-id=\"e949ff8\" data-element_type=\"column\">\n\t\t\t<div class=\"elementor-widget-wrap elementor-element-populated\">\n\t\t\t\t\t\t<div class=\"elementor-element elementor-element-4233195 elementor-widget elementor-widget-post-info\" data-id=\"4233195\" data-element_type=\"widget\" data-widget_type=\"post-info.default\">\n\t\t\t\t<div class=\"elementor-widget-container\">\n\t\t\t\t\t\t\t<ul class=\"elementor-inline-items elementor-icon-list-items elementor-post-info\">\n\t\t\t\t\t\t\t\t<li class=\"elementor-icon-list-item elementor-repeater-item-0e98c3e elementor-inline-item\" itemprop=\"author\">\n\t\t\t\t\t\t<a href=\"https:\/\/pc.sc.gov.br\/?author=13\">\n\t\t\t\t\t\t\t\t\t\t\t<span class=\"elementor-icon-list-icon\">\n\t\t\t\t\t\t\t\t<i aria-hidden=\"true\" class=\"far fa-user-circle\"><\/i>\t\t\t\t\t\t\t<\/span>\n\t\t\t\t\t\t\t\t\t<span class=\"elementor-icon-list-text elementor-post-info__item elementor-post-info__item--type-author\">\n\t\t\t\t\t\t\t\t\t\tNicholly De March\t\t\t\t\t<\/span>\n\t\t\t\t\t\t\t\t\t<\/a>\n\t\t\t\t<\/li>\n\t\t\t\t<li class=\"elementor-icon-list-item elementor-repeater-item-c1b681d elementor-inline-item\" itemprop=\"datePublished\">\n\t\t\t\t\t\t<a href=\"https:\/\/pc.sc.gov.br\/?m=20260227\">\n\t\t\t\t\t\t\t\t\t\t\t<span class=\"elementor-icon-list-icon\">\n\t\t\t\t\t\t\t\t<i aria-hidden=\"true\" class=\"fas fa-calendar\"><\/i>\t\t\t\t\t\t\t<\/span>\n\t\t\t\t\t\t\t\t\t<span class=\"elementor-icon-list-text elementor-post-info__item elementor-post-info__item--type-date\">\n\t\t\t\t\t\t\t\t\t\t<time>fevereiro 27, 2026<\/time>\t\t\t\t\t<\/span>\n\t\t\t\t\t\t\t\t\t<\/a>\n\t\t\t\t<\/li>\n\t\t\t\t<li class=\"elementor-icon-list-item elementor-repeater-item-e405469 elementor-inline-item\">\n\t\t\t\t\t\t\t\t\t\t<span class=\"elementor-icon-list-icon\">\n\t\t\t\t\t\t\t\t<i aria-hidden=\"true\" class=\"far fa-clock\"><\/i>\t\t\t\t\t\t\t<\/span>\n\t\t\t\t\t\t\t\t\t<span class=\"elementor-icon-list-text elementor-post-info__item elementor-post-info__item--type-time\">\n\t\t\t\t\t\t\t\t\t\t<time>4:46 pm<\/time>\t\t\t\t\t<\/span>\n\t\t\t\t\t\t\t\t<\/li>\n\t\t\t\t<\/ul>\n\t\t\t\t\t\t<\/div>\n\t\t\t\t<\/div>\n\t\t\t\t\t<\/div>\n\t\t<\/div>\n\t\t\t\t\t<\/div>\n\t\t<\/section>\n\t\t\t\t<section class=\"elementor-section elementor-top-section elementor-element elementor-element-68e8d35 elementor-section-boxed elementor-section-height-default elementor-section-height-default\" data-id=\"68e8d35\" data-element_type=\"section\">\n\t\t\t\t\t\t<div class=\"elementor-container elementor-column-gap-default\">\n\t\t\t\t\t<div class=\"elementor-column elementor-col-100 elementor-top-column elementor-element elementor-element-887cd93\" data-id=\"887cd93\" data-element_type=\"column\">\n\t\t\t<div class=\"elementor-widget-wrap elementor-element-populated\">\n\t\t\t\t\t\t<div class=\"elementor-element elementor-element-880ce21 elementor-widget elementor-widget-image\" data-id=\"880ce21\" data-element_type=\"widget\" data-widget_type=\"image.default\">\n\t\t\t\t<div class=\"elementor-widget-container\">\n\t\t\t\t\t\t\t\t\t\t\t\t\t\t\t<img fetchpriority=\"high\" decoding=\"async\" width=\"696\" height=\"498\" src=\"https:\/\/pc.sc.gov.br\/\/wp-content\/uploads\/2026\/02\/HOMENS-COSTAS-DIC-POLICIA-CIVIL-PCSC-CARRO-SIRENE-NOITE-ESCURO.jpg\" class=\"attachment-large size-large wp-image-36554\" alt=\"\" srcset=\"https:\/\/pc.sc.gov.br\/\/wp-content\/uploads\/2026\/02\/HOMENS-COSTAS-DIC-POLICIA-CIVIL-PCSC-CARRO-SIRENE-NOITE-ESCURO.jpg 768w, https:\/\/pc.sc.gov.br\/\/wp-content\/uploads\/2026\/02\/HOMENS-COSTAS-DIC-POLICIA-CIVIL-PCSC-CARRO-SIRENE-NOITE-ESCURO-300x215.jpg 300w\" sizes=\"(max-width: 696px) 100vw, 696px\" \/>\t\t\t\t\t\t\t\t\t\t\t\t\t\t\t<\/div>\n\t\t\t\t<\/div>\n\t\t\t\t\t<\/div>\n\t\t<\/div>\n\t\t\t\t\t<\/div>\n\t\t<\/section>\n\t\t\t\t<section class=\"elementor-section elementor-top-section elementor-element elementor-element-4ae94e3 elementor-section-boxed elementor-section-height-default elementor-section-height-default\" data-id=\"4ae94e3\" data-element_type=\"section\">\n\t\t\t\t\t\t<div class=\"elementor-container elementor-column-gap-default\">\n\t\t\t\t\t<div class=\"elementor-column elementor-col-100 elementor-top-column elementor-element elementor-element-b7b7864\" data-id=\"b7b7864\" data-element_type=\"column\">\n\t\t\t<div class=\"elementor-widget-wrap elementor-element-populated\">\n\t\t\t\t\t\t<div class=\"elementor-element elementor-element-8392452 elementor-widget elementor-widget-text-editor\" data-id=\"8392452\" data-element_type=\"widget\" data-widget_type=\"text-editor.default\">\n\t\t\t\t<div class=\"elementor-widget-container\">\n\t\t\t\t\t\t\t\t\t<p>Nesta sexta-feira (27), os policiais da Delegacia de Repress\u00e3o a Roubos (DRR) do Departamento de Investiga\u00e7\u00f5es Criminais (DIC) de Crici\u00fama lograram \u00eaxito em localizar e capturar um investigado que estava foragido desde o ano passado, quando teve sua pris\u00e3o preventiva decretada pela participa\u00e7\u00e3o de um roubo \u00e0 vitima que foi agredida fisicamente e teve seu celular subtra\u00eddo.<\/p><p>O trabalho investigativo permitiu o esclarecimento da autoria de dois suspeitos ap\u00f3s an\u00e1lise de c\u00e2meras de monitoramento e outras dilig\u00eancias policiais espec\u00edficas, sendo estes indiciados pela Autoridade Policial e tendo suas pris\u00f5es preventivas representadas junto ao Poder Judici\u00e1rio.<\/p><p>Os policiais civis identificaram o endere\u00e7o do investigado e ap\u00f3s campana, avistaram o homem entrando em um ve\u00edculo em frente a sua resid\u00eancia, momento em que os policiais passaram a monitorar o ve\u00edculo em deslocamento at\u00e9 a sua abordagem e pris\u00e3o no bairro Quarta Linha.<\/p><p>O outro suspeito identificado tamb\u00e9m estava foragido, mas foi localizado no Rio Grande do Sul no in\u00edcio deste ano, onde encontra-se preso preventivamente por seu envolvimento neste crime.<\/p>\t\t\t\t\t\t\t\t<\/div>\n\t\t\t\t<\/div>\n\t\t\t\t\t<\/div>\n\t\t<\/div>\n\t\t\t\t\t<\/div>\n\t\t<\/section>\n\t\t\t\t<\/div>\n\t\t","protected":false},"excerpt":{"rendered":"<p>Pol\u00edcia Civil captura foragido por participa\u00e7\u00e3o em roubo com viol\u00eancia no sul do estado Nesta sexta-feira (27), os policiais da Delegacia de Repress\u00e3o a Roubos (DRR) do Departamento de Investiga\u00e7\u00f5es Criminais (DIC) de Crici\u00fama lograram \u00eaxito em localizar e capturar um investigado que estava foragido desde o ano passado, quando teve sua pris\u00e3o preventiva decretada [&hellip;]<\/p>\n","protected":false},"author":13,"featured_media":36554,"comment_status":"closed","ping_status":"open","sticky":false,"template":"","format":"standard","meta":{"_monsterinsights_skip_tracking":false,"_monsterinsights_sitenote_active":false,"_monsterinsights_sitenote_note":"","_monsterinsights_sitenote_category":0,"footnotes":""},"categories":[1],"tags":[],"class_list":["post-36553","post","type-post","status-publish","format-standard","has-post-thumbnail","hentry","category-sem-categoria"],"_links":{"self":[{"href":"https:\/\/pc.sc.gov.br\/index.php?rest_route=\/wp\/v2\/posts\/36553","targetHints":{"allow":["GET"]}}],"collection":[{"href":"https:\/\/pc.sc.gov.br\/index.php?rest_route=\/wp\/v2\/posts"}],"about":[{"href":"https:\/\/pc.sc.gov.br\/index.php?rest_route=\/wp\/v2\/types\/post"}],"author":[{"embeddable":true,"href":"https:\/\/pc.sc.gov.br\/index.php?rest_route=\/wp\/v2\/users\/13"}],"replies":[{"embeddable":true,"href":"https:\/\/pc.sc.gov.br\/index.php?rest_route=%2Fwp%2Fv2%2Fcomments&post=36553"}],"version-history":[{"count":4,"href":"https:\/\/pc.sc.gov.br\/index.php?rest_route=\/wp\/v2\/posts\/36553\/revisions"}],"predecessor-version":[{"id":36558,"href":"https:\/\/pc.sc.gov.br\/index.php?rest_route=\/wp\/v2\/posts\/36553\/revisions\/36558"}],"wp:featuredmedia":[{"embeddable":true,"href":"https:\/\/pc.sc.gov.br\/index.php?rest_route=\/wp\/v2\/media\/36554"}],"wp:attachment":[{"href":"https:\/\/pc.sc.gov.br\/index.php?rest_route=%2Fwp%2Fv2%2Fmedia&parent=36553"}],"wp:term":[{"taxonomy":"category","embeddable":true,"href":"https:\/\/pc.sc.gov.br\/index.php?rest_route=%2Fwp%2Fv2%2Fcategories&post=36553"},{"taxonomy":"post_tag","embeddable":true,"href":"https:\/\/pc.sc.gov.br\/index.php?rest_route=%2Fwp%2Fv2%2Ftags&post=36553"}],"curies":[{"name":"wp","href":"https:\/\/api.w.org\/{rel}","templated":true}]}}