{"id":3658,"date":"2023-01-05T15:52:38","date_gmt":"2023-01-05T18:52:38","guid":{"rendered":"https:\/\/pc.sc.gov.br\/?p=3658"},"modified":"2023-01-05T15:53:33","modified_gmt":"2023-01-05T18:53:33","slug":"policia-civil-prende-homem-investigado-por-furtos-de-camionetes-ocorridos-em-balneario-camboriu","status":"publish","type":"post","link":"https:\/\/pc.sc.gov.br\/?p=3658","title":{"rendered":"Pol\u00edcia Civil prende homem investigado por furtos de camionetes ocorridos em Balne\u00e1rio Cambori\u00fa"},"content":{"rendered":"\t\t<div data-elementor-type=\"wp-post\" data-elementor-id=\"3658\" class=\"elementor elementor-3658\" data-elementor-post-type=\"post\">\n\t\t\t\t\t\t<section class=\"elementor-section elementor-top-section elementor-element elementor-element-797e4a9 elementor-section-boxed elementor-section-height-default elementor-section-height-default\" data-id=\"797e4a9\" data-element_type=\"section\">\n\t\t\t\t\t\t<div class=\"elementor-container elementor-column-gap-default\">\n\t\t\t\t\t<div class=\"elementor-column elementor-col-100 elementor-top-column elementor-element elementor-element-9c51ea8\" data-id=\"9c51ea8\" data-element_type=\"column\">\n\t\t\t<div class=\"elementor-widget-wrap elementor-element-populated\">\n\t\t\t\t\t\t<div class=\"elementor-element elementor-element-566e6f3 elementor-widget elementor-widget-heading\" data-id=\"566e6f3\" data-element_type=\"widget\" data-widget_type=\"heading.default\">\n\t\t\t\t<div class=\"elementor-widget-container\">\n\t\t\t\t\t<h2 class=\"elementor-heading-title elementor-size-default\">Pol\u00edcia Civil prende homem investigado por furtos de camionetes ocorridos em Balne\u00e1rio Cambori\u00fa <\/h2>\t\t\t\t<\/div>\n\t\t\t\t<\/div>\n\t\t\t\t<div class=\"elementor-element elementor-element-1c4ddfe elementor-widget elementor-widget-image\" data-id=\"1c4ddfe\" data-element_type=\"widget\" data-widget_type=\"image.default\">\n\t\t\t\t<div class=\"elementor-widget-container\">\n\t\t\t\t\t\t\t\t\t\t\t\t\t\t\t<img fetchpriority=\"high\" decoding=\"async\" width=\"696\" height=\"379\" src=\"https:\/\/pc.sc.gov.br\/\/wp-content\/uploads\/2023\/01\/pc_hbajfkdfkjsdbfkjdgbkjfdghytujt.jpg\" class=\"attachment-large size-large wp-image-3663\" alt=\"\" srcset=\"https:\/\/pc.sc.gov.br\/\/wp-content\/uploads\/2023\/01\/pc_hbajfkdfkjsdbfkjdgbkjfdghytujt.jpg 809w, https:\/\/pc.sc.gov.br\/\/wp-content\/uploads\/2023\/01\/pc_hbajfkdfkjsdbfkjdgbkjfdghytujt-300x163.jpg 300w, https:\/\/pc.sc.gov.br\/\/wp-content\/uploads\/2023\/01\/pc_hbajfkdfkjsdbfkjdgbkjfdghytujt-768x418.jpg 768w\" sizes=\"(max-width: 696px) 100vw, 696px\" \/>\t\t\t\t\t\t\t\t\t\t\t\t\t\t\t<\/div>\n\t\t\t\t<\/div>\n\t\t\t\t<div class=\"elementor-element elementor-element-dab83a9 elementor-widget elementor-widget-text-editor\" data-id=\"dab83a9\" data-element_type=\"widget\" data-widget_type=\"text-editor.default\">\n\t\t\t\t<div class=\"elementor-widget-container\">\n\t\t\t\t\t\t\t\t\t<p>Na quarta-feira (4), a Pol\u00edcia Civil de Santa Catarina, por meio da Divis\u00e3o de Investiga\u00e7\u00e3o Criminal de Balne\u00e1rio Cambori\u00fa, deu cumprimento a um mandado de busca e apreens\u00e3o domiciliar e um mandado de pris\u00e3o preventiva em face de um homem suspeito de integrar associa\u00e7\u00e3o criminosa especializada no furto de ve\u00edculos do tipo camionetes.<\/p><p>A investiga\u00e7\u00e3o, realizada com a colabora\u00e7\u00e3o das Pol\u00edcias Militar e Penal, apontou que o suspeito teria participado diretamente de ao menos dois furtos de camionetes na cidade de Balne\u00e1rio Cambori\u00fa nos \u00faltimos seis meses.<\/p><p>Os mandados de pris\u00e3o e de busca e apreens\u00e3o foram cumpridos no bairro Santa Catarina, na cidade de Joinville, onde o suspeito cumpria pris\u00e3o domiciliar com uso de tornozeleira eletr\u00f4nica em virtude de condena\u00e7\u00e3o pela pr\u00e1tica de crime de mesma natureza.<\/p><p>O preso foi encaminhado ao Pres\u00eddio do Vale do Itaja\u00ed, onde aguardar\u00e1 a conclus\u00e3o da investiga\u00e7\u00e3o.<\/p>\t\t\t\t\t\t\t\t<\/div>\n\t\t\t\t<\/div>\n\t\t\t\t\t<\/div>\n\t\t<\/div>\n\t\t\t\t\t<\/div>\n\t\t<\/section>\n\t\t\t\t<\/div>\n\t\t","protected":false},"excerpt":{"rendered":"<p>Pol\u00edcia Civil prende homem investigado por furtos de camionetes ocorridos em Balne\u00e1rio Cambori\u00fa Na quarta-feira (4), a Pol\u00edcia Civil de Santa Catarina, por meio da Divis\u00e3o de Investiga\u00e7\u00e3o Criminal de Balne\u00e1rio Cambori\u00fa, deu cumprimento a um mandado de busca e apreens\u00e3o domiciliar e um mandado de pris\u00e3o preventiva em face de um homem suspeito de [&hellip;]<\/p>\n","protected":false},"author":5,"featured_media":3663,"comment_status":"closed","ping_status":"open","sticky":false,"template":"","format":"standard","meta":{"_monsterinsights_skip_tracking":false,"_monsterinsights_sitenote_active":false,"_monsterinsights_sitenote_note":"","_monsterinsights_sitenote_category":0,"footnotes":""},"categories":[1],"tags":[],"class_list":["post-3658","post","type-post","status-publish","format-standard","has-post-thumbnail","hentry","category-sem-categoria"],"_links":{"self":[{"href":"https:\/\/pc.sc.gov.br\/index.php?rest_route=\/wp\/v2\/posts\/3658","targetHints":{"allow":["GET"]}}],"collection":[{"href":"https:\/\/pc.sc.gov.br\/index.php?rest_route=\/wp\/v2\/posts"}],"about":[{"href":"https:\/\/pc.sc.gov.br\/index.php?rest_route=\/wp\/v2\/types\/post"}],"author":[{"embeddable":true,"href":"https:\/\/pc.sc.gov.br\/index.php?rest_route=\/wp\/v2\/users\/5"}],"replies":[{"embeddable":true,"href":"https:\/\/pc.sc.gov.br\/index.php?rest_route=%2Fwp%2Fv2%2Fcomments&post=3658"}],"version-history":[{"count":4,"href":"https:\/\/pc.sc.gov.br\/index.php?rest_route=\/wp\/v2\/posts\/3658\/revisions"}],"predecessor-version":[{"id":3667,"href":"https:\/\/pc.sc.gov.br\/index.php?rest_route=\/wp\/v2\/posts\/3658\/revisions\/3667"}],"wp:featuredmedia":[{"embeddable":true,"href":"https:\/\/pc.sc.gov.br\/index.php?rest_route=\/wp\/v2\/media\/3663"}],"wp:attachment":[{"href":"https:\/\/pc.sc.gov.br\/index.php?rest_route=%2Fwp%2Fv2%2Fmedia&parent=3658"}],"wp:term":[{"taxonomy":"category","embeddable":true,"href":"https:\/\/pc.sc.gov.br\/index.php?rest_route=%2Fwp%2Fv2%2Fcategories&post=3658"},{"taxonomy":"post_tag","embeddable":true,"href":"https:\/\/pc.sc.gov.br\/index.php?rest_route=%2Fwp%2Fv2%2Ftags&post=3658"}],"curies":[{"name":"wp","href":"https:\/\/api.w.org\/{rel}","templated":true}]}}