{"id":3669,"date":"2023-01-05T16:29:05","date_gmt":"2023-01-05T19:29:05","guid":{"rendered":"https:\/\/pc.sc.gov.br\/?p=3669"},"modified":"2023-01-05T16:29:14","modified_gmt":"2023-01-05T19:29:14","slug":"policia-civil-prende-em-flagrante-homem-por-roubo-ocorrido-em-criciuma","status":"publish","type":"post","link":"https:\/\/pc.sc.gov.br\/?p=3669","title":{"rendered":"Pol\u00edcia Civil prende em flagrante homem por roubo ocorrido em Crici\u00fama"},"content":{"rendered":"\t\t<div data-elementor-type=\"wp-post\" data-elementor-id=\"3669\" class=\"elementor elementor-3669\" data-elementor-post-type=\"post\">\n\t\t\t\t\t\t<section class=\"elementor-section elementor-top-section elementor-element elementor-element-1ae1bc0 elementor-section-boxed elementor-section-height-default elementor-section-height-default\" data-id=\"1ae1bc0\" data-element_type=\"section\">\n\t\t\t\t\t\t<div class=\"elementor-container elementor-column-gap-default\">\n\t\t\t\t\t<div class=\"elementor-column elementor-col-100 elementor-top-column elementor-element elementor-element-28ec307\" data-id=\"28ec307\" data-element_type=\"column\">\n\t\t\t<div class=\"elementor-widget-wrap elementor-element-populated\">\n\t\t\t\t\t\t<div class=\"elementor-element elementor-element-f433c6e elementor-widget elementor-widget-heading\" data-id=\"f433c6e\" data-element_type=\"widget\" data-widget_type=\"heading.default\">\n\t\t\t\t<div class=\"elementor-widget-container\">\n\t\t\t\t\t<h2 class=\"elementor-heading-title elementor-size-default\">Pol\u00edcia Civil prende em flagrante homem por roubo ocorrido em Crici\u00fama\n<\/h2>\t\t\t\t<\/div>\n\t\t\t\t<\/div>\n\t\t\t\t<div class=\"elementor-element elementor-element-0d3c353 elementor-widget elementor-widget-image\" data-id=\"0d3c353\" data-element_type=\"widget\" data-widget_type=\"image.default\">\n\t\t\t\t<div class=\"elementor-widget-container\">\n\t\t\t\t\t\t\t\t\t\t\t\t\t\t\t<img fetchpriority=\"high\" decoding=\"async\" width=\"696\" height=\"439\" src=\"https:\/\/pc.sc.gov.br\/\/wp-content\/uploads\/2023\/01\/pc_hbajfkdfkjsdbfkjdgbkjfgffdghytujt-1024x646.jpg\" class=\"attachment-large size-large wp-image-3670\" alt=\"\" srcset=\"https:\/\/pc.sc.gov.br\/\/wp-content\/uploads\/2023\/01\/pc_hbajfkdfkjsdbfkjdgbkjfgffdghytujt-1024x646.jpg 1024w, https:\/\/pc.sc.gov.br\/\/wp-content\/uploads\/2023\/01\/pc_hbajfkdfkjsdbfkjdgbkjfgffdghytujt-300x189.jpg 300w, https:\/\/pc.sc.gov.br\/\/wp-content\/uploads\/2023\/01\/pc_hbajfkdfkjsdbfkjdgbkjfgffdghytujt-768x484.jpg 768w, https:\/\/pc.sc.gov.br\/\/wp-content\/uploads\/2023\/01\/pc_hbajfkdfkjsdbfkjdgbkjfgffdghytujt.jpg 1280w\" sizes=\"(max-width: 696px) 100vw, 696px\" \/>\t\t\t\t\t\t\t\t\t\t\t\t\t\t\t<\/div>\n\t\t\t\t<\/div>\n\t\t\t\t<div class=\"elementor-element elementor-element-613e6e2 elementor-widget elementor-widget-text-editor\" data-id=\"613e6e2\" data-element_type=\"widget\" data-widget_type=\"text-editor.default\">\n\t\t\t\t<div class=\"elementor-widget-container\">\n\t\t\t\t\t\t\t\t\t<p>Na quarta-feira (4), a Pol\u00edcia Civil de Santa Catarina, por meio da Divis\u00e3o de Investiga\u00e7\u00e3o Criminal de Crici\u00fama, prendeu em flagrante um homem por um roubo realizado com utiliza\u00e7\u00e3o de arma de fogo em Crici\u00fama. O crime aconteceu na quarta-feira (4) e teria sido realizado por um grupo armado em um estabelecimento comercial no bairro Pr\u00f3spera.<span style=\"font-family: var( --e-global-typography-primary-font-family ), Sans-serif; font-size: var( --e-global-typography-primary-font-size ); font-weight: var( --e-global-typography-primary-font-weight ); letter-spacing: var( --e-global-typography-primary-letter-spacing );\">&nbsp;<\/span><\/p><p>Al\u00e9m disso, houve a apreens\u00e3o de uma arma de fogo com muni\u00e7\u00f5es e um ve\u00edculo utilizado pelo grupo criminoso. A Pol\u00edcia Civil formalizou tamb\u00e9m o pedido de pris\u00e3o preventiva desse homem preso.<span style=\"font-family: var( --e-global-typography-primary-font-family ), Sans-serif; font-size: var( --e-global-typography-primary-font-size ); font-weight: var( --e-global-typography-primary-font-weight ); letter-spacing: var( --e-global-typography-primary-letter-spacing );\">&nbsp;<\/span><\/p><p>Segundo o delegado da Divis\u00e3o de Repress\u00e3o a Roubos da DIC de Crici\u00fama, Yuri Miqueluzzi, desde a ocorr\u00eancia do crime, houve intensa movimenta\u00e7\u00e3o das for\u00e7as de Seguran\u00e7a P\u00fablica no controle e apura\u00e7\u00e3o preliminar do roubo. \u201cIntegrantes das pol\u00edcias Civil, Militar, Cient\u00edfica, Penal e Rodovi\u00e1ria Federal atuaram de forma imediata e integrada\u201d, destacou o delegado Yuri, que ficar\u00e1 respons\u00e1vel pelo prosseguimento das investiga\u00e7\u00f5es do caso.<\/p>\t\t\t\t\t\t\t\t<\/div>\n\t\t\t\t<\/div>\n\t\t\t\t\t<\/div>\n\t\t<\/div>\n\t\t\t\t\t<\/div>\n\t\t<\/section>\n\t\t\t\t<\/div>\n\t\t","protected":false},"excerpt":{"rendered":"<p>Pol\u00edcia Civil prende em flagrante homem por roubo ocorrido em Crici\u00fama Na quarta-feira (4), a Pol\u00edcia Civil de Santa Catarina, por meio da Divis\u00e3o de Investiga\u00e7\u00e3o Criminal de Crici\u00fama, prendeu em flagrante um homem por um roubo realizado com utiliza\u00e7\u00e3o de arma de fogo em Crici\u00fama. O crime aconteceu na quarta-feira (4) e teria sido [&hellip;]<\/p>\n","protected":false},"author":5,"featured_media":3670,"comment_status":"closed","ping_status":"open","sticky":false,"template":"","format":"standard","meta":{"_monsterinsights_skip_tracking":false,"_monsterinsights_sitenote_active":false,"_monsterinsights_sitenote_note":"","_monsterinsights_sitenote_category":0,"footnotes":""},"categories":[1],"tags":[],"class_list":["post-3669","post","type-post","status-publish","format-standard","has-post-thumbnail","hentry","category-sem-categoria"],"_links":{"self":[{"href":"https:\/\/pc.sc.gov.br\/index.php?rest_route=\/wp\/v2\/posts\/3669","targetHints":{"allow":["GET"]}}],"collection":[{"href":"https:\/\/pc.sc.gov.br\/index.php?rest_route=\/wp\/v2\/posts"}],"about":[{"href":"https:\/\/pc.sc.gov.br\/index.php?rest_route=\/wp\/v2\/types\/post"}],"author":[{"embeddable":true,"href":"https:\/\/pc.sc.gov.br\/index.php?rest_route=\/wp\/v2\/users\/5"}],"replies":[{"embeddable":true,"href":"https:\/\/pc.sc.gov.br\/index.php?rest_route=%2Fwp%2Fv2%2Fcomments&post=3669"}],"version-history":[{"count":4,"href":"https:\/\/pc.sc.gov.br\/index.php?rest_route=\/wp\/v2\/posts\/3669\/revisions"}],"predecessor-version":[{"id":3675,"href":"https:\/\/pc.sc.gov.br\/index.php?rest_route=\/wp\/v2\/posts\/3669\/revisions\/3675"}],"wp:featuredmedia":[{"embeddable":true,"href":"https:\/\/pc.sc.gov.br\/index.php?rest_route=\/wp\/v2\/media\/3670"}],"wp:attachment":[{"href":"https:\/\/pc.sc.gov.br\/index.php?rest_route=%2Fwp%2Fv2%2Fmedia&parent=3669"}],"wp:term":[{"taxonomy":"category","embeddable":true,"href":"https:\/\/pc.sc.gov.br\/index.php?rest_route=%2Fwp%2Fv2%2Fcategories&post=3669"},{"taxonomy":"post_tag","embeddable":true,"href":"https:\/\/pc.sc.gov.br\/index.php?rest_route=%2Fwp%2Fv2%2Ftags&post=3669"}],"curies":[{"name":"wp","href":"https:\/\/api.w.org\/{rel}","templated":true}]}}