{"id":36866,"date":"2026-03-10T11:35:04","date_gmt":"2026-03-10T14:35:04","guid":{"rendered":"https:\/\/pc.sc.gov.br\/?p=36866"},"modified":"2026-03-10T11:36:28","modified_gmt":"2026-03-10T14:36:28","slug":"policia-civil-prende-homem-em-flagrante-por-armazenamento-de-pornografia-infantil-em-timbo","status":"publish","type":"post","link":"https:\/\/pc.sc.gov.br\/?p=36866","title":{"rendered":"Pol\u00edcia Civil prende homem em flagrante por armazenamento de pornografia infantil em Timb\u00f3"},"content":{"rendered":"\t\t<div data-elementor-type=\"wp-post\" data-elementor-id=\"36866\" class=\"elementor elementor-36866\" data-elementor-post-type=\"post\">\n\t\t\t\t\t\t<section class=\"elementor-section elementor-top-section elementor-element elementor-element-7cb8057 elementor-section-boxed elementor-section-height-default elementor-section-height-default\" data-id=\"7cb8057\" data-element_type=\"section\">\n\t\t\t\t\t\t<div class=\"elementor-container elementor-column-gap-default\">\n\t\t\t\t\t<div class=\"elementor-column elementor-col-100 elementor-top-column elementor-element elementor-element-c3ae043\" data-id=\"c3ae043\" data-element_type=\"column\">\n\t\t\t<div class=\"elementor-widget-wrap elementor-element-populated\">\n\t\t\t\t\t\t<div class=\"elementor-element elementor-element-91d7812 elementor-widget elementor-widget-heading\" data-id=\"91d7812\" data-element_type=\"widget\" data-widget_type=\"heading.default\">\n\t\t\t\t<div class=\"elementor-widget-container\">\n\t\t\t\t\t<h2 class=\"elementor-heading-title elementor-size-default\">Pol\u00edcia Civil prende homem em flagrante por armazenamento de pornografia infantil em Timb\u00f3<\/h2>\t\t\t\t<\/div>\n\t\t\t\t<\/div>\n\t\t\t\t\t<\/div>\n\t\t<\/div>\n\t\t\t\t\t<\/div>\n\t\t<\/section>\n\t\t\t\t<section class=\"elementor-section elementor-top-section elementor-element elementor-element-00e6cbd elementor-section-boxed elementor-section-height-default elementor-section-height-default\" data-id=\"00e6cbd\" data-element_type=\"section\">\n\t\t\t\t\t\t<div class=\"elementor-container elementor-column-gap-default\">\n\t\t\t\t\t<div class=\"elementor-column elementor-col-100 elementor-top-column elementor-element elementor-element-117650a\" data-id=\"117650a\" data-element_type=\"column\">\n\t\t\t<div class=\"elementor-widget-wrap elementor-element-populated\">\n\t\t\t\t\t\t<div class=\"elementor-element elementor-element-8e03ae4 elementor-widget elementor-widget-post-info\" data-id=\"8e03ae4\" data-element_type=\"widget\" data-widget_type=\"post-info.default\">\n\t\t\t\t<div class=\"elementor-widget-container\">\n\t\t\t\t\t\t\t<ul class=\"elementor-inline-items elementor-icon-list-items elementor-post-info\">\n\t\t\t\t\t\t\t\t<li class=\"elementor-icon-list-item elementor-repeater-item-eb7f166 elementor-inline-item\" itemprop=\"author\">\n\t\t\t\t\t\t<a href=\"https:\/\/pc.sc.gov.br\/?author=13\">\n\t\t\t\t\t\t\t\t\t\t\t<span class=\"elementor-icon-list-icon\">\n\t\t\t\t\t\t\t\t<i aria-hidden=\"true\" class=\"far fa-user-circle\"><\/i>\t\t\t\t\t\t\t<\/span>\n\t\t\t\t\t\t\t\t\t<span class=\"elementor-icon-list-text elementor-post-info__item elementor-post-info__item--type-author\">\n\t\t\t\t\t\t\t\t\t\tNicholly De March\t\t\t\t\t<\/span>\n\t\t\t\t\t\t\t\t\t<\/a>\n\t\t\t\t<\/li>\n\t\t\t\t<li class=\"elementor-icon-list-item elementor-repeater-item-0412c94 elementor-inline-item\" itemprop=\"datePublished\">\n\t\t\t\t\t\t<a href=\"https:\/\/pc.sc.gov.br\/?m=20260310\">\n\t\t\t\t\t\t\t\t\t\t\t<span class=\"elementor-icon-list-icon\">\n\t\t\t\t\t\t\t\t<i aria-hidden=\"true\" class=\"fas fa-calendar\"><\/i>\t\t\t\t\t\t\t<\/span>\n\t\t\t\t\t\t\t\t\t<span class=\"elementor-icon-list-text elementor-post-info__item elementor-post-info__item--type-date\">\n\t\t\t\t\t\t\t\t\t\t<time>mar\u00e7o 10, 2026<\/time>\t\t\t\t\t<\/span>\n\t\t\t\t\t\t\t\t\t<\/a>\n\t\t\t\t<\/li>\n\t\t\t\t<li class=\"elementor-icon-list-item elementor-repeater-item-642f458 elementor-inline-item\">\n\t\t\t\t\t\t\t\t\t\t<span class=\"elementor-icon-list-icon\">\n\t\t\t\t\t\t\t\t<i aria-hidden=\"true\" class=\"far fa-clock\"><\/i>\t\t\t\t\t\t\t<\/span>\n\t\t\t\t\t\t\t\t\t<span class=\"elementor-icon-list-text elementor-post-info__item elementor-post-info__item--type-time\">\n\t\t\t\t\t\t\t\t\t\t<time>11:35 am<\/time>\t\t\t\t\t<\/span>\n\t\t\t\t\t\t\t\t<\/li>\n\t\t\t\t<\/ul>\n\t\t\t\t\t\t<\/div>\n\t\t\t\t<\/div>\n\t\t\t\t\t<\/div>\n\t\t<\/div>\n\t\t\t\t\t<\/div>\n\t\t<\/section>\n\t\t\t\t<section class=\"elementor-section elementor-top-section elementor-element elementor-element-5c974fc elementor-section-boxed elementor-section-height-default elementor-section-height-default\" data-id=\"5c974fc\" data-element_type=\"section\">\n\t\t\t\t\t\t<div class=\"elementor-container elementor-column-gap-default\">\n\t\t\t\t\t<div class=\"elementor-column elementor-col-100 elementor-top-column elementor-element elementor-element-bf3416f\" data-id=\"bf3416f\" data-element_type=\"column\">\n\t\t\t<div class=\"elementor-widget-wrap elementor-element-populated\">\n\t\t\t\t\t\t<div class=\"elementor-element elementor-element-16da9cc elementor-widget elementor-widget-image\" data-id=\"16da9cc\" data-element_type=\"widget\" data-widget_type=\"image.default\">\n\t\t\t\t<div class=\"elementor-widget-container\">\n\t\t\t\t\t\t\t\t\t\t\t\t\t\t\t<img fetchpriority=\"high\" decoding=\"async\" width=\"696\" height=\"392\" src=\"https:\/\/pc.sc.gov.br\/\/wp-content\/uploads\/2026\/03\/WhatsApp-Image-2026-03-10-at-10.56.11-1024x576.jpeg\" class=\"attachment-large size-large wp-image-36867\" alt=\"\" srcset=\"https:\/\/pc.sc.gov.br\/\/wp-content\/uploads\/2026\/03\/WhatsApp-Image-2026-03-10-at-10.56.11-1024x576.jpeg 1024w, https:\/\/pc.sc.gov.br\/\/wp-content\/uploads\/2026\/03\/WhatsApp-Image-2026-03-10-at-10.56.11-300x169.jpeg 300w, https:\/\/pc.sc.gov.br\/\/wp-content\/uploads\/2026\/03\/WhatsApp-Image-2026-03-10-at-10.56.11-768x432.jpeg 768w, https:\/\/pc.sc.gov.br\/\/wp-content\/uploads\/2026\/03\/WhatsApp-Image-2026-03-10-at-10.56.11.jpeg 1280w\" sizes=\"(max-width: 696px) 100vw, 696px\" \/>\t\t\t\t\t\t\t\t\t\t\t\t\t\t\t<\/div>\n\t\t\t\t<\/div>\n\t\t\t\t\t<\/div>\n\t\t<\/div>\n\t\t\t\t\t<\/div>\n\t\t<\/section>\n\t\t\t\t<section class=\"elementor-section elementor-top-section elementor-element elementor-element-fa65eae elementor-section-boxed elementor-section-height-default elementor-section-height-default\" data-id=\"fa65eae\" data-element_type=\"section\">\n\t\t\t\t\t\t<div class=\"elementor-container elementor-column-gap-default\">\n\t\t\t\t\t<div class=\"elementor-column elementor-col-100 elementor-top-column elementor-element elementor-element-e63eaee\" data-id=\"e63eaee\" data-element_type=\"column\">\n\t\t\t<div class=\"elementor-widget-wrap elementor-element-populated\">\n\t\t\t\t\t\t<div class=\"elementor-element elementor-element-654b362 elementor-widget elementor-widget-text-editor\" data-id=\"654b362\" data-element_type=\"widget\" data-widget_type=\"text-editor.default\">\n\t\t\t\t<div class=\"elementor-widget-container\">\n\t\t\t\t\t\t\t\t\t<p class=\"_aupe copyable-text x15bjb6t x1n2onr6\"><span class=\"_aupe copyable-text xkrh14z\">A Pol\u00edcia Civil de Santa Catarina, por interm\u00e9dio da Delegacia de Pol\u00edcia da Comarca de Timb\u00f3, deu cumprimento, na manh\u00e3 desta ter\u00e7a-feira (10\/03), a um mandado de busca e apreens\u00e3o que resultou na pris\u00e3o em flagrante de um indiv\u00edduo de 31 anos. A investiga\u00e7\u00e3o teve in\u00edcio a partir de informa\u00e7\u00f5es estrat\u00e9gicas e t\u00e9cnicas repassadas pela Ger\u00eancia de Cyberintelig\u00eancia da Pol\u00edcia Civil.<\/span><\/p><p class=\"_aupe copyable-text x15bjb6t x1n2onr6\"><span class=\"_aupe copyable-text xkrh14z\">A opera\u00e7\u00e3o, executada em um im\u00f3vel situado no bairro Dona Clara, em Timb\u00f3, contou com a presen\u00e7a fundamental da Pol\u00edcia Cient\u00edfica. A atua\u00e7\u00e3o conjunta permitiu a an\u00e1lise pericial imediata dos equipamentos eletr\u00f4nicos encontrados no local, conferindo celeridade e rigor t\u00e9cnico \u00e0 dilig\u00eancia.<\/span><\/p><p class=\"_aupe copyable-text x15bjb6t x1n2onr6\"><span class=\"_aupe copyable-text xkrh14z\">Durante as buscas, as equipes apreenderam um computador port\u00e1til e um smartphone. Ap\u00f3s a per\u00edcia t\u00e9cnica preliminar realizada no local, foi confirmada a exist\u00eancia de arquivos contendo cenas de sexo expl\u00edcito e pornografia envolvendo crian\u00e7as e adolescentes armazenados nos dispositivos.<\/span><\/p><p class=\"_aupe copyable-text x15bjb6t x1n2onr6\"><span class=\"_aupe copyable-text xkrh14z\">Perante a confirma\u00e7\u00e3o do crime de adquirir, possuir ou armazenar material pornogr\u00e1fico infantil (conforme o Estatuto da Crian\u00e7a e do Adolescente), o suspeito recebeu voz de pris\u00e3o em flagrante. O detido foi conduzido \u00e0 unidade policial para os procedimentos de pol\u00edcia judici\u00e1ria e permanece \u00e0 disposi\u00e7\u00e3o do Poder Judici\u00e1rio.<\/span><\/p><p class=\"_aupe copyable-text x15bjb6t x1n2onr6\"><span class=\"_aupe copyable-text xkrh14z\">O mandado de busca e apreens\u00e3o foi expedido pela Vara de Garantias da Comarca de Jaragu\u00e1 do Sul. <\/span><\/p>\t\t\t\t\t\t\t\t<\/div>\n\t\t\t\t<\/div>\n\t\t\t\t\t<\/div>\n\t\t<\/div>\n\t\t\t\t\t<\/div>\n\t\t<\/section>\n\t\t\t\t<\/div>\n\t\t","protected":false},"excerpt":{"rendered":"<p>Pol\u00edcia Civil prende homem em flagrante por armazenamento de pornografia infantil em Timb\u00f3 A Pol\u00edcia Civil de Santa Catarina, por interm\u00e9dio da Delegacia de Pol\u00edcia da Comarca de Timb\u00f3, deu cumprimento, na manh\u00e3 desta ter\u00e7a-feira (10\/03), a um mandado de busca e apreens\u00e3o que resultou na pris\u00e3o em flagrante de um indiv\u00edduo de 31 anos. [&hellip;]<\/p>\n","protected":false},"author":13,"featured_media":36867,"comment_status":"closed","ping_status":"open","sticky":false,"template":"","format":"standard","meta":{"_monsterinsights_skip_tracking":false,"_monsterinsights_sitenote_active":false,"_monsterinsights_sitenote_note":"","_monsterinsights_sitenote_category":0,"footnotes":""},"categories":[1],"tags":[],"class_list":["post-36866","post","type-post","status-publish","format-standard","has-post-thumbnail","hentry","category-sem-categoria"],"_links":{"self":[{"href":"https:\/\/pc.sc.gov.br\/index.php?rest_route=\/wp\/v2\/posts\/36866","targetHints":{"allow":["GET"]}}],"collection":[{"href":"https:\/\/pc.sc.gov.br\/index.php?rest_route=\/wp\/v2\/posts"}],"about":[{"href":"https:\/\/pc.sc.gov.br\/index.php?rest_route=\/wp\/v2\/types\/post"}],"author":[{"embeddable":true,"href":"https:\/\/pc.sc.gov.br\/index.php?rest_route=\/wp\/v2\/users\/13"}],"replies":[{"embeddable":true,"href":"https:\/\/pc.sc.gov.br\/index.php?rest_route=%2Fwp%2Fv2%2Fcomments&post=36866"}],"version-history":[{"count":4,"href":"https:\/\/pc.sc.gov.br\/index.php?rest_route=\/wp\/v2\/posts\/36866\/revisions"}],"predecessor-version":[{"id":36871,"href":"https:\/\/pc.sc.gov.br\/index.php?rest_route=\/wp\/v2\/posts\/36866\/revisions\/36871"}],"wp:featuredmedia":[{"embeddable":true,"href":"https:\/\/pc.sc.gov.br\/index.php?rest_route=\/wp\/v2\/media\/36867"}],"wp:attachment":[{"href":"https:\/\/pc.sc.gov.br\/index.php?rest_route=%2Fwp%2Fv2%2Fmedia&parent=36866"}],"wp:term":[{"taxonomy":"category","embeddable":true,"href":"https:\/\/pc.sc.gov.br\/index.php?rest_route=%2Fwp%2Fv2%2Fcategories&post=36866"},{"taxonomy":"post_tag","embeddable":true,"href":"https:\/\/pc.sc.gov.br\/index.php?rest_route=%2Fwp%2Fv2%2Ftags&post=36866"}],"curies":[{"name":"wp","href":"https:\/\/api.w.org\/{rel}","templated":true}]}}