{"id":36885,"date":"2026-03-11T14:09:34","date_gmt":"2026-03-11T17:09:34","guid":{"rendered":"https:\/\/pc.sc.gov.br\/?p=36885"},"modified":"2026-03-11T14:16:54","modified_gmt":"2026-03-11T17:16:54","slug":"policia-civil-prende-empresario-e-apreende-pecas-de-nove-veiculos-com-procedencia-ilicita-em-palhoca","status":"publish","type":"post","link":"https:\/\/pc.sc.gov.br\/?p=36885","title":{"rendered":"Pol\u00edcia Civil prende empres\u00e1rio e apreende pe\u00e7as de nove ve\u00edculos com proced\u00eancia il\u00edcita em Palho\u00e7a"},"content":{"rendered":"\t\t<div data-elementor-type=\"wp-post\" data-elementor-id=\"36885\" class=\"elementor elementor-36885\" data-elementor-post-type=\"post\">\n\t\t\t\t\t\t<section class=\"elementor-section elementor-top-section elementor-element elementor-element-555fef1 elementor-section-boxed elementor-section-height-default elementor-section-height-default\" data-id=\"555fef1\" data-element_type=\"section\">\n\t\t\t\t\t\t<div class=\"elementor-container elementor-column-gap-default\">\n\t\t\t\t\t<div class=\"elementor-column elementor-col-100 elementor-top-column elementor-element elementor-element-5d01fa5\" data-id=\"5d01fa5\" data-element_type=\"column\">\n\t\t\t<div class=\"elementor-widget-wrap elementor-element-populated\">\n\t\t\t\t\t\t<div class=\"elementor-element elementor-element-9cff545 elementor-widget elementor-widget-heading\" data-id=\"9cff545\" data-element_type=\"widget\" data-widget_type=\"heading.default\">\n\t\t\t\t<div class=\"elementor-widget-container\">\n\t\t\t\t\t<h2 class=\"elementor-heading-title elementor-size-default\">Pol\u00edcia Civil prende empres\u00e1rio e apreende pe\u00e7as de nove ve\u00edculos com proced\u00eancia il\u00edcita em Palho\u00e7a<\/h2>\t\t\t\t<\/div>\n\t\t\t\t<\/div>\n\t\t\t\t\t<\/div>\n\t\t<\/div>\n\t\t\t\t\t<\/div>\n\t\t<\/section>\n\t\t\t\t<section class=\"elementor-section elementor-top-section elementor-element elementor-element-c8e5095 elementor-section-boxed elementor-section-height-default elementor-section-height-default\" data-id=\"c8e5095\" data-element_type=\"section\">\n\t\t\t\t\t\t<div class=\"elementor-container elementor-column-gap-default\">\n\t\t\t\t\t<div class=\"elementor-column elementor-col-100 elementor-top-column elementor-element elementor-element-835f560\" data-id=\"835f560\" data-element_type=\"column\">\n\t\t\t<div class=\"elementor-widget-wrap elementor-element-populated\">\n\t\t\t\t\t\t<div class=\"elementor-element elementor-element-384704c elementor-widget elementor-widget-post-info\" data-id=\"384704c\" data-element_type=\"widget\" data-widget_type=\"post-info.default\">\n\t\t\t\t<div class=\"elementor-widget-container\">\n\t\t\t\t\t\t\t<ul class=\"elementor-inline-items elementor-icon-list-items elementor-post-info\">\n\t\t\t\t\t\t\t\t<li class=\"elementor-icon-list-item elementor-repeater-item-674ea3e elementor-inline-item\" itemprop=\"author\">\n\t\t\t\t\t\t<a href=\"https:\/\/pc.sc.gov.br\/?author=13\">\n\t\t\t\t\t\t\t\t\t\t\t<span class=\"elementor-icon-list-icon\">\n\t\t\t\t\t\t\t\t<i aria-hidden=\"true\" class=\"far fa-user-circle\"><\/i>\t\t\t\t\t\t\t<\/span>\n\t\t\t\t\t\t\t\t\t<span class=\"elementor-icon-list-text elementor-post-info__item elementor-post-info__item--type-author\">\n\t\t\t\t\t\t\t\t\t\tNicholly De March\t\t\t\t\t<\/span>\n\t\t\t\t\t\t\t\t\t<\/a>\n\t\t\t\t<\/li>\n\t\t\t\t<li class=\"elementor-icon-list-item elementor-repeater-item-1fc339e elementor-inline-item\" itemprop=\"datePublished\">\n\t\t\t\t\t\t<a href=\"https:\/\/pc.sc.gov.br\/?m=20260311\">\n\t\t\t\t\t\t\t\t\t\t\t<span class=\"elementor-icon-list-icon\">\n\t\t\t\t\t\t\t\t<i aria-hidden=\"true\" class=\"fas fa-calendar\"><\/i>\t\t\t\t\t\t\t<\/span>\n\t\t\t\t\t\t\t\t\t<span class=\"elementor-icon-list-text elementor-post-info__item elementor-post-info__item--type-date\">\n\t\t\t\t\t\t\t\t\t\t<time>mar\u00e7o 11, 2026<\/time>\t\t\t\t\t<\/span>\n\t\t\t\t\t\t\t\t\t<\/a>\n\t\t\t\t<\/li>\n\t\t\t\t<li class=\"elementor-icon-list-item elementor-repeater-item-e438222 elementor-inline-item\">\n\t\t\t\t\t\t\t\t\t\t<span class=\"elementor-icon-list-icon\">\n\t\t\t\t\t\t\t\t<i aria-hidden=\"true\" class=\"far fa-clock\"><\/i>\t\t\t\t\t\t\t<\/span>\n\t\t\t\t\t\t\t\t\t<span class=\"elementor-icon-list-text elementor-post-info__item elementor-post-info__item--type-time\">\n\t\t\t\t\t\t\t\t\t\t<time>2:09 pm<\/time>\t\t\t\t\t<\/span>\n\t\t\t\t\t\t\t\t<\/li>\n\t\t\t\t<\/ul>\n\t\t\t\t\t\t<\/div>\n\t\t\t\t<\/div>\n\t\t\t\t\t<\/div>\n\t\t<\/div>\n\t\t\t\t\t<\/div>\n\t\t<\/section>\n\t\t\t\t<section class=\"elementor-section elementor-top-section elementor-element elementor-element-3f87326 elementor-section-boxed elementor-section-height-default elementor-section-height-default\" data-id=\"3f87326\" data-element_type=\"section\">\n\t\t\t\t\t\t<div class=\"elementor-container elementor-column-gap-default\">\n\t\t\t\t\t<div class=\"elementor-column elementor-col-100 elementor-top-column elementor-element elementor-element-2e76ae8\" data-id=\"2e76ae8\" data-element_type=\"column\">\n\t\t\t<div class=\"elementor-widget-wrap elementor-element-populated\">\n\t\t\t\t\t\t<div class=\"elementor-element elementor-element-3e7e686 elementor-widget elementor-widget-image\" data-id=\"3e7e686\" data-element_type=\"widget\" data-widget_type=\"image.default\">\n\t\t\t\t<div class=\"elementor-widget-container\">\n\t\t\t\t\t\t\t\t\t\t\t\t\t\t\t<img fetchpriority=\"high\" decoding=\"async\" width=\"696\" height=\"696\" src=\"https:\/\/pc.sc.gov.br\/\/wp-content\/uploads\/2026\/03\/WhatsApp-Image-2026-03-11-at-13.37.56-e1773249380628-1024x1024.jpeg\" class=\"attachment-large size-large wp-image-36886\" alt=\"\" srcset=\"https:\/\/pc.sc.gov.br\/\/wp-content\/uploads\/2026\/03\/WhatsApp-Image-2026-03-11-at-13.37.56-e1773249380628-1024x1024.jpeg 1024w, https:\/\/pc.sc.gov.br\/\/wp-content\/uploads\/2026\/03\/WhatsApp-Image-2026-03-11-at-13.37.56-e1773249380628-300x300.jpeg 300w, https:\/\/pc.sc.gov.br\/\/wp-content\/uploads\/2026\/03\/WhatsApp-Image-2026-03-11-at-13.37.56-e1773249380628-150x150.jpeg 150w, https:\/\/pc.sc.gov.br\/\/wp-content\/uploads\/2026\/03\/WhatsApp-Image-2026-03-11-at-13.37.56-e1773249380628-768x768.jpeg 768w, https:\/\/pc.sc.gov.br\/\/wp-content\/uploads\/2026\/03\/WhatsApp-Image-2026-03-11-at-13.37.56-e1773249380628.jpeg 1200w\" sizes=\"(max-width: 696px) 100vw, 696px\" \/>\t\t\t\t\t\t\t\t\t\t\t\t\t\t\t<\/div>\n\t\t\t\t<\/div>\n\t\t\t\t\t<\/div>\n\t\t<\/div>\n\t\t\t\t\t<\/div>\n\t\t<\/section>\n\t\t\t\t<section class=\"elementor-section elementor-top-section elementor-element elementor-element-e3d7475 elementor-section-boxed elementor-section-height-default elementor-section-height-default\" data-id=\"e3d7475\" data-element_type=\"section\">\n\t\t\t\t\t\t<div class=\"elementor-container elementor-column-gap-default\">\n\t\t\t\t\t<div class=\"elementor-column elementor-col-100 elementor-top-column elementor-element elementor-element-239ef6d\" data-id=\"239ef6d\" data-element_type=\"column\">\n\t\t\t<div class=\"elementor-widget-wrap elementor-element-populated\">\n\t\t\t\t\t\t<div class=\"elementor-element elementor-element-bef3c1c elementor-widget elementor-widget-text-editor\" data-id=\"bef3c1c\" data-element_type=\"widget\" data-widget_type=\"text-editor.default\">\n\t\t\t\t<div class=\"elementor-widget-container\">\n\t\t\t\t\t\t\t\t\t<p>A Pol\u00edcia Civil de Santa Catarina, por meio da Delegacia de Furtos e Roubos de Ve\u00edculos da DEIC (DFRV\/DEIC), em trabalho conjunto com a Secretaria Municipal de Seguran\u00e7a P\u00fablica de Palho\u00e7a, a Guarda Municipal de Palho\u00e7a e a Pol\u00edcia Cient\u00edfica, deflagrou na data de ontem, ter\u00e7a-feira (10\/03), a 42\u00aa edi\u00e7\u00e3o da Opera\u00e7\u00e3o 311, no bairro Guarda do Cubat\u00e3o, no munic\u00edpio de Palho\u00e7a.<\/p><p>A a\u00e7\u00e3o foi desencadeada ap\u00f3s den\u00fancias encaminhadas \u00e0 delegacia especializada da DEIC, indicando que uma loja de autope\u00e7as da regi\u00e3o estaria comercializando componentes automotivos de origem il\u00edcita. Diante das informa\u00e7\u00f5es, foi realizada uma fiscaliza\u00e7\u00e3o conjunta envolvendo as for\u00e7as de seguran\u00e7a estaduais e municipais.<\/p><p>Durante a opera\u00e7\u00e3o, foram encontradas pe\u00e7as pertencentes a 9 ve\u00edculos com proced\u00eancia il\u00edcita, sendo 3 com registro de furto e 6 com a numera\u00e7\u00e3o suprimida, pr\u00e1tica utilizada para dificultar a identifica\u00e7\u00e3o da origem dos componentes e possibilitar sua inser\u00e7\u00e3o no mercado clandestino.<\/p><p>O empres\u00e1rio respons\u00e1vel pelo estabelecimento n\u00e3o possui antecedentes criminais e foi conduzido \u00e0 sede da DEIC, em Florian\u00f3polis, onde foi autuado em flagrante pelos crimes de recepta\u00e7\u00e3o qualificada e adultera\u00e7\u00e3o de sinal identificador de ve\u00edculo automotor, cujas penas somadas podem chegar a 16 anos de reclus\u00e3o.<\/p>\t\t\t\t\t\t\t\t<\/div>\n\t\t\t\t<\/div>\n\t\t\t\t\t<\/div>\n\t\t<\/div>\n\t\t\t\t\t<\/div>\n\t\t<\/section>\n\t\t\t\t<\/div>\n\t\t","protected":false},"excerpt":{"rendered":"<p>Pol\u00edcia Civil prende empres\u00e1rio e apreende pe\u00e7as de nove ve\u00edculos com proced\u00eancia il\u00edcita em Palho\u00e7a A Pol\u00edcia Civil de Santa Catarina, por meio da Delegacia de Furtos e Roubos de Ve\u00edculos da DEIC (DFRV\/DEIC), em trabalho conjunto com a Secretaria Municipal de Seguran\u00e7a P\u00fablica de Palho\u00e7a, a Guarda Municipal de Palho\u00e7a e a Pol\u00edcia Cient\u00edfica, [&hellip;]<\/p>\n","protected":false},"author":13,"featured_media":36886,"comment_status":"closed","ping_status":"open","sticky":false,"template":"","format":"standard","meta":{"_monsterinsights_skip_tracking":false,"_monsterinsights_sitenote_active":false,"_monsterinsights_sitenote_note":"","_monsterinsights_sitenote_category":0,"footnotes":""},"categories":[1],"tags":[],"class_list":["post-36885","post","type-post","status-publish","format-standard","has-post-thumbnail","hentry","category-sem-categoria"],"_links":{"self":[{"href":"https:\/\/pc.sc.gov.br\/index.php?rest_route=\/wp\/v2\/posts\/36885","targetHints":{"allow":["GET"]}}],"collection":[{"href":"https:\/\/pc.sc.gov.br\/index.php?rest_route=\/wp\/v2\/posts"}],"about":[{"href":"https:\/\/pc.sc.gov.br\/index.php?rest_route=\/wp\/v2\/types\/post"}],"author":[{"embeddable":true,"href":"https:\/\/pc.sc.gov.br\/index.php?rest_route=\/wp\/v2\/users\/13"}],"replies":[{"embeddable":true,"href":"https:\/\/pc.sc.gov.br\/index.php?rest_route=%2Fwp%2Fv2%2Fcomments&post=36885"}],"version-history":[{"count":4,"href":"https:\/\/pc.sc.gov.br\/index.php?rest_route=\/wp\/v2\/posts\/36885\/revisions"}],"predecessor-version":[{"id":36890,"href":"https:\/\/pc.sc.gov.br\/index.php?rest_route=\/wp\/v2\/posts\/36885\/revisions\/36890"}],"wp:featuredmedia":[{"embeddable":true,"href":"https:\/\/pc.sc.gov.br\/index.php?rest_route=\/wp\/v2\/media\/36886"}],"wp:attachment":[{"href":"https:\/\/pc.sc.gov.br\/index.php?rest_route=%2Fwp%2Fv2%2Fmedia&parent=36885"}],"wp:term":[{"taxonomy":"category","embeddable":true,"href":"https:\/\/pc.sc.gov.br\/index.php?rest_route=%2Fwp%2Fv2%2Fcategories&post=36885"},{"taxonomy":"post_tag","embeddable":true,"href":"https:\/\/pc.sc.gov.br\/index.php?rest_route=%2Fwp%2Fv2%2Ftags&post=36885"}],"curies":[{"name":"wp","href":"https:\/\/api.w.org\/{rel}","templated":true}]}}