{"id":36912,"date":"2026-03-12T10:55:10","date_gmt":"2026-03-12T13:55:10","guid":{"rendered":"https:\/\/pc.sc.gov.br\/?p=36912"},"modified":"2026-03-12T11:13:57","modified_gmt":"2026-03-12T14:13:57","slug":"lideranca-criminosa-do-para-e-presa-no-morro-da-cruz-apos-operacao-tatica-em-area-de-mata","status":"publish","type":"post","link":"https:\/\/pc.sc.gov.br\/?p=36912","title":{"rendered":"Lideran\u00e7a criminosa do Par\u00e1 \u00e9 presa no Morro da Cruz, em Florian\u00f3polis, ap\u00f3s opera\u00e7\u00e3o t\u00e1tica em \u00e1rea de mata"},"content":{"rendered":"\t\t<div data-elementor-type=\"wp-post\" data-elementor-id=\"36912\" class=\"elementor elementor-36912\" data-elementor-post-type=\"post\">\n\t\t\t\t\t\t<section class=\"elementor-section elementor-top-section elementor-element elementor-element-b35e334 elementor-section-boxed elementor-section-height-default elementor-section-height-default\" data-id=\"b35e334\" data-element_type=\"section\">\n\t\t\t\t\t\t<div class=\"elementor-container elementor-column-gap-default\">\n\t\t\t\t\t<div class=\"elementor-column elementor-col-100 elementor-top-column elementor-element elementor-element-cd6c51b\" data-id=\"cd6c51b\" data-element_type=\"column\">\n\t\t\t<div class=\"elementor-widget-wrap elementor-element-populated\">\n\t\t\t\t\t\t<div class=\"elementor-element elementor-element-a8234d3 elementor-widget elementor-widget-heading\" data-id=\"a8234d3\" data-element_type=\"widget\" data-widget_type=\"heading.default\">\n\t\t\t\t<div class=\"elementor-widget-container\">\n\t\t\t\t\t<h2 class=\"elementor-heading-title elementor-size-default\">Lideran\u00e7a criminosa do Par\u00e1 \u00e9 presa no Morro da Cruz, em Florian\u00f3polis, ap\u00f3s opera\u00e7\u00e3o t\u00e1tica em \u00e1rea de mata<\/h2>\t\t\t\t<\/div>\n\t\t\t\t<\/div>\n\t\t\t\t\t<\/div>\n\t\t<\/div>\n\t\t\t\t\t<\/div>\n\t\t<\/section>\n\t\t\t\t<section class=\"elementor-section elementor-top-section elementor-element elementor-element-74b0da2 elementor-section-boxed elementor-section-height-default elementor-section-height-default\" data-id=\"74b0da2\" data-element_type=\"section\">\n\t\t\t\t\t\t<div class=\"elementor-container elementor-column-gap-default\">\n\t\t\t\t\t<div class=\"elementor-column elementor-col-100 elementor-top-column elementor-element elementor-element-286f7be\" data-id=\"286f7be\" data-element_type=\"column\">\n\t\t\t<div class=\"elementor-widget-wrap elementor-element-populated\">\n\t\t\t\t\t\t<div class=\"elementor-element elementor-element-be90aff elementor-widget elementor-widget-post-info\" data-id=\"be90aff\" data-element_type=\"widget\" data-widget_type=\"post-info.default\">\n\t\t\t\t<div class=\"elementor-widget-container\">\n\t\t\t\t\t\t\t<ul class=\"elementor-inline-items elementor-icon-list-items elementor-post-info\">\n\t\t\t\t\t\t\t\t<li class=\"elementor-icon-list-item elementor-repeater-item-5a7c3d0 elementor-inline-item\" itemprop=\"author\">\n\t\t\t\t\t\t<a href=\"https:\/\/pc.sc.gov.br\/?author=13\">\n\t\t\t\t\t\t\t\t\t\t\t<span class=\"elementor-icon-list-icon\">\n\t\t\t\t\t\t\t\t<i aria-hidden=\"true\" class=\"far fa-user-circle\"><\/i>\t\t\t\t\t\t\t<\/span>\n\t\t\t\t\t\t\t\t\t<span class=\"elementor-icon-list-text elementor-post-info__item elementor-post-info__item--type-author\">\n\t\t\t\t\t\t\t\t\t\tNicholly De March\t\t\t\t\t<\/span>\n\t\t\t\t\t\t\t\t\t<\/a>\n\t\t\t\t<\/li>\n\t\t\t\t<li class=\"elementor-icon-list-item elementor-repeater-item-0aeb68e elementor-inline-item\" itemprop=\"datePublished\">\n\t\t\t\t\t\t<a href=\"https:\/\/pc.sc.gov.br\/?m=20260312\">\n\t\t\t\t\t\t\t\t\t\t\t<span class=\"elementor-icon-list-icon\">\n\t\t\t\t\t\t\t\t<i aria-hidden=\"true\" class=\"fas fa-calendar\"><\/i>\t\t\t\t\t\t\t<\/span>\n\t\t\t\t\t\t\t\t\t<span class=\"elementor-icon-list-text elementor-post-info__item elementor-post-info__item--type-date\">\n\t\t\t\t\t\t\t\t\t\t<time>mar\u00e7o 12, 2026<\/time>\t\t\t\t\t<\/span>\n\t\t\t\t\t\t\t\t\t<\/a>\n\t\t\t\t<\/li>\n\t\t\t\t<li class=\"elementor-icon-list-item elementor-repeater-item-822da86 elementor-inline-item\">\n\t\t\t\t\t\t\t\t\t\t<span class=\"elementor-icon-list-icon\">\n\t\t\t\t\t\t\t\t<i aria-hidden=\"true\" class=\"far fa-clock\"><\/i>\t\t\t\t\t\t\t<\/span>\n\t\t\t\t\t\t\t\t\t<span class=\"elementor-icon-list-text elementor-post-info__item elementor-post-info__item--type-time\">\n\t\t\t\t\t\t\t\t\t\t<time>10:55 am<\/time>\t\t\t\t\t<\/span>\n\t\t\t\t\t\t\t\t<\/li>\n\t\t\t\t<\/ul>\n\t\t\t\t\t\t<\/div>\n\t\t\t\t<\/div>\n\t\t\t\t\t<\/div>\n\t\t<\/div>\n\t\t\t\t\t<\/div>\n\t\t<\/section>\n\t\t\t\t<section class=\"elementor-section elementor-top-section elementor-element elementor-element-8926c5a elementor-section-boxed elementor-section-height-default elementor-section-height-default\" data-id=\"8926c5a\" data-element_type=\"section\">\n\t\t\t\t\t\t<div class=\"elementor-container elementor-column-gap-default\">\n\t\t\t\t\t<div class=\"elementor-column elementor-col-100 elementor-top-column elementor-element elementor-element-adb8957\" data-id=\"adb8957\" data-element_type=\"column\">\n\t\t\t<div class=\"elementor-widget-wrap elementor-element-populated\">\n\t\t\t\t\t\t<div class=\"elementor-element elementor-element-1ef697c elementor-widget elementor-widget-image\" data-id=\"1ef697c\" data-element_type=\"widget\" data-widget_type=\"image.default\">\n\t\t\t\t<div class=\"elementor-widget-container\">\n\t\t\t\t\t\t\t\t\t\t\t\t\t\t\t<img decoding=\"async\" src=\"https:\/\/pc.sc.gov.br\/\/wp-content\/uploads\/2026\/03\/WhatsApp-Image-2026-03-12-at-10.24.26-e1773323706937.jpeg\" title=\"WhatsApp Image 2026-03-12 at 10.24.26\" alt=\"WhatsApp Image 2026-03-12 at 10.24.26\" loading=\"lazy\" \/>\t\t\t\t\t\t\t\t\t\t\t\t\t\t\t<\/div>\n\t\t\t\t<\/div>\n\t\t\t\t\t<\/div>\n\t\t<\/div>\n\t\t\t\t\t<\/div>\n\t\t<\/section>\n\t\t\t\t<section class=\"elementor-section elementor-top-section elementor-element elementor-element-c069d6f elementor-section-boxed elementor-section-height-default elementor-section-height-default\" data-id=\"c069d6f\" data-element_type=\"section\">\n\t\t\t\t\t\t<div class=\"elementor-container elementor-column-gap-default\">\n\t\t\t\t\t<div class=\"elementor-column elementor-col-100 elementor-top-column elementor-element elementor-element-0a86db8\" data-id=\"0a86db8\" data-element_type=\"column\">\n\t\t\t<div class=\"elementor-widget-wrap elementor-element-populated\">\n\t\t\t\t\t\t<div class=\"elementor-element elementor-element-f522544 elementor-widget elementor-widget-text-editor\" data-id=\"f522544\" data-element_type=\"widget\" data-widget_type=\"text-editor.default\">\n\t\t\t\t<div class=\"elementor-widget-container\">\n\t\t\t\t\t\t\t\t\t<p class=\"_aupe copyable-text x15bjb6t x1n2onr6\"><span class=\"_aupe copyable-text xkrh14z\">Em uma opera\u00e7\u00e3o conjunta realizada nesta quinta-feira (12), a Pol\u00edcia Civil de Santa Catarina (PCSC), por meio da Coordenadoria de Opera\u00e7\u00f5es e Recursos Especiais (CORE), e a Pol\u00edcia Civil do Estado do Par\u00e1 (PCPA) prenderam um homem foragido da justi\u00e7a paraense que se escondia em Florian\u00f3polis, na regi\u00e3o do Morro da Cruz. <\/span><\/p><p class=\"_aupe copyable-text x15bjb6t x1n2onr6\"><span class=\"_aupe copyable-text xkrh14z\">O homem possu\u00eda tr\u00eas mandados de pris\u00e3o preventiva em aberto. De acordo com as investiga\u00e7\u00f5es, ele exercia fun\u00e7\u00f5es de comando em atividades criminosas no estado do Norte, sendo apontado como respons\u00e1vel pela coordena\u00e7\u00e3o de ataques contra agentes p\u00fablicos e extors\u00f5es praticadas contra comerciantes naquele estado.<\/span><\/p><p class=\"_aupe copyable-text x15bjb6t x1n2onr6\"><span class=\"_aupe copyable-text xkrh14z\">A pris\u00e3o ocorreu em uma \u00e1rea de dif\u00edcil acesso, em Florian\u00f3polis. Policiais da Coordenadoria de Opera\u00e7\u00f5es e Recursos Especias (CORE) da PCSC e agentes da Pol\u00edcia Civil do Par\u00e1 realizaram a opera\u00e7\u00e3o e captura do foragido. De acordo com a investiga\u00e7\u00e3o, o preso utilizava a capital catarinense como esconderijo para tentar escapar do radar das autoridades.<\/span><\/p><p class=\"_aupe copyable-text x15bjb6t x1n2onr6\"><span class=\"_aupe copyable-text xkrh14z\">Atuaremos sempre para impedir que Santa Catarina seja utilizada como ref\u00fagio de criminoso. Ap\u00f3s a pris\u00e3o o indiv\u00edduo foi apresentado \u00e0 justi\u00e7a para os devidos procedimentos legais. <\/span><\/p>\t\t\t\t\t\t\t\t<\/div>\n\t\t\t\t<\/div>\n\t\t\t\t\t<\/div>\n\t\t<\/div>\n\t\t\t\t\t<\/div>\n\t\t<\/section>\n\t\t\t\t<\/div>\n\t\t","protected":false},"excerpt":{"rendered":"<p>Lideran\u00e7a criminosa do Par\u00e1 \u00e9 presa no Morro da Cruz, em Florian\u00f3polis, ap\u00f3s opera\u00e7\u00e3o t\u00e1tica em \u00e1rea de mata Em uma opera\u00e7\u00e3o conjunta realizada nesta quinta-feira (12), a Pol\u00edcia Civil de Santa Catarina (PCSC), por meio da Coordenadoria de Opera\u00e7\u00f5es e Recursos Especiais (CORE), e a Pol\u00edcia Civil do Estado do Par\u00e1 (PCPA) prenderam um [&hellip;]<\/p>\n","protected":false},"author":13,"featured_media":36923,"comment_status":"closed","ping_status":"open","sticky":false,"template":"","format":"standard","meta":{"_monsterinsights_skip_tracking":false,"_monsterinsights_sitenote_active":false,"_monsterinsights_sitenote_note":"","_monsterinsights_sitenote_category":0,"footnotes":""},"categories":[1],"tags":[],"class_list":["post-36912","post","type-post","status-publish","format-standard","has-post-thumbnail","hentry","category-sem-categoria"],"_links":{"self":[{"href":"https:\/\/pc.sc.gov.br\/index.php?rest_route=\/wp\/v2\/posts\/36912","targetHints":{"allow":["GET"]}}],"collection":[{"href":"https:\/\/pc.sc.gov.br\/index.php?rest_route=\/wp\/v2\/posts"}],"about":[{"href":"https:\/\/pc.sc.gov.br\/index.php?rest_route=\/wp\/v2\/types\/post"}],"author":[{"embeddable":true,"href":"https:\/\/pc.sc.gov.br\/index.php?rest_route=\/wp\/v2\/users\/13"}],"replies":[{"embeddable":true,"href":"https:\/\/pc.sc.gov.br\/index.php?rest_route=%2Fwp%2Fv2%2Fcomments&post=36912"}],"version-history":[{"count":11,"href":"https:\/\/pc.sc.gov.br\/index.php?rest_route=\/wp\/v2\/posts\/36912\/revisions"}],"predecessor-version":[{"id":36926,"href":"https:\/\/pc.sc.gov.br\/index.php?rest_route=\/wp\/v2\/posts\/36912\/revisions\/36926"}],"wp:featuredmedia":[{"embeddable":true,"href":"https:\/\/pc.sc.gov.br\/index.php?rest_route=\/wp\/v2\/media\/36923"}],"wp:attachment":[{"href":"https:\/\/pc.sc.gov.br\/index.php?rest_route=%2Fwp%2Fv2%2Fmedia&parent=36912"}],"wp:term":[{"taxonomy":"category","embeddable":true,"href":"https:\/\/pc.sc.gov.br\/index.php?rest_route=%2Fwp%2Fv2%2Fcategories&post=36912"},{"taxonomy":"post_tag","embeddable":true,"href":"https:\/\/pc.sc.gov.br\/index.php?rest_route=%2Fwp%2Fv2%2Ftags&post=36912"}],"curies":[{"name":"wp","href":"https:\/\/api.w.org\/{rel}","templated":true}]}}