{"id":36968,"date":"2026-03-13T13:45:32","date_gmt":"2026-03-13T16:45:32","guid":{"rendered":"https:\/\/pc.sc.gov.br\/?p=36968"},"modified":"2026-03-13T13:47:02","modified_gmt":"2026-03-13T16:47:02","slug":"policia-civil-soluciona-latrocinio-de-corretora-de-imoveis-em-72-horas-em-florianopolis","status":"publish","type":"post","link":"https:\/\/pc.sc.gov.br\/?p=36968","title":{"rendered":"Pol\u00edcia Civil soluciona latroc\u00ednio de corretora de im\u00f3veis em 72 horas em Florian\u00f3polis"},"content":{"rendered":"\t\t<div data-elementor-type=\"wp-post\" data-elementor-id=\"36968\" class=\"elementor elementor-36968\" data-elementor-post-type=\"post\">\n\t\t\t\t\t\t<section class=\"elementor-section elementor-top-section elementor-element elementor-element-45031ca elementor-section-boxed elementor-section-height-default elementor-section-height-default\" data-id=\"45031ca\" data-element_type=\"section\">\n\t\t\t\t\t\t<div class=\"elementor-container elementor-column-gap-default\">\n\t\t\t\t\t<div class=\"elementor-column elementor-col-100 elementor-top-column elementor-element elementor-element-bf66e12\" data-id=\"bf66e12\" data-element_type=\"column\">\n\t\t\t<div class=\"elementor-widget-wrap elementor-element-populated\">\n\t\t\t\t\t\t<div class=\"elementor-element elementor-element-f4fe9d4 elementor-widget elementor-widget-heading\" data-id=\"f4fe9d4\" data-element_type=\"widget\" data-widget_type=\"heading.default\">\n\t\t\t\t<div class=\"elementor-widget-container\">\n\t\t\t\t\t<h2 class=\"elementor-heading-title elementor-size-default\">Pol\u00edcia Civil soluciona latroc\u00ednio de corretora de im\u00f3veis em 72 horas em Florian\u00f3polis.<\/h2>\t\t\t\t<\/div>\n\t\t\t\t<\/div>\n\t\t\t\t\t<\/div>\n\t\t<\/div>\n\t\t\t\t\t<\/div>\n\t\t<\/section>\n\t\t\t\t<section class=\"elementor-section elementor-top-section elementor-element elementor-element-3170041 elementor-section-boxed elementor-section-height-default elementor-section-height-default\" data-id=\"3170041\" data-element_type=\"section\">\n\t\t\t\t\t\t<div class=\"elementor-container elementor-column-gap-default\">\n\t\t\t\t\t<div class=\"elementor-column elementor-col-100 elementor-top-column elementor-element elementor-element-652b673\" data-id=\"652b673\" data-element_type=\"column\">\n\t\t\t<div class=\"elementor-widget-wrap elementor-element-populated\">\n\t\t\t\t\t\t<div class=\"elementor-element elementor-element-760aca3 elementor-widget elementor-widget-post-info\" data-id=\"760aca3\" data-element_type=\"widget\" data-widget_type=\"post-info.default\">\n\t\t\t\t<div class=\"elementor-widget-container\">\n\t\t\t\t\t\t\t<ul class=\"elementor-inline-items elementor-icon-list-items elementor-post-info\">\n\t\t\t\t\t\t\t\t<li class=\"elementor-icon-list-item elementor-repeater-item-9f36f1c elementor-inline-item\" itemprop=\"author\">\n\t\t\t\t\t\t<a href=\"https:\/\/pc.sc.gov.br\/?author=13\">\n\t\t\t\t\t\t\t\t\t\t\t<span class=\"elementor-icon-list-icon\">\n\t\t\t\t\t\t\t\t<i aria-hidden=\"true\" class=\"far fa-user-circle\"><\/i>\t\t\t\t\t\t\t<\/span>\n\t\t\t\t\t\t\t\t\t<span class=\"elementor-icon-list-text elementor-post-info__item elementor-post-info__item--type-author\">\n\t\t\t\t\t\t\t\t\t\tNicholly De March\t\t\t\t\t<\/span>\n\t\t\t\t\t\t\t\t\t<\/a>\n\t\t\t\t<\/li>\n\t\t\t\t<li class=\"elementor-icon-list-item elementor-repeater-item-bc3ce06 elementor-inline-item\" itemprop=\"datePublished\">\n\t\t\t\t\t\t<a href=\"https:\/\/pc.sc.gov.br\/?m=20260313\">\n\t\t\t\t\t\t\t\t\t\t\t<span class=\"elementor-icon-list-icon\">\n\t\t\t\t\t\t\t\t<i aria-hidden=\"true\" class=\"fas fa-calendar\"><\/i>\t\t\t\t\t\t\t<\/span>\n\t\t\t\t\t\t\t\t\t<span class=\"elementor-icon-list-text elementor-post-info__item elementor-post-info__item--type-date\">\n\t\t\t\t\t\t\t\t\t\t<time>mar\u00e7o 13, 2026<\/time>\t\t\t\t\t<\/span>\n\t\t\t\t\t\t\t\t\t<\/a>\n\t\t\t\t<\/li>\n\t\t\t\t<li class=\"elementor-icon-list-item elementor-repeater-item-5618806 elementor-inline-item\">\n\t\t\t\t\t\t\t\t\t\t<span class=\"elementor-icon-list-icon\">\n\t\t\t\t\t\t\t\t<i aria-hidden=\"true\" class=\"far fa-clock\"><\/i>\t\t\t\t\t\t\t<\/span>\n\t\t\t\t\t\t\t\t\t<span class=\"elementor-icon-list-text elementor-post-info__item elementor-post-info__item--type-time\">\n\t\t\t\t\t\t\t\t\t\t<time>1:45 pm<\/time>\t\t\t\t\t<\/span>\n\t\t\t\t\t\t\t\t<\/li>\n\t\t\t\t<\/ul>\n\t\t\t\t\t\t<\/div>\n\t\t\t\t<\/div>\n\t\t\t\t\t<\/div>\n\t\t<\/div>\n\t\t\t\t\t<\/div>\n\t\t<\/section>\n\t\t\t\t<section class=\"elementor-section elementor-top-section elementor-element elementor-element-98bfdab elementor-section-boxed elementor-section-height-default elementor-section-height-default\" data-id=\"98bfdab\" data-element_type=\"section\">\n\t\t\t\t\t\t<div class=\"elementor-container elementor-column-gap-default\">\n\t\t\t\t\t<div class=\"elementor-column elementor-col-100 elementor-top-column elementor-element elementor-element-a1cc0f0\" data-id=\"a1cc0f0\" data-element_type=\"column\">\n\t\t\t<div class=\"elementor-widget-wrap elementor-element-populated\">\n\t\t\t\t\t\t<div class=\"elementor-element elementor-element-ce51283 elementor-widget elementor-widget-image\" data-id=\"ce51283\" data-element_type=\"widget\" data-widget_type=\"image.default\">\n\t\t\t\t<div class=\"elementor-widget-container\">\n\t\t\t\t\t\t\t\t\t\t\t\t\t\t\t<img fetchpriority=\"high\" decoding=\"async\" width=\"680\" height=\"510\" src=\"https:\/\/pc.sc.gov.br\/\/wp-content\/uploads\/2026\/03\/BANNER_2.jpg\" class=\"attachment-large size-large wp-image-36856\" alt=\"\" srcset=\"https:\/\/pc.sc.gov.br\/\/wp-content\/uploads\/2026\/03\/BANNER_2.jpg 680w, https:\/\/pc.sc.gov.br\/\/wp-content\/uploads\/2026\/03\/BANNER_2-300x225.jpg 300w\" sizes=\"(max-width: 680px) 100vw, 680px\" \/>\t\t\t\t\t\t\t\t\t\t\t\t\t\t\t<\/div>\n\t\t\t\t<\/div>\n\t\t\t\t\t<\/div>\n\t\t<\/div>\n\t\t\t\t\t<\/div>\n\t\t<\/section>\n\t\t\t\t<section class=\"elementor-section elementor-top-section elementor-element elementor-element-a4813e9 elementor-section-boxed elementor-section-height-default elementor-section-height-default\" data-id=\"a4813e9\" data-element_type=\"section\">\n\t\t\t\t\t\t<div class=\"elementor-container elementor-column-gap-default\">\n\t\t\t\t\t<div class=\"elementor-column elementor-col-100 elementor-top-column elementor-element elementor-element-4a34206\" data-id=\"4a34206\" data-element_type=\"column\">\n\t\t\t<div class=\"elementor-widget-wrap elementor-element-populated\">\n\t\t\t\t\t\t<div class=\"elementor-element elementor-element-77388cc elementor-widget elementor-widget-text-editor\" data-id=\"77388cc\" data-element_type=\"widget\" data-widget_type=\"text-editor.default\">\n\t\t\t\t<div class=\"elementor-widget-container\">\n\t\t\t\t\t\t\t\t\t<p>No \u00faltima ter\u00e7a-feira (10\/03) a Pol\u00edcia Civil foi comunicada sobre o desaparecimento de Luciani Aparecida Estivalet Freitas, de 47 anos, corretora de im\u00f3veis, na Praia do Santinho, em Florian\u00f3polis.<\/p><p>A v\u00edtima morava sozinha em um residencial e estaria desaparecida pelo menos desde o dia 05 de mar\u00e7o, quando foi vista pela \u00faltima vez.<\/p><p>A partir das informa\u00e7\u00f5es repassadas pela fam\u00edlia, as investiga\u00e7\u00f5es atrav\u00e9s da Equipe de Investiga\u00e7\u00f5es da Delegacia de Roubos e Antissequestro \u2013 DRAS\/DEIC, identificaram que diversas compras estavam sendo feitas, usando os dados e pagamentos da v\u00edtima, especialmente em plataforma de compra online.<\/p><p>No dia seguinte, os policiais da DRAS identificaram um adolescente fazendo a retirada das mercadorias compradas, em locais diversos na regi\u00e3o do norte da ilha, e constataram que ele era vizinho de Luciani, morando no mesmo residencial.<\/p><p>Tamb\u00e9m foi identificado que o irm\u00e3o do adolescente, de 27 anos de idade, estava foragido do Estado de S\u00e3o Paulo, por ter cometido um latroc\u00ednio em 2022, na cidade de Laranjal Paulista, quando o propriet\u00e1rio de uma padaria foi morto com um tiro na cabe\u00e7a.<\/p><p>Ele e a companheira, de 30 anos de idade, moravam tamb\u00e9m em um apartamento vizinho do de Luciani.<\/p><p>Ainda no dia 11, a investiga\u00e7\u00e3o se deparou com evid\u00eancias apontando que a administradora do residencial\/pousada, uma mulher de 47 anos, parente dos propriet\u00e1rios, estava associada ao casal, se beneficiando das compras feitas em nome da v\u00edtima.<\/p><p>Os policiais ainda descobriram pertences da v\u00edtima, como notebook e televis\u00e3o, al\u00e9m de mercadorias compradas, escondidos em outro apartamento, que estava desocupado e trancado, e estava sob responsabilidade da mulher.<\/p><p>Essa mulher foi presa em flagrante e conduzida ao sistema prisional, enquanto os policiais continuaram em busca do casal, que tentou fugir para o Rio Grande do Sul, sendo presos ontem na cidade de Gravata\u00ed, por policiais rodovi\u00e1rios federais.<\/p><p>As investiga\u00e7\u00f5es sobre os crimes tiveram os importantes apoios da Delegacia de Pol\u00edcia de Pessoas Desaparecidas \u2013 DPPD, da 8\u00aa Delegacia de Pol\u00edcia de Florian\u00f3polis (Ingleses), da Delegacia de Pol\u00edcia de S\u00e3o Jo\u00e3o Batista, e da Pol\u00edcia Rodovi\u00e1ria Federal.<\/p><p>O conjunto de informa\u00e7\u00f5es colhidas permitiu apontar que o tronco de um corpo feminino encontrado na cidade de Major Gercino, no dia 09, com sinais de esquartejamento e desmembramento, era o da v\u00edtima Luciane. Essa e outras partes do corpo foram levados at\u00e9 uma ponte na \u00e1rea rural e jogados em um rio, divididas em cinco pacotes diferentes, pelo casal de autores e o adolescente.<\/p><p>Buscas est\u00e3o sendo realizadas para tentar localizar as outras partes.<\/p><p>O trabalho da Pol\u00edcia Civil permitiu identificar at\u00e9 o momento que Luciani teria sido morta entre os dias 04 e 05, e seu corpo permaneceu at\u00e9 a madrugada do dia 07 no apartamento dela, quando foi retirado.<\/p><p>A investiga\u00e7\u00e3o continua, no intuito de colher outros elementos, por\u00e9m, a din\u00e2mica e a autoria desses crimes de latroc\u00ednio e de oculta\u00e7\u00e3o de cad\u00e1ver, j\u00e1 foram esclarecidos.<\/p><p>O poss\u00edvel envolvimento em outros crimes tamb\u00e9m ser\u00e1 verificado pela Pol\u00edcia Civil de Santa Catarina.<\/p>\t\t\t\t\t\t\t\t<\/div>\n\t\t\t\t<\/div>\n\t\t\t\t\t<\/div>\n\t\t<\/div>\n\t\t\t\t\t<\/div>\n\t\t<\/section>\n\t\t\t\t<\/div>\n\t\t","protected":false},"excerpt":{"rendered":"<p>Pol\u00edcia Civil soluciona latroc\u00ednio de corretora de im\u00f3veis em 72 horas em Florian\u00f3polis. No \u00faltima ter\u00e7a-feira (10\/03) a Pol\u00edcia Civil foi comunicada sobre o desaparecimento de Luciani Aparecida Estivalet Freitas, de 47 anos, corretora de im\u00f3veis, na Praia do Santinho, em Florian\u00f3polis. A v\u00edtima morava sozinha em um residencial e estaria desaparecida pelo menos desde [&hellip;]<\/p>\n","protected":false},"author":13,"featured_media":36856,"comment_status":"closed","ping_status":"open","sticky":false,"template":"","format":"standard","meta":{"_monsterinsights_skip_tracking":false,"_monsterinsights_sitenote_active":false,"_monsterinsights_sitenote_note":"","_monsterinsights_sitenote_category":0,"footnotes":""},"categories":[1],"tags":[],"class_list":["post-36968","post","type-post","status-publish","format-standard","has-post-thumbnail","hentry","category-sem-categoria"],"_links":{"self":[{"href":"https:\/\/pc.sc.gov.br\/index.php?rest_route=\/wp\/v2\/posts\/36968","targetHints":{"allow":["GET"]}}],"collection":[{"href":"https:\/\/pc.sc.gov.br\/index.php?rest_route=\/wp\/v2\/posts"}],"about":[{"href":"https:\/\/pc.sc.gov.br\/index.php?rest_route=\/wp\/v2\/types\/post"}],"author":[{"embeddable":true,"href":"https:\/\/pc.sc.gov.br\/index.php?rest_route=\/wp\/v2\/users\/13"}],"replies":[{"embeddable":true,"href":"https:\/\/pc.sc.gov.br\/index.php?rest_route=%2Fwp%2Fv2%2Fcomments&post=36968"}],"version-history":[{"count":3,"href":"https:\/\/pc.sc.gov.br\/index.php?rest_route=\/wp\/v2\/posts\/36968\/revisions"}],"predecessor-version":[{"id":36971,"href":"https:\/\/pc.sc.gov.br\/index.php?rest_route=\/wp\/v2\/posts\/36968\/revisions\/36971"}],"wp:featuredmedia":[{"embeddable":true,"href":"https:\/\/pc.sc.gov.br\/index.php?rest_route=\/wp\/v2\/media\/36856"}],"wp:attachment":[{"href":"https:\/\/pc.sc.gov.br\/index.php?rest_route=%2Fwp%2Fv2%2Fmedia&parent=36968"}],"wp:term":[{"taxonomy":"category","embeddable":true,"href":"https:\/\/pc.sc.gov.br\/index.php?rest_route=%2Fwp%2Fv2%2Fcategories&post=36968"},{"taxonomy":"post_tag","embeddable":true,"href":"https:\/\/pc.sc.gov.br\/index.php?rest_route=%2Fwp%2Fv2%2Ftags&post=36968"}],"curies":[{"name":"wp","href":"https:\/\/api.w.org\/{rel}","templated":true}]}}