{"id":3697,"date":"2023-01-05T17:57:12","date_gmt":"2023-01-05T20:57:12","guid":{"rendered":"https:\/\/pc.sc.gov.br\/?p=3697"},"modified":"2023-01-05T17:59:38","modified_gmt":"2023-01-05T20:59:38","slug":"policia-civil-efetua-prisao-preventiva-de-mulher-suspeita-por-homicidio-ocorrido-em-faxinal-dos-guedes","status":"publish","type":"post","link":"https:\/\/pc.sc.gov.br\/?p=3697","title":{"rendered":"Pol\u00edcia Civil efetua pris\u00e3o preventiva de mulher suspeita por homic\u00eddio ocorrido em Faxinal dos Guedes"},"content":{"rendered":"\t\t<div data-elementor-type=\"wp-post\" data-elementor-id=\"3697\" class=\"elementor elementor-3697\" data-elementor-post-type=\"post\">\n\t\t\t\t\t\t<section class=\"elementor-section elementor-top-section elementor-element elementor-element-928df13 elementor-section-boxed elementor-section-height-default elementor-section-height-default\" data-id=\"928df13\" data-element_type=\"section\">\n\t\t\t\t\t\t<div class=\"elementor-container elementor-column-gap-default\">\n\t\t\t\t\t<div class=\"elementor-column elementor-col-100 elementor-top-column elementor-element elementor-element-b57611d\" data-id=\"b57611d\" data-element_type=\"column\">\n\t\t\t<div class=\"elementor-widget-wrap elementor-element-populated\">\n\t\t\t\t\t\t<div class=\"elementor-element elementor-element-a54e635 elementor-widget elementor-widget-heading\" data-id=\"a54e635\" data-element_type=\"widget\" data-widget_type=\"heading.default\">\n\t\t\t\t<div class=\"elementor-widget-container\">\n\t\t\t\t\t<h2 class=\"elementor-heading-title elementor-size-default\">Pol\u00edcia Civil efetua pris\u00e3o preventiva de mulher suspeita por homic\u00eddio ocorrido em Faxinal dos Guedes<\/h2>\t\t\t\t<\/div>\n\t\t\t\t<\/div>\n\t\t\t\t<div class=\"elementor-element elementor-element-88059a6 elementor-widget elementor-widget-image\" data-id=\"88059a6\" data-element_type=\"widget\" data-widget_type=\"image.default\">\n\t\t\t\t<div class=\"elementor-widget-container\">\n\t\t\t\t\t\t\t\t\t\t\t\t\t\t\t<img fetchpriority=\"high\" decoding=\"async\" width=\"696\" height=\"696\" src=\"https:\/\/pc.sc.gov.br\/\/wp-content\/uploads\/2023\/01\/PC_SDNSJFNJGKGYEREWR-1024x1024.jpg\" class=\"attachment-large size-large wp-image-3698\" alt=\"\" srcset=\"https:\/\/pc.sc.gov.br\/\/wp-content\/uploads\/2023\/01\/PC_SDNSJFNJGKGYEREWR-1024x1024.jpg 1024w, https:\/\/pc.sc.gov.br\/\/wp-content\/uploads\/2023\/01\/PC_SDNSJFNJGKGYEREWR-300x300.jpg 300w, https:\/\/pc.sc.gov.br\/\/wp-content\/uploads\/2023\/01\/PC_SDNSJFNJGKGYEREWR-150x150.jpg 150w, https:\/\/pc.sc.gov.br\/\/wp-content\/uploads\/2023\/01\/PC_SDNSJFNJGKGYEREWR-768x768.jpg 768w, https:\/\/pc.sc.gov.br\/\/wp-content\/uploads\/2023\/01\/PC_SDNSJFNJGKGYEREWR.jpg 1080w\" sizes=\"(max-width: 696px) 100vw, 696px\" \/>\t\t\t\t\t\t\t\t\t\t\t\t\t\t\t<\/div>\n\t\t\t\t<\/div>\n\t\t\t\t<div class=\"elementor-element elementor-element-023eb44 elementor-widget elementor-widget-text-editor\" data-id=\"023eb44\" data-element_type=\"widget\" data-widget_type=\"text-editor.default\">\n\t\t\t\t<div class=\"elementor-widget-container\">\n\t\t\t\t\t\t\t\t\t<p>Nesta quinta-feira (5), a Pol\u00edcia Civil de Santa Catarina, por meio da Delegacia do Munic\u00edpio de Faxinal dos Guedes, prendeu de forma preventiva uma mulher suspeita pela autoria de um homic\u00eddio ocorrido no dia 31 de dezembro de 2022 na cidade de Faxinal dos Guedes.<\/p><p>O fato ocorreu depois de uma discuss\u00e3o, quando a autora desferiu pelo menos dois golpes de arma branca (canivete) contra a v\u00edtima, que foi socorrida e encaminhada para o hospital S\u00e3o Paulo, em Xanxer\u00ea, mas que veio a \u00f3bito no dia 3 de janeiro.<span style=\"font-family: var( --e-global-typography-primary-font-family ), Sans-serif; font-size: var( --e-global-typography-primary-font-size ); font-weight: var( --e-global-typography-primary-font-weight ); letter-spacing: var( --e-global-typography-primary-letter-spacing );\">&nbsp;<\/span><\/p><p>Ap\u00f3s trabalho de investiga\u00e7\u00e3o realizado pela equipe da Pol\u00edcia Civil, que j\u00e1 tinha representado pela pris\u00e3o preventiva da investigada, a mulher se apresentou na Delegacia de Pol\u00edcia de Xanxer\u00ea para ser interrogada. Na ocasi\u00e3o, foi dado cumprimento ao mandado de pris\u00e3o. Dessa forma, ap\u00f3s ser interrogada, a investigada foi encaminhada para o Pres\u00eddio Feminino de Chapec\u00f3 e segue \u00e0 disposi\u00e7\u00e3o do Poder Judici\u00e1rio.<\/p>\t\t\t\t\t\t\t\t<\/div>\n\t\t\t\t<\/div>\n\t\t\t\t\t<\/div>\n\t\t<\/div>\n\t\t\t\t\t<\/div>\n\t\t<\/section>\n\t\t\t\t<\/div>\n\t\t","protected":false},"excerpt":{"rendered":"<p>Pol\u00edcia Civil efetua pris\u00e3o preventiva de mulher suspeita por homic\u00eddio ocorrido em Faxinal dos Guedes Nesta quinta-feira (5), a Pol\u00edcia Civil de Santa Catarina, por meio da Delegacia do Munic\u00edpio de Faxinal dos Guedes, prendeu de forma preventiva uma mulher suspeita pela autoria de um homic\u00eddio ocorrido no dia 31 de dezembro de 2022 na [&hellip;]<\/p>\n","protected":false},"author":5,"featured_media":3698,"comment_status":"closed","ping_status":"open","sticky":false,"template":"","format":"standard","meta":{"_monsterinsights_skip_tracking":false,"_monsterinsights_sitenote_active":false,"_monsterinsights_sitenote_note":"","_monsterinsights_sitenote_category":0,"footnotes":""},"categories":[1],"tags":[],"class_list":["post-3697","post","type-post","status-publish","format-standard","has-post-thumbnail","hentry","category-sem-categoria"],"_links":{"self":[{"href":"https:\/\/pc.sc.gov.br\/index.php?rest_route=\/wp\/v2\/posts\/3697","targetHints":{"allow":["GET"]}}],"collection":[{"href":"https:\/\/pc.sc.gov.br\/index.php?rest_route=\/wp\/v2\/posts"}],"about":[{"href":"https:\/\/pc.sc.gov.br\/index.php?rest_route=\/wp\/v2\/types\/post"}],"author":[{"embeddable":true,"href":"https:\/\/pc.sc.gov.br\/index.php?rest_route=\/wp\/v2\/users\/5"}],"replies":[{"embeddable":true,"href":"https:\/\/pc.sc.gov.br\/index.php?rest_route=%2Fwp%2Fv2%2Fcomments&post=3697"}],"version-history":[{"count":4,"href":"https:\/\/pc.sc.gov.br\/index.php?rest_route=\/wp\/v2\/posts\/3697\/revisions"}],"predecessor-version":[{"id":3702,"href":"https:\/\/pc.sc.gov.br\/index.php?rest_route=\/wp\/v2\/posts\/3697\/revisions\/3702"}],"wp:featuredmedia":[{"embeddable":true,"href":"https:\/\/pc.sc.gov.br\/index.php?rest_route=\/wp\/v2\/media\/3698"}],"wp:attachment":[{"href":"https:\/\/pc.sc.gov.br\/index.php?rest_route=%2Fwp%2Fv2%2Fmedia&parent=3697"}],"wp:term":[{"taxonomy":"category","embeddable":true,"href":"https:\/\/pc.sc.gov.br\/index.php?rest_route=%2Fwp%2Fv2%2Fcategories&post=3697"},{"taxonomy":"post_tag","embeddable":true,"href":"https:\/\/pc.sc.gov.br\/index.php?rest_route=%2Fwp%2Fv2%2Ftags&post=3697"}],"curies":[{"name":"wp","href":"https:\/\/api.w.org\/{rel}","templated":true}]}}