{"id":37010,"date":"2026-03-13T18:31:26","date_gmt":"2026-03-13T21:31:26","guid":{"rendered":"https:\/\/pc.sc.gov.br\/?p=37010"},"modified":"2026-03-13T18:35:05","modified_gmt":"2026-03-13T21:35:05","slug":"policia-civil-prende-em-sc-um-dos-lideres-de-faccao-gaucha-com-mais-de-170-anos-de-condenacao","status":"publish","type":"post","link":"https:\/\/pc.sc.gov.br\/?p=37010","title":{"rendered":"Pol\u00edcia Civil prende em SC um dos l\u00edderes de fac\u00e7\u00e3o ga\u00facha com mais de 170 anos de condena\u00e7\u00e3o"},"content":{"rendered":"\t\t<div data-elementor-type=\"wp-post\" data-elementor-id=\"37010\" class=\"elementor elementor-37010\" data-elementor-post-type=\"post\">\n\t\t\t\t\t\t<section class=\"elementor-section elementor-top-section elementor-element elementor-element-5e343ee elementor-section-boxed elementor-section-height-default elementor-section-height-default\" data-id=\"5e343ee\" data-element_type=\"section\">\n\t\t\t\t\t\t<div class=\"elementor-container elementor-column-gap-default\">\n\t\t\t\t\t<div class=\"elementor-column elementor-col-100 elementor-top-column elementor-element elementor-element-399931d\" data-id=\"399931d\" data-element_type=\"column\">\n\t\t\t<div class=\"elementor-widget-wrap elementor-element-populated\">\n\t\t\t\t\t\t<div class=\"elementor-element elementor-element-c80f0ea elementor-widget elementor-widget-heading\" data-id=\"c80f0ea\" data-element_type=\"widget\" data-widget_type=\"heading.default\">\n\t\t\t\t<div class=\"elementor-widget-container\">\n\t\t\t\t\t<h2 class=\"elementor-heading-title elementor-size-default\">Pol\u00edcia Civil prende em SC um dos l\u00edderes de fac\u00e7\u00e3o ga\u00facha com mais de 170 anos de condena\u00e7\u00e3o<\/h2>\t\t\t\t<\/div>\n\t\t\t\t<\/div>\n\t\t\t\t\t<\/div>\n\t\t<\/div>\n\t\t\t\t\t<\/div>\n\t\t<\/section>\n\t\t\t\t<section class=\"elementor-section elementor-top-section elementor-element elementor-element-c116395 elementor-section-boxed elementor-section-height-default elementor-section-height-default\" data-id=\"c116395\" data-element_type=\"section\">\n\t\t\t\t\t\t<div class=\"elementor-container elementor-column-gap-default\">\n\t\t\t\t\t<div class=\"elementor-column elementor-col-100 elementor-top-column elementor-element elementor-element-700b822\" data-id=\"700b822\" data-element_type=\"column\">\n\t\t\t<div class=\"elementor-widget-wrap elementor-element-populated\">\n\t\t\t\t\t\t<div class=\"elementor-element elementor-element-a0882e5 elementor-widget elementor-widget-post-info\" data-id=\"a0882e5\" data-element_type=\"widget\" data-widget_type=\"post-info.default\">\n\t\t\t\t<div class=\"elementor-widget-container\">\n\t\t\t\t\t\t\t<ul class=\"elementor-inline-items elementor-icon-list-items elementor-post-info\">\n\t\t\t\t\t\t\t\t<li class=\"elementor-icon-list-item elementor-repeater-item-bb36727 elementor-inline-item\" itemprop=\"author\">\n\t\t\t\t\t\t<a href=\"https:\/\/pc.sc.gov.br\/?author=13\">\n\t\t\t\t\t\t\t\t\t\t\t<span class=\"elementor-icon-list-icon\">\n\t\t\t\t\t\t\t\t<i aria-hidden=\"true\" class=\"far fa-user-circle\"><\/i>\t\t\t\t\t\t\t<\/span>\n\t\t\t\t\t\t\t\t\t<span class=\"elementor-icon-list-text elementor-post-info__item elementor-post-info__item--type-author\">\n\t\t\t\t\t\t\t\t\t\tNicholly De March\t\t\t\t\t<\/span>\n\t\t\t\t\t\t\t\t\t<\/a>\n\t\t\t\t<\/li>\n\t\t\t\t<li class=\"elementor-icon-list-item elementor-repeater-item-e2c04b9 elementor-inline-item\" itemprop=\"datePublished\">\n\t\t\t\t\t\t<a href=\"https:\/\/pc.sc.gov.br\/?m=20260313\">\n\t\t\t\t\t\t\t\t\t\t\t<span class=\"elementor-icon-list-icon\">\n\t\t\t\t\t\t\t\t<i aria-hidden=\"true\" class=\"fas fa-calendar\"><\/i>\t\t\t\t\t\t\t<\/span>\n\t\t\t\t\t\t\t\t\t<span class=\"elementor-icon-list-text elementor-post-info__item elementor-post-info__item--type-date\">\n\t\t\t\t\t\t\t\t\t\t<time>mar\u00e7o 13, 2026<\/time>\t\t\t\t\t<\/span>\n\t\t\t\t\t\t\t\t\t<\/a>\n\t\t\t\t<\/li>\n\t\t\t\t<li class=\"elementor-icon-list-item elementor-repeater-item-8117554 elementor-inline-item\">\n\t\t\t\t\t\t\t\t\t\t<span class=\"elementor-icon-list-icon\">\n\t\t\t\t\t\t\t\t<i aria-hidden=\"true\" class=\"far fa-clock\"><\/i>\t\t\t\t\t\t\t<\/span>\n\t\t\t\t\t\t\t\t\t<span class=\"elementor-icon-list-text elementor-post-info__item elementor-post-info__item--type-time\">\n\t\t\t\t\t\t\t\t\t\t<time>6:31 pm<\/time>\t\t\t\t\t<\/span>\n\t\t\t\t\t\t\t\t<\/li>\n\t\t\t\t<\/ul>\n\t\t\t\t\t\t<\/div>\n\t\t\t\t<\/div>\n\t\t\t\t\t<\/div>\n\t\t<\/div>\n\t\t\t\t\t<\/div>\n\t\t<\/section>\n\t\t\t\t<section class=\"elementor-section elementor-top-section elementor-element elementor-element-0f60404 elementor-section-boxed elementor-section-height-default elementor-section-height-default\" data-id=\"0f60404\" data-element_type=\"section\">\n\t\t\t\t\t\t<div class=\"elementor-container elementor-column-gap-default\">\n\t\t\t\t\t<div class=\"elementor-column elementor-col-100 elementor-top-column elementor-element elementor-element-cda052f\" data-id=\"cda052f\" data-element_type=\"column\">\n\t\t\t<div class=\"elementor-widget-wrap elementor-element-populated\">\n\t\t\t\t\t\t<div class=\"elementor-element elementor-element-3c327eb elementor-widget elementor-widget-image\" data-id=\"3c327eb\" data-element_type=\"widget\" data-widget_type=\"image.default\">\n\t\t\t\t<div class=\"elementor-widget-container\">\n\t\t\t\t\t\t\t\t\t\t\t\t\t\t\t<img decoding=\"async\" src=\"https:\/\/pc.sc.gov.br\/\/wp-content\/uploads\/2026\/03\/WhatsApp-Image-2026-03-13-at-18.32.35-e1773437580310.jpeg\" title=\"WhatsApp Image 2026-03-13 at 18.32.35\" alt=\"WhatsApp Image 2026-03-13 at 18.32.35\" loading=\"lazy\" \/>\t\t\t\t\t\t\t\t\t\t\t\t\t\t\t<\/div>\n\t\t\t\t<\/div>\n\t\t\t\t\t<\/div>\n\t\t<\/div>\n\t\t\t\t\t<\/div>\n\t\t<\/section>\n\t\t\t\t<section class=\"elementor-section elementor-top-section elementor-element elementor-element-700ef6a elementor-section-boxed elementor-section-height-default elementor-section-height-default\" data-id=\"700ef6a\" data-element_type=\"section\">\n\t\t\t\t\t\t<div class=\"elementor-container elementor-column-gap-default\">\n\t\t\t\t\t<div class=\"elementor-column elementor-col-100 elementor-top-column elementor-element elementor-element-3b3f191\" data-id=\"3b3f191\" data-element_type=\"column\">\n\t\t\t<div class=\"elementor-widget-wrap elementor-element-populated\">\n\t\t\t\t\t\t<div class=\"elementor-element elementor-element-9743dcf elementor-widget elementor-widget-text-editor\" data-id=\"9743dcf\" data-element_type=\"widget\" data-widget_type=\"text-editor.default\">\n\t\t\t\t<div class=\"elementor-widget-container\">\n\t\t\t\t\t\t\t\t\t<p class=\"_aupe copyable-text x15bjb6t x1n2onr6\"><span class=\"_aupe copyable-text xkrh14z\">A Pol\u00edcia Civil de Santa Catarina (PCSC), por meio da Delegacia de Roubos e Antissequestro (DRAS\/DEIC), em opera\u00e7\u00e3o conjunta com a 3\u00aa Delegacia de Investiga\u00e7\u00f5es do Narcotr\u00e1fico (3\u00aa DIN\/DENARC) da Pol\u00edcia Civil do Rio Grande do Sul (PCRS), efetuou a pris\u00e3o de um dos criminosos mais procurados do estado ga\u00facho na \u00faltima quinta-feira (12).<\/span><\/p><p class=\"_aupe copyable-text x15bjb6t x1n2onr6\"><span class=\"_aupe copyable-text xkrh14z\">O alvo, que possui condena\u00e7\u00f5es que somam mais de 170 anos de reclus\u00e3o por crimes de roubo e tr\u00e1fico de drogas, foi localizado em uma resid\u00eancia de alto padr\u00e3o na \u00e1rea rural de Tijucas (SC), na localidade de Sorocaba. Contra ele, havia seis mandados de pris\u00e3o em aberto, figurando inclusive na lista da Difus\u00e3o Vermelha da Interpol e no Sistema \u00danico de Seguran\u00e7a P\u00fablica (SUSP).<\/span><\/p><p class=\"_aupe copyable-text x15bjb6t x1n2onr6\"><span class=\"_aupe copyable-text xkrh14z\">O capturado estava foragido desde julho de 2024. Devido ao seu perfil de lideran\u00e7a em organiza\u00e7\u00f5es criminosas e hist\u00f3rico de tentativas de fuga complexas, a opera\u00e7\u00e3o foi classificada como de alto risco. Havia ind\u00edcios de que o investigado planejava deixar o pa\u00eds em breve.<\/span><\/p><p class=\"_aupe copyable-text x15bjb6t x1n2onr6\"><span class=\"_aupe copyable-text xkrh14z\">Ap\u00f3s a captura, o preso foi inicialmente conduzido ao Pres\u00eddio de Tijucas. Nesta sexta-feira (13), foi realizada a transfer\u00eancia para o Rio Grande do Sul, com o apoio do Servi\u00e7o A\u00e9reo da PCRS, onde seguir\u00e1 para o cumprimento das penas impostas pelo Judici\u00e1rio.<\/span><\/p><p class=\"_aupe copyable-text x15bjb6t x1n2onr6\"><span class=\"_aupe copyable-text xkrh14z\">A a\u00e7\u00e3o reafirma a import\u00e2ncia da coopera\u00e7\u00e3o t\u00e9cnica e do constante interc\u00e2mbio de informa\u00e7\u00f5es entre as for\u00e7as de seguran\u00e7a de Santa Catarina e do Rio Grande do Sul no combate ao crime organizado e na manuten\u00e7\u00e3o da ordem p\u00fablica.<\/span><\/p>\t\t\t\t\t\t\t\t<\/div>\n\t\t\t\t<\/div>\n\t\t\t\t\t<\/div>\n\t\t<\/div>\n\t\t\t\t\t<\/div>\n\t\t<\/section>\n\t\t\t\t<\/div>\n\t\t","protected":false},"excerpt":{"rendered":"<p>Pol\u00edcia Civil prende em SC um dos l\u00edderes de fac\u00e7\u00e3o ga\u00facha com mais de 170 anos de condena\u00e7\u00e3o A Pol\u00edcia Civil de Santa Catarina (PCSC), por meio da Delegacia de Roubos e Antissequestro (DRAS\/DEIC), em opera\u00e7\u00e3o conjunta com a 3\u00aa Delegacia de Investiga\u00e7\u00f5es do Narcotr\u00e1fico (3\u00aa DIN\/DENARC) da Pol\u00edcia Civil do Rio Grande do Sul [&hellip;]<\/p>\n","protected":false},"author":13,"featured_media":37011,"comment_status":"closed","ping_status":"open","sticky":false,"template":"","format":"standard","meta":{"_monsterinsights_skip_tracking":false,"_monsterinsights_sitenote_active":false,"_monsterinsights_sitenote_note":"","_monsterinsights_sitenote_category":0,"footnotes":""},"categories":[1],"tags":[],"class_list":["post-37010","post","type-post","status-publish","format-standard","has-post-thumbnail","hentry","category-sem-categoria"],"_links":{"self":[{"href":"https:\/\/pc.sc.gov.br\/index.php?rest_route=\/wp\/v2\/posts\/37010","targetHints":{"allow":["GET"]}}],"collection":[{"href":"https:\/\/pc.sc.gov.br\/index.php?rest_route=\/wp\/v2\/posts"}],"about":[{"href":"https:\/\/pc.sc.gov.br\/index.php?rest_route=\/wp\/v2\/types\/post"}],"author":[{"embeddable":true,"href":"https:\/\/pc.sc.gov.br\/index.php?rest_route=\/wp\/v2\/users\/13"}],"replies":[{"embeddable":true,"href":"https:\/\/pc.sc.gov.br\/index.php?rest_route=%2Fwp%2Fv2%2Fcomments&post=37010"}],"version-history":[{"count":3,"href":"https:\/\/pc.sc.gov.br\/index.php?rest_route=\/wp\/v2\/posts\/37010\/revisions"}],"predecessor-version":[{"id":37014,"href":"https:\/\/pc.sc.gov.br\/index.php?rest_route=\/wp\/v2\/posts\/37010\/revisions\/37014"}],"wp:featuredmedia":[{"embeddable":true,"href":"https:\/\/pc.sc.gov.br\/index.php?rest_route=\/wp\/v2\/media\/37011"}],"wp:attachment":[{"href":"https:\/\/pc.sc.gov.br\/index.php?rest_route=%2Fwp%2Fv2%2Fmedia&parent=37010"}],"wp:term":[{"taxonomy":"category","embeddable":true,"href":"https:\/\/pc.sc.gov.br\/index.php?rest_route=%2Fwp%2Fv2%2Fcategories&post=37010"},{"taxonomy":"post_tag","embeddable":true,"href":"https:\/\/pc.sc.gov.br\/index.php?rest_route=%2Fwp%2Fv2%2Ftags&post=37010"}],"curies":[{"name":"wp","href":"https:\/\/api.w.org\/{rel}","templated":true}]}}