{"id":37022,"date":"2026-03-13T19:24:26","date_gmt":"2026-03-13T22:24:26","guid":{"rendered":"https:\/\/pc.sc.gov.br\/?p=37022"},"modified":"2026-03-13T19:32:23","modified_gmt":"2026-03-13T22:32:23","slug":"policia-civil-alerta-para-sinais-de-abuso-infantil-e-detalha-perfil-de-agressores","status":"publish","type":"post","link":"https:\/\/pc.sc.gov.br\/?p=37022","title":{"rendered":"Pol\u00edcia Civil alerta para sinais de abuso infantil e detalha perfil de agressores"},"content":{"rendered":"\t\t<div data-elementor-type=\"wp-post\" data-elementor-id=\"37022\" class=\"elementor elementor-37022\" data-elementor-post-type=\"post\">\n\t\t\t\t\t\t<section class=\"elementor-section elementor-top-section elementor-element elementor-element-f893819 elementor-section-boxed elementor-section-height-default elementor-section-height-default\" data-id=\"f893819\" data-element_type=\"section\">\n\t\t\t\t\t\t<div class=\"elementor-container elementor-column-gap-default\">\n\t\t\t\t\t<div class=\"elementor-column elementor-col-100 elementor-top-column elementor-element elementor-element-0d15282\" data-id=\"0d15282\" data-element_type=\"column\">\n\t\t\t<div class=\"elementor-widget-wrap elementor-element-populated\">\n\t\t\t\t\t\t<div class=\"elementor-element elementor-element-5f5bf50 elementor-widget elementor-widget-heading\" data-id=\"5f5bf50\" data-element_type=\"widget\" data-widget_type=\"heading.default\">\n\t\t\t\t<div class=\"elementor-widget-container\">\n\t\t\t\t\t<h2 class=\"elementor-heading-title elementor-size-default\">Pol\u00edcia Civil alerta para sinais de abuso infantil e detalha perfil de agressores<\/h2>\t\t\t\t<\/div>\n\t\t\t\t<\/div>\n\t\t\t\t\t<\/div>\n\t\t<\/div>\n\t\t\t\t\t<\/div>\n\t\t<\/section>\n\t\t\t\t<section class=\"elementor-section elementor-top-section elementor-element elementor-element-2283645 elementor-section-boxed elementor-section-height-default elementor-section-height-default\" data-id=\"2283645\" data-element_type=\"section\">\n\t\t\t\t\t\t<div class=\"elementor-container elementor-column-gap-default\">\n\t\t\t\t\t<div class=\"elementor-column elementor-col-100 elementor-top-column elementor-element elementor-element-816396a\" data-id=\"816396a\" data-element_type=\"column\">\n\t\t\t<div class=\"elementor-widget-wrap elementor-element-populated\">\n\t\t\t\t\t\t<div class=\"elementor-element elementor-element-c863fe8 elementor-widget elementor-widget-post-info\" data-id=\"c863fe8\" data-element_type=\"widget\" data-widget_type=\"post-info.default\">\n\t\t\t\t<div class=\"elementor-widget-container\">\n\t\t\t\t\t\t\t<ul class=\"elementor-inline-items elementor-icon-list-items elementor-post-info\">\n\t\t\t\t\t\t\t\t<li class=\"elementor-icon-list-item elementor-repeater-item-a8ae7be elementor-inline-item\" itemprop=\"author\">\n\t\t\t\t\t\t<a href=\"https:\/\/pc.sc.gov.br\/?author=13\">\n\t\t\t\t\t\t\t\t\t\t\t<span class=\"elementor-icon-list-icon\">\n\t\t\t\t\t\t\t\t<i aria-hidden=\"true\" class=\"far fa-user-circle\"><\/i>\t\t\t\t\t\t\t<\/span>\n\t\t\t\t\t\t\t\t\t<span class=\"elementor-icon-list-text elementor-post-info__item elementor-post-info__item--type-author\">\n\t\t\t\t\t\t\t\t\t\tNicholly De March\t\t\t\t\t<\/span>\n\t\t\t\t\t\t\t\t\t<\/a>\n\t\t\t\t<\/li>\n\t\t\t\t<li class=\"elementor-icon-list-item elementor-repeater-item-c6dbdbd elementor-inline-item\" itemprop=\"datePublished\">\n\t\t\t\t\t\t<a href=\"https:\/\/pc.sc.gov.br\/?m=20260313\">\n\t\t\t\t\t\t\t\t\t\t\t<span class=\"elementor-icon-list-icon\">\n\t\t\t\t\t\t\t\t<i aria-hidden=\"true\" class=\"fas fa-calendar\"><\/i>\t\t\t\t\t\t\t<\/span>\n\t\t\t\t\t\t\t\t\t<span class=\"elementor-icon-list-text elementor-post-info__item elementor-post-info__item--type-date\">\n\t\t\t\t\t\t\t\t\t\t<time>mar\u00e7o 13, 2026<\/time>\t\t\t\t\t<\/span>\n\t\t\t\t\t\t\t\t\t<\/a>\n\t\t\t\t<\/li>\n\t\t\t\t<li class=\"elementor-icon-list-item elementor-repeater-item-5c196e6 elementor-inline-item\">\n\t\t\t\t\t\t\t\t\t\t<span class=\"elementor-icon-list-icon\">\n\t\t\t\t\t\t\t\t<i aria-hidden=\"true\" class=\"far fa-clock\"><\/i>\t\t\t\t\t\t\t<\/span>\n\t\t\t\t\t\t\t\t\t<span class=\"elementor-icon-list-text elementor-post-info__item elementor-post-info__item--type-time\">\n\t\t\t\t\t\t\t\t\t\t<time>7:24 pm<\/time>\t\t\t\t\t<\/span>\n\t\t\t\t\t\t\t\t<\/li>\n\t\t\t\t<\/ul>\n\t\t\t\t\t\t<\/div>\n\t\t\t\t<\/div>\n\t\t\t\t\t<\/div>\n\t\t<\/div>\n\t\t\t\t\t<\/div>\n\t\t<\/section>\n\t\t\t\t<section class=\"elementor-section elementor-top-section elementor-element elementor-element-2b19b8d elementor-section-boxed elementor-section-height-default elementor-section-height-default\" data-id=\"2b19b8d\" data-element_type=\"section\">\n\t\t\t\t\t\t<div class=\"elementor-container elementor-column-gap-default\">\n\t\t\t\t\t<div class=\"elementor-column elementor-col-100 elementor-top-column elementor-element elementor-element-c1eb8a1\" data-id=\"c1eb8a1\" data-element_type=\"column\">\n\t\t\t<div class=\"elementor-widget-wrap elementor-element-populated\">\n\t\t\t\t\t\t<div class=\"elementor-element elementor-element-effde42 elementor-widget elementor-widget-image\" data-id=\"effde42\" data-element_type=\"widget\" data-widget_type=\"image.default\">\n\t\t\t\t<div class=\"elementor-widget-container\">\n\t\t\t\t\t\t\t\t\t\t\t\t\t\t\t<img fetchpriority=\"high\" decoding=\"async\" width=\"405\" height=\"501\" src=\"https:\/\/pc.sc.gov.br\/\/wp-content\/uploads\/2026\/03\/WhatsApp-Image-2026-03-13-at-19.28.12.jpeg\" class=\"attachment-large size-large wp-image-37024\" alt=\"\" srcset=\"https:\/\/pc.sc.gov.br\/\/wp-content\/uploads\/2026\/03\/WhatsApp-Image-2026-03-13-at-19.28.12.jpeg 405w, https:\/\/pc.sc.gov.br\/\/wp-content\/uploads\/2026\/03\/WhatsApp-Image-2026-03-13-at-19.28.12-243x300.jpeg 243w\" sizes=\"(max-width: 405px) 100vw, 405px\" \/>\t\t\t\t\t\t\t\t\t\t\t\t\t\t\t<\/div>\n\t\t\t\t<\/div>\n\t\t\t\t\t<\/div>\n\t\t<\/div>\n\t\t\t\t\t<\/div>\n\t\t<\/section>\n\t\t\t\t<section class=\"elementor-section elementor-top-section elementor-element elementor-element-f571d43 elementor-section-boxed elementor-section-height-default elementor-section-height-default\" data-id=\"f571d43\" data-element_type=\"section\">\n\t\t\t\t\t\t<div class=\"elementor-container elementor-column-gap-default\">\n\t\t\t\t\t<div class=\"elementor-column elementor-col-100 elementor-top-column elementor-element elementor-element-f778ced\" data-id=\"f778ced\" data-element_type=\"column\">\n\t\t\t<div class=\"elementor-widget-wrap elementor-element-populated\">\n\t\t\t\t\t\t<div class=\"elementor-element elementor-element-debb869 elementor-widget elementor-widget-text-editor\" data-id=\"debb869\" data-element_type=\"widget\" data-widget_type=\"text-editor.default\">\n\t\t\t\t<div class=\"elementor-widget-container\">\n\t\t\t\t\t\t\t\t\t<p><span data-path-to-node=\"4,0\"><span class=\"citation-76\">A Regi\u00e3o Carbon\u00edfera, de Crici\u00fama, registrou mais de 210 casos de estupro de vulner\u00e1vel entre os anos de 2024 e 2025<\/span><\/span><span data-path-to-node=\"4,2\">. <\/span><span data-path-to-node=\"4,4\"><span class=\"citation-75\">Os dados, que abrangem os 12 munic\u00edpios da Amrec, revelam que a cidade de Crici\u00fama teve uma alta superior a 57% nas den\u00fancias de viol\u00eancia contra crian\u00e7as e adolescentes no per\u00edodo<\/span><\/span><span data-path-to-node=\"4,6\">.<br \/><br \/><\/span><span class=\"citation-74\">Para a psic\u00f3loga policial Lilian Motta Gomes, da DPCAMI de Crici\u00fama, um dos maiores desafios \u00e9 combater o mito de que o agressor \u00e9 um estranho<\/span>. <span class=\"citation-73\">A especialista explica que, na maioria das vezes, os autores s\u00e3o pessoas que possuem v\u00ednculo direto e de confian\u00e7a com a v\u00edtima, como pais, padrastos, vizinhos, professores ou l\u00edderes espirituais<\/span>.<\/p><p><span class=\"citation-72\">A identifica\u00e7\u00e3o precoce \u00e9 a ferramenta mais eficaz para interromper o ciclo de viol\u00eancia<\/span>. <span class=\"citation-71\">Segundo a psic\u00f3loga, os respons\u00e1veis devem estar atentos a mudan\u00e7as repentinas no comportamento das crian\u00e7as, que podem incluir<\/span>:<\/p><ul><li><b data-path-to-node=\"8,0,1,0\" data-index-in-node=\"0\"><span class=\"citation-70\">Altera\u00e7\u00f5es emocionais:<\/span><\/b><span class=\"citation-70\"> Medo, p\u00e2nico, introvers\u00e3o ou extrovers\u00e3o acentuada e sem motivo aparente<\/span>.<\/li><li><b data-path-to-node=\"8,1,1,0\" data-index-in-node=\"0\"><span class=\"citation-69\">Regress\u00e3o de comportamento:<\/span><\/b><span class=\"citation-69\"> Voltar a ter atitudes de uma idade inferior que j\u00e1 haviam sido superadas<\/span>.<\/li><li><b data-path-to-node=\"8,2,1,0\" data-index-in-node=\"0\"><span class=\"citation-68\">Sinais f\u00edsicos:<\/span><\/b><span class=\"citation-68\"> Marcas de agress\u00e3o ou ind\u00edcios de doen\u00e7as sexualmente transmiss\u00edveis<\/span>.<\/li><\/ul><p><span class=\"citation-67\">Lilian ressalta ainda que n\u00e3o \u00e9 necess\u00e1rio haver contato f\u00edsico para que o crime de abuso seja configurado<\/span>. <span class=\"citation-66\">Atos como for\u00e7ar a crian\u00e7a a assistir a v\u00eddeos pornogr\u00e1ficos ou a produzir fotos e v\u00eddeos de cunho sexual tamb\u00e9m s\u00e3o formas de viol\u00eancia<\/span>.<\/p><p data-path-to-node=\"11\"><span data-path-to-node=\"11,1\"><span class=\"citation-65\">As estat\u00edsticas indicam que a faixa et\u00e1ria dos 10 aos 13 anos \u00e9 a que mais sofre com esse tipo de crime na regi\u00e3o, somando 85 ocorr\u00eancias nos \u00faltimos dois anos<\/span><\/span><span data-path-to-node=\"11,3\">. <\/span><span data-path-to-node=\"11,5\"><span class=\"citation-64\">Entretanto, preocupa o aumento de 26% nos casos envolvendo crian\u00e7as de zero a cinco anos entre 2024 e 2025<\/span><\/span><span data-path-to-node=\"11,7\">.<\/span><\/p><p id=\"p-rc_ba32d4e1f5c30b22-42\" data-path-to-node=\"12\"><span data-path-to-node=\"12,1\"><span class=\"citation-63\">As v\u00edtimas femininas representam a maioria absoluta dos casos (78%)<\/span><\/span><span data-path-to-node=\"12,3\">. <\/span><span data-path-to-node=\"12,5\"><span class=\"citation-62\">O abusador costuma agir de forma estrat\u00e9gica, selecionando fam\u00edlias e buscando conquistar a confian\u00e7a dos respons\u00e1veis e da crian\u00e7a por meses antes de iniciar a pr\u00e1tica criminosa.<br \/><\/span><\/span><\/p><p data-path-to-node=\"12\">A Pol\u00edcia Civil refor\u00e7a que a prote\u00e7\u00e3o de crian\u00e7as e adolescentes \u00e9 um dever de todos. Suspeitas podem ser comunicadas diretamente nas unidades da DPCAMI ou pelos canais de den\u00fancia an\u00f4nima. <span data-path-to-node=\"15,0,1,0\"><span class=\"citation-61 interactive-span-hovered\">Disque 181:<\/span><span class=\"citation-61 interactive-span-hovered\"> Den\u00fancia an\u00f4nima da Pol\u00edcia Civil<\/span><\/span><span data-path-to-node=\"15,0,1,2\">.<\/span><\/p><p>\u00a0<\/p><p>\u00a0<\/p>\t\t\t\t\t\t\t\t<\/div>\n\t\t\t\t<\/div>\n\t\t\t\t\t<\/div>\n\t\t<\/div>\n\t\t\t\t\t<\/div>\n\t\t<\/section>\n\t\t\t\t<\/div>\n\t\t","protected":false},"excerpt":{"rendered":"<p>Pol\u00edcia Civil alerta para sinais de abuso infantil e detalha perfil de agressores A Regi\u00e3o Carbon\u00edfera, de Crici\u00fama, registrou mais de 210 casos de estupro de vulner\u00e1vel entre os anos de 2024 e 2025. Os dados, que abrangem os 12 munic\u00edpios da Amrec, revelam que a cidade de Crici\u00fama teve uma alta superior a 57% [&hellip;]<\/p>\n","protected":false},"author":13,"featured_media":37024,"comment_status":"closed","ping_status":"open","sticky":false,"template":"","format":"standard","meta":{"_monsterinsights_skip_tracking":false,"_monsterinsights_sitenote_active":false,"_monsterinsights_sitenote_note":"","_monsterinsights_sitenote_category":0,"footnotes":""},"categories":[1],"tags":[],"class_list":["post-37022","post","type-post","status-publish","format-standard","has-post-thumbnail","hentry","category-sem-categoria"],"_links":{"self":[{"href":"https:\/\/pc.sc.gov.br\/index.php?rest_route=\/wp\/v2\/posts\/37022","targetHints":{"allow":["GET"]}}],"collection":[{"href":"https:\/\/pc.sc.gov.br\/index.php?rest_route=\/wp\/v2\/posts"}],"about":[{"href":"https:\/\/pc.sc.gov.br\/index.php?rest_route=\/wp\/v2\/types\/post"}],"author":[{"embeddable":true,"href":"https:\/\/pc.sc.gov.br\/index.php?rest_route=\/wp\/v2\/users\/13"}],"replies":[{"embeddable":true,"href":"https:\/\/pc.sc.gov.br\/index.php?rest_route=%2Fwp%2Fv2%2Fcomments&post=37022"}],"version-history":[{"count":3,"href":"https:\/\/pc.sc.gov.br\/index.php?rest_route=\/wp\/v2\/posts\/37022\/revisions"}],"predecessor-version":[{"id":37027,"href":"https:\/\/pc.sc.gov.br\/index.php?rest_route=\/wp\/v2\/posts\/37022\/revisions\/37027"}],"wp:featuredmedia":[{"embeddable":true,"href":"https:\/\/pc.sc.gov.br\/index.php?rest_route=\/wp\/v2\/media\/37024"}],"wp:attachment":[{"href":"https:\/\/pc.sc.gov.br\/index.php?rest_route=%2Fwp%2Fv2%2Fmedia&parent=37022"}],"wp:term":[{"taxonomy":"category","embeddable":true,"href":"https:\/\/pc.sc.gov.br\/index.php?rest_route=%2Fwp%2Fv2%2Fcategories&post=37022"},{"taxonomy":"post_tag","embeddable":true,"href":"https:\/\/pc.sc.gov.br\/index.php?rest_route=%2Fwp%2Fv2%2Ftags&post=37022"}],"curies":[{"name":"wp","href":"https:\/\/api.w.org\/{rel}","templated":true}]}}