{"id":3703,"date":"2023-01-06T15:07:15","date_gmt":"2023-01-06T18:07:15","guid":{"rendered":"https:\/\/pc.sc.gov.br\/?p=3703"},"modified":"2023-01-06T15:09:09","modified_gmt":"2023-01-06T18:09:09","slug":"policia-civil-prende-homem-suspeito-de-ter-cometido-homicidio-em-campo-alegre","status":"publish","type":"post","link":"https:\/\/pc.sc.gov.br\/?p=3703","title":{"rendered":"Pol\u00edcia Civil prende homem suspeito de ter cometido homic\u00eddio em Campo Alegre"},"content":{"rendered":"\t\t<div data-elementor-type=\"wp-post\" data-elementor-id=\"3703\" class=\"elementor elementor-3703\" data-elementor-post-type=\"post\">\n\t\t\t\t\t\t<section class=\"elementor-section elementor-top-section elementor-element elementor-element-6ed5c3c elementor-section-boxed elementor-section-height-default elementor-section-height-default\" data-id=\"6ed5c3c\" data-element_type=\"section\">\n\t\t\t\t\t\t<div class=\"elementor-container elementor-column-gap-default\">\n\t\t\t\t\t<div class=\"elementor-column elementor-col-100 elementor-top-column elementor-element elementor-element-76fae9c\" data-id=\"76fae9c\" data-element_type=\"column\">\n\t\t\t<div class=\"elementor-widget-wrap elementor-element-populated\">\n\t\t\t\t\t\t<div class=\"elementor-element elementor-element-f974b32 elementor-widget elementor-widget-heading\" data-id=\"f974b32\" data-element_type=\"widget\" data-widget_type=\"heading.default\">\n\t\t\t\t<div class=\"elementor-widget-container\">\n\t\t\t\t\t<h2 class=\"elementor-heading-title elementor-size-default\">Pol\u00edcia Civil prende homem suspeito de ter cometido homic\u00eddio em Campo Alegre\n<\/h2>\t\t\t\t<\/div>\n\t\t\t\t<\/div>\n\t\t\t\t<div class=\"elementor-element elementor-element-998f7e7 elementor-widget elementor-widget-image\" data-id=\"998f7e7\" data-element_type=\"widget\" data-widget_type=\"image.default\">\n\t\t\t\t<div class=\"elementor-widget-container\">\n\t\t\t\t\t\t\t\t\t\t\t\t\t\t\t<img fetchpriority=\"high\" decoding=\"async\" width=\"696\" height=\"394\" src=\"https:\/\/pc.sc.gov.br\/\/wp-content\/uploads\/2023\/01\/PC_SASASASASNJGKGYEREWR.jpg\" class=\"attachment-large size-large wp-image-3704\" alt=\"\" srcset=\"https:\/\/pc.sc.gov.br\/\/wp-content\/uploads\/2023\/01\/PC_SASASASASNJGKGYEREWR.jpg 710w, https:\/\/pc.sc.gov.br\/\/wp-content\/uploads\/2023\/01\/PC_SASASASASNJGKGYEREWR-300x170.jpg 300w\" sizes=\"(max-width: 696px) 100vw, 696px\" \/>\t\t\t\t\t\t\t\t\t\t\t\t\t\t\t<\/div>\n\t\t\t\t<\/div>\n\t\t\t\t<div class=\"elementor-element elementor-element-b6be77c elementor-widget elementor-widget-text-editor\" data-id=\"b6be77c\" data-element_type=\"widget\" data-widget_type=\"text-editor.default\">\n\t\t\t\t<div class=\"elementor-widget-container\">\n\t\t\t\t\t\t\t\t\t<p>Na quinta-feira (5), a Pol\u00edcia Civil de Santa Catarina, por meio do Setor de Investiga\u00e7\u00e3o e Capturas da 21\u00aa Delegacia Regional de S\u00e3o Bento do Sul, deu cumprimento a um mandado de pris\u00e3o em desfavor de um homem investigado pelo crime de homic\u00eddio na cidade de Campo Alegre. O crime ocorreu no dia 28 de outubro de 2022, quando a v\u00edtima veio a \u00f3bito ap\u00f3s ter sido atingida por golpes de faca.<\/p><p>O mandado de pris\u00e3o foi expedido ainda em 2022, mas, ap\u00f3s dilig\u00eancias realizadas pelos policias, foi constatado que o suspeito havia fugido para a cidade de Curitiba, no Paran\u00e1.<\/p><p>Nesta quinta-feira (5), os policiais receberam informa\u00e7\u00e3o de que o foragido tinha sido visto na cidade de Campo Alegre e imediatamente iniciaram as dilig\u00eancias para captur\u00e1-lo. Os investigadores descobriram que o homem estava escondido em uma ch\u00e1cara no interior da cidade e, em seguida, conseguiram localiz\u00e1-lo e efetuar a pris\u00e3o.<\/p>\t\t\t\t\t\t\t\t<\/div>\n\t\t\t\t<\/div>\n\t\t\t\t\t<\/div>\n\t\t<\/div>\n\t\t\t\t\t<\/div>\n\t\t<\/section>\n\t\t\t\t<\/div>\n\t\t","protected":false},"excerpt":{"rendered":"<p>Pol\u00edcia Civil prende homem suspeito de ter cometido homic\u00eddio em Campo Alegre Na quinta-feira (5), a Pol\u00edcia Civil de Santa Catarina, por meio do Setor de Investiga\u00e7\u00e3o e Capturas da 21\u00aa Delegacia Regional de S\u00e3o Bento do Sul, deu cumprimento a um mandado de pris\u00e3o em desfavor de um homem investigado pelo crime de homic\u00eddio [&hellip;]<\/p>\n","protected":false},"author":5,"featured_media":3704,"comment_status":"closed","ping_status":"open","sticky":false,"template":"","format":"standard","meta":{"_monsterinsights_skip_tracking":false,"_monsterinsights_sitenote_active":false,"_monsterinsights_sitenote_note":"","_monsterinsights_sitenote_category":0,"footnotes":""},"categories":[1],"tags":[],"class_list":["post-3703","post","type-post","status-publish","format-standard","has-post-thumbnail","hentry","category-sem-categoria"],"_links":{"self":[{"href":"https:\/\/pc.sc.gov.br\/index.php?rest_route=\/wp\/v2\/posts\/3703","targetHints":{"allow":["GET"]}}],"collection":[{"href":"https:\/\/pc.sc.gov.br\/index.php?rest_route=\/wp\/v2\/posts"}],"about":[{"href":"https:\/\/pc.sc.gov.br\/index.php?rest_route=\/wp\/v2\/types\/post"}],"author":[{"embeddable":true,"href":"https:\/\/pc.sc.gov.br\/index.php?rest_route=\/wp\/v2\/users\/5"}],"replies":[{"embeddable":true,"href":"https:\/\/pc.sc.gov.br\/index.php?rest_route=%2Fwp%2Fv2%2Fcomments&post=3703"}],"version-history":[{"count":4,"href":"https:\/\/pc.sc.gov.br\/index.php?rest_route=\/wp\/v2\/posts\/3703\/revisions"}],"predecessor-version":[{"id":3708,"href":"https:\/\/pc.sc.gov.br\/index.php?rest_route=\/wp\/v2\/posts\/3703\/revisions\/3708"}],"wp:featuredmedia":[{"embeddable":true,"href":"https:\/\/pc.sc.gov.br\/index.php?rest_route=\/wp\/v2\/media\/3704"}],"wp:attachment":[{"href":"https:\/\/pc.sc.gov.br\/index.php?rest_route=%2Fwp%2Fv2%2Fmedia&parent=3703"}],"wp:term":[{"taxonomy":"category","embeddable":true,"href":"https:\/\/pc.sc.gov.br\/index.php?rest_route=%2Fwp%2Fv2%2Fcategories&post=3703"},{"taxonomy":"post_tag","embeddable":true,"href":"https:\/\/pc.sc.gov.br\/index.php?rest_route=%2Fwp%2Fv2%2Ftags&post=3703"}],"curies":[{"name":"wp","href":"https:\/\/api.w.org\/{rel}","templated":true}]}}