{"id":37051,"date":"2026-03-16T18:05:45","date_gmt":"2026-03-16T21:05:45","guid":{"rendered":"https:\/\/pc.sc.gov.br\/?p=37051"},"modified":"2026-03-18T12:05:22","modified_gmt":"2026-03-18T15:05:22","slug":"pcsc-sedia-encontro-nacional-focado-em-seguranca-escolar-e-prevencao-a-violencia","status":"publish","type":"post","link":"https:\/\/pc.sc.gov.br\/?p=37051","title":{"rendered":"PCSC sedia Encontro Nacional focado em Seguran\u00e7a Escolar e Preven\u00e7\u00e3o \u00e0 Viol\u00eancia"},"content":{"rendered":"\t\t<div data-elementor-type=\"wp-post\" data-elementor-id=\"37051\" class=\"elementor elementor-37051\" data-elementor-post-type=\"post\">\n\t\t\t\t\t\t<section class=\"elementor-section elementor-top-section elementor-element elementor-element-bc4aef9 elementor-section-boxed elementor-section-height-default elementor-section-height-default\" data-id=\"bc4aef9\" data-element_type=\"section\">\n\t\t\t\t\t\t<div class=\"elementor-container elementor-column-gap-default\">\n\t\t\t\t\t<div class=\"elementor-column elementor-col-100 elementor-top-column elementor-element elementor-element-795473d\" data-id=\"795473d\" data-element_type=\"column\">\n\t\t\t<div class=\"elementor-widget-wrap elementor-element-populated\">\n\t\t\t\t\t\t<div class=\"elementor-element elementor-element-be1fda1 elementor-widget elementor-widget-heading\" data-id=\"be1fda1\" data-element_type=\"widget\" data-widget_type=\"heading.default\">\n\t\t\t\t<div class=\"elementor-widget-container\">\n\t\t\t\t\t<h2 class=\"elementor-heading-title elementor-size-default\">PCSC sedia Encontro Nacional focado em Seguran\u00e7a Escolar e Preven\u00e7\u00e3o \u00e0 Viol\u00eancia\n<\/h2>\t\t\t\t<\/div>\n\t\t\t\t<\/div>\n\t\t\t\t\t<\/div>\n\t\t<\/div>\n\t\t\t\t\t<\/div>\n\t\t<\/section>\n\t\t\t\t<section class=\"elementor-section elementor-top-section elementor-element elementor-element-ac5194f elementor-section-boxed elementor-section-height-default elementor-section-height-default\" data-id=\"ac5194f\" data-element_type=\"section\">\n\t\t\t\t\t\t<div class=\"elementor-container elementor-column-gap-default\">\n\t\t\t\t\t<div class=\"elementor-column elementor-col-100 elementor-top-column elementor-element elementor-element-c053330\" data-id=\"c053330\" data-element_type=\"column\">\n\t\t\t<div class=\"elementor-widget-wrap elementor-element-populated\">\n\t\t\t\t\t\t<div class=\"elementor-element elementor-element-bc870e0 elementor-widget elementor-widget-post-info\" data-id=\"bc870e0\" data-element_type=\"widget\" data-widget_type=\"post-info.default\">\n\t\t\t\t<div class=\"elementor-widget-container\">\n\t\t\t\t\t\t\t<ul class=\"elementor-inline-items elementor-icon-list-items elementor-post-info\">\n\t\t\t\t\t\t\t\t<li class=\"elementor-icon-list-item elementor-repeater-item-00a6038 elementor-inline-item\" itemprop=\"author\">\n\t\t\t\t\t\t<a href=\"https:\/\/pc.sc.gov.br\/?author=13\">\n\t\t\t\t\t\t\t\t\t\t\t<span class=\"elementor-icon-list-icon\">\n\t\t\t\t\t\t\t\t<i aria-hidden=\"true\" class=\"far fa-user-circle\"><\/i>\t\t\t\t\t\t\t<\/span>\n\t\t\t\t\t\t\t\t\t<span class=\"elementor-icon-list-text elementor-post-info__item elementor-post-info__item--type-author\">\n\t\t\t\t\t\t\t\t\t\tNicholly De March\t\t\t\t\t<\/span>\n\t\t\t\t\t\t\t\t\t<\/a>\n\t\t\t\t<\/li>\n\t\t\t\t<li class=\"elementor-icon-list-item elementor-repeater-item-ce86b2f elementor-inline-item\" itemprop=\"datePublished\">\n\t\t\t\t\t\t<a href=\"https:\/\/pc.sc.gov.br\/?m=20260316\">\n\t\t\t\t\t\t\t\t\t\t\t<span class=\"elementor-icon-list-icon\">\n\t\t\t\t\t\t\t\t<i aria-hidden=\"true\" class=\"fas fa-calendar\"><\/i>\t\t\t\t\t\t\t<\/span>\n\t\t\t\t\t\t\t\t\t<span class=\"elementor-icon-list-text elementor-post-info__item elementor-post-info__item--type-date\">\n\t\t\t\t\t\t\t\t\t\t<time>mar\u00e7o 16, 2026<\/time>\t\t\t\t\t<\/span>\n\t\t\t\t\t\t\t\t\t<\/a>\n\t\t\t\t<\/li>\n\t\t\t\t<li class=\"elementor-icon-list-item elementor-repeater-item-568288f elementor-inline-item\">\n\t\t\t\t\t\t\t\t\t\t<span class=\"elementor-icon-list-icon\">\n\t\t\t\t\t\t\t\t<i aria-hidden=\"true\" class=\"far fa-clock\"><\/i>\t\t\t\t\t\t\t<\/span>\n\t\t\t\t\t\t\t\t\t<span class=\"elementor-icon-list-text elementor-post-info__item elementor-post-info__item--type-time\">\n\t\t\t\t\t\t\t\t\t\t<time>6:05 pm<\/time>\t\t\t\t\t<\/span>\n\t\t\t\t\t\t\t\t<\/li>\n\t\t\t\t<\/ul>\n\t\t\t\t\t\t<\/div>\n\t\t\t\t<\/div>\n\t\t\t\t\t<\/div>\n\t\t<\/div>\n\t\t\t\t\t<\/div>\n\t\t<\/section>\n\t\t\t\t<section class=\"elementor-section elementor-top-section elementor-element elementor-element-7e0667c elementor-section-boxed elementor-section-height-default elementor-section-height-default\" data-id=\"7e0667c\" data-element_type=\"section\">\n\t\t\t\t\t\t<div class=\"elementor-container elementor-column-gap-default\">\n\t\t\t\t\t<div class=\"elementor-column elementor-col-100 elementor-top-column elementor-element elementor-element-6714d75\" data-id=\"6714d75\" data-element_type=\"column\">\n\t\t\t<div class=\"elementor-widget-wrap elementor-element-populated\">\n\t\t\t\t\t\t<div class=\"elementor-element elementor-element-c5641c7 elementor-widget elementor-widget-image\" data-id=\"c5641c7\" data-element_type=\"widget\" data-widget_type=\"image.default\">\n\t\t\t\t<div class=\"elementor-widget-container\">\n\t\t\t\t\t\t\t\t\t\t\t\t\t\t\t<img fetchpriority=\"high\" decoding=\"async\" width=\"2560\" height=\"1707\" src=\"https:\/\/pc.sc.gov.br\/\/wp-content\/uploads\/2026\/03\/Ricardo-Trida-SSP-SC1-33-scaled.jpg\" class=\"attachment-full size-full wp-image-37052\" alt=\"Ricardo Trida\" srcset=\"https:\/\/pc.sc.gov.br\/\/wp-content\/uploads\/2026\/03\/Ricardo-Trida-SSP-SC1-33-scaled.jpg 2560w, https:\/\/pc.sc.gov.br\/\/wp-content\/uploads\/2026\/03\/Ricardo-Trida-SSP-SC1-33-300x200.jpg 300w, https:\/\/pc.sc.gov.br\/\/wp-content\/uploads\/2026\/03\/Ricardo-Trida-SSP-SC1-33-1024x683.jpg 1024w, https:\/\/pc.sc.gov.br\/\/wp-content\/uploads\/2026\/03\/Ricardo-Trida-SSP-SC1-33-768x512.jpg 768w, https:\/\/pc.sc.gov.br\/\/wp-content\/uploads\/2026\/03\/Ricardo-Trida-SSP-SC1-33-1536x1024.jpg 1536w, https:\/\/pc.sc.gov.br\/\/wp-content\/uploads\/2026\/03\/Ricardo-Trida-SSP-SC1-33-2048x1365.jpg 2048w\" sizes=\"(max-width: 2560px) 100vw, 2560px\" \/>\t\t\t\t\t\t\t\t\t\t\t\t\t\t\t<\/div>\n\t\t\t\t<\/div>\n\t\t\t\t\t<\/div>\n\t\t<\/div>\n\t\t\t\t\t<\/div>\n\t\t<\/section>\n\t\t\t\t<section class=\"elementor-section elementor-top-section elementor-element elementor-element-1040d9a elementor-section-boxed elementor-section-height-default elementor-section-height-default\" data-id=\"1040d9a\" data-element_type=\"section\">\n\t\t\t\t\t\t<div class=\"elementor-container elementor-column-gap-default\">\n\t\t\t\t\t<div class=\"elementor-column elementor-col-100 elementor-top-column elementor-element elementor-element-c36642d\" data-id=\"c36642d\" data-element_type=\"column\">\n\t\t\t<div class=\"elementor-widget-wrap elementor-element-populated\">\n\t\t\t\t\t\t<div class=\"elementor-element elementor-element-bdd2ce2 elementor-widget elementor-widget-text-editor\" data-id=\"bdd2ce2\" data-element_type=\"widget\" data-widget_type=\"text-editor.default\">\n\t\t\t\t<div class=\"elementor-widget-container\">\n\t\t\t\t\t\t\t\t\t<p><span style=\"font-weight: 400;\">A Pol\u00edcia Civil de Santa Catarina (PCSC), por interm\u00e9dio da Academia de Pol\u00edcia Civil (ACADEPOL), deu in\u00edcio nesta segunda-feira (16) ao Encontro Nacional de Avalia\u00e7\u00e3o de Amea\u00e7as Comportamentais e Seguran\u00e7a Escolar, no Teatro Pedro Ivo, em Florian\u00f3polis. O evento, que \u00e9 uma iniciativa estrat\u00e9gica da Secretaria Nacional de Seguran\u00e7a P\u00fablica (SENASP) do Minist\u00e9rio da Justi\u00e7a, re\u00fane gestores e especialistas com o objetivo de fortalecer a preven\u00e7\u00e3o da viol\u00eancia e a prote\u00e7\u00e3o dos ambientes educacionais em todo o pa\u00eds.<\/span><\/p><p><span style=\"font-weight: 400;\">A abertura oficial contou com a presen\u00e7a do Delegado-Geral da Pol\u00edcia Civil, Marcelo Sampaio Nogueira, e do Diretor da ACADEPOL, Andr\u00e9 Luiz Bermudez Pereira. Representando o governador Jorginho Mello na solenidade, o secret\u00e1rio da Seguran\u00e7a P\u00fablica de Santa Catarina, coronel Fl\u00e1vio Graff, destacou a honra para o Estado em sediar o primeiro de cinco encontros previstos no Brasil, voltados \u00e0 avalia\u00e7\u00e3o de amea\u00e7as e \u00e0 preven\u00e7\u00e3o da viol\u00eancia escolar. O secret\u00e1rio tamb\u00e9m ressaltou a exitosa parceria da Pol\u00edcia Civil, por interm\u00e9dio da Acadepol, com o Minist\u00e9rio da Justi\u00e7a, a Embaixada dos Estados Unidos da Am\u00e9rica e o Servi\u00e7o Secreto Americano.<\/span><\/p>\t\t\t\t\t\t\t\t<\/div>\n\t\t\t\t<\/div>\n\t\t\t\t\t<\/div>\n\t\t<\/div>\n\t\t\t\t\t<\/div>\n\t\t<\/section>\n\t\t\t\t<section class=\"elementor-section elementor-top-section elementor-element elementor-element-87fde01 elementor-section-boxed elementor-section-height-default elementor-section-height-default\" data-id=\"87fde01\" data-element_type=\"section\">\n\t\t\t\t\t\t<div class=\"elementor-container elementor-column-gap-default\">\n\t\t\t\t\t<div class=\"elementor-column elementor-col-100 elementor-top-column elementor-element elementor-element-55b04eb\" data-id=\"55b04eb\" data-element_type=\"column\">\n\t\t\t<div class=\"elementor-widget-wrap elementor-element-populated\">\n\t\t\t\t\t\t<div class=\"elementor-element elementor-element-ea82d0f elementor-widget elementor-widget-image\" data-id=\"ea82d0f\" data-element_type=\"widget\" data-widget_type=\"image.default\">\n\t\t\t\t<div class=\"elementor-widget-container\">\n\t\t\t\t\t\t\t\t\t\t\t\t\t\t\t<img decoding=\"async\" width=\"696\" height=\"464\" src=\"https:\/\/pc.sc.gov.br\/\/wp-content\/uploads\/2026\/03\/Ricardo-Trida-SSP-SC1-40-1024x683.jpg\" class=\"attachment-large size-large wp-image-37054\" alt=\"Ricardo Trida\" srcset=\"https:\/\/pc.sc.gov.br\/\/wp-content\/uploads\/2026\/03\/Ricardo-Trida-SSP-SC1-40-1024x683.jpg 1024w, https:\/\/pc.sc.gov.br\/\/wp-content\/uploads\/2026\/03\/Ricardo-Trida-SSP-SC1-40-300x200.jpg 300w, https:\/\/pc.sc.gov.br\/\/wp-content\/uploads\/2026\/03\/Ricardo-Trida-SSP-SC1-40-768x512.jpg 768w, https:\/\/pc.sc.gov.br\/\/wp-content\/uploads\/2026\/03\/Ricardo-Trida-SSP-SC1-40-1536x1024.jpg 1536w, https:\/\/pc.sc.gov.br\/\/wp-content\/uploads\/2026\/03\/Ricardo-Trida-SSP-SC1-40-2048x1365.jpg 2048w\" sizes=\"(max-width: 696px) 100vw, 696px\" \/>\t\t\t\t\t\t\t\t\t\t\t\t\t\t\t<\/div>\n\t\t\t\t<\/div>\n\t\t\t\t\t<\/div>\n\t\t<\/div>\n\t\t\t\t\t<\/div>\n\t\t<\/section>\n\t\t\t\t<section class=\"elementor-section elementor-top-section elementor-element elementor-element-e2611e5 elementor-section-boxed elementor-section-height-default elementor-section-height-default\" data-id=\"e2611e5\" data-element_type=\"section\">\n\t\t\t\t\t\t<div class=\"elementor-container elementor-column-gap-default\">\n\t\t\t\t\t<div class=\"elementor-column elementor-col-100 elementor-top-column elementor-element elementor-element-806a731\" data-id=\"806a731\" data-element_type=\"column\">\n\t\t\t<div class=\"elementor-widget-wrap elementor-element-populated\">\n\t\t\t\t\t\t<div class=\"elementor-element elementor-element-b902fe6 elementor-widget elementor-widget-text-editor\" data-id=\"b902fe6\" data-element_type=\"widget\" data-widget_type=\"text-editor.default\">\n\t\t\t\t<div class=\"elementor-widget-container\">\n\t\t\t\t\t\t\t\t\t<p><span style=\"font-weight: 400;\">Segundo Graff, oportunidades como este encontro s\u00e3o fundamentais e permitem a troca de experi\u00eancias entre especialistas, autoridades e estudiosos de diferentes realidades, inclusive no \u00e2mbito internacional, o que contribui para o aprimoramento das pol\u00edticas p\u00fablicas e o fortalecimento dos v\u00ednculos institucionais. O secret\u00e1rio refor\u00e7ou que a a\u00e7\u00e3o demonstra um constante aprimoramento na preven\u00e7\u00e3o e na forma\u00e7\u00e3o de capital humano preparado para lidar com situa\u00e7\u00f5es envolvendo indiv\u00edduos suspeitos no ambiente escolar. A cerim\u00f4nia tamb\u00e9m destacou a coopera\u00e7\u00e3o internacional por meio da participa\u00e7\u00e3o de Travis Taylor, chefe do escrit\u00f3rio regional do Servi\u00e7o Secreto americano em Bras\u00edlia, e de especialistas do <\/span><i><span style=\"font-weight: 400;\">National Threat Assessment Center<\/span><\/i><span style=\"font-weight: 400;\">.<\/span><\/p>\t\t\t\t\t\t\t\t<\/div>\n\t\t\t\t<\/div>\n\t\t\t\t\t<\/div>\n\t\t<\/div>\n\t\t\t\t\t<\/div>\n\t\t<\/section>\n\t\t\t\t<section class=\"elementor-section elementor-top-section elementor-element elementor-element-cf8324c elementor-section-boxed elementor-section-height-default elementor-section-height-default\" data-id=\"cf8324c\" data-element_type=\"section\">\n\t\t\t\t\t\t<div class=\"elementor-container elementor-column-gap-default\">\n\t\t\t\t\t<div class=\"elementor-column elementor-col-100 elementor-top-column elementor-element elementor-element-124b4c7\" data-id=\"124b4c7\" data-element_type=\"column\">\n\t\t\t<div class=\"elementor-widget-wrap elementor-element-populated\">\n\t\t\t\t\t\t<div class=\"elementor-element elementor-element-6015412 elementor-widget elementor-widget-image\" data-id=\"6015412\" data-element_type=\"widget\" data-widget_type=\"image.default\">\n\t\t\t\t<div class=\"elementor-widget-container\">\n\t\t\t\t\t\t\t\t\t\t\t\t\t\t\t<img decoding=\"async\" width=\"696\" height=\"464\" src=\"https:\/\/pc.sc.gov.br\/\/wp-content\/uploads\/2026\/03\/Ricardo-Trida-SSP-SC1-30-1024x683.jpg\" class=\"attachment-large size-large wp-image-37055\" alt=\"Ricardo Trida\" srcset=\"https:\/\/pc.sc.gov.br\/\/wp-content\/uploads\/2026\/03\/Ricardo-Trida-SSP-SC1-30-1024x683.jpg 1024w, https:\/\/pc.sc.gov.br\/\/wp-content\/uploads\/2026\/03\/Ricardo-Trida-SSP-SC1-30-300x200.jpg 300w, https:\/\/pc.sc.gov.br\/\/wp-content\/uploads\/2026\/03\/Ricardo-Trida-SSP-SC1-30-768x512.jpg 768w, https:\/\/pc.sc.gov.br\/\/wp-content\/uploads\/2026\/03\/Ricardo-Trida-SSP-SC1-30-1536x1024.jpg 1536w, https:\/\/pc.sc.gov.br\/\/wp-content\/uploads\/2026\/03\/Ricardo-Trida-SSP-SC1-30-2048x1365.jpg 2048w\" sizes=\"(max-width: 696px) 100vw, 696px\" \/>\t\t\t\t\t\t\t\t\t\t\t\t\t\t\t<\/div>\n\t\t\t\t<\/div>\n\t\t\t\t\t<\/div>\n\t\t<\/div>\n\t\t\t\t\t<\/div>\n\t\t<\/section>\n\t\t\t\t<section class=\"elementor-section elementor-top-section elementor-element elementor-element-a9191a0 elementor-section-boxed elementor-section-height-default elementor-section-height-default\" data-id=\"a9191a0\" data-element_type=\"section\">\n\t\t\t\t\t\t<div class=\"elementor-container elementor-column-gap-default\">\n\t\t\t\t\t<div class=\"elementor-column elementor-col-100 elementor-top-column elementor-element elementor-element-60468be\" data-id=\"60468be\" data-element_type=\"column\">\n\t\t\t<div class=\"elementor-widget-wrap elementor-element-populated\">\n\t\t\t\t\t\t<div class=\"elementor-element elementor-element-c03a4ab elementor-widget elementor-widget-text-editor\" data-id=\"c03a4ab\" data-element_type=\"widget\" data-widget_type=\"text-editor.default\">\n\t\t\t\t<div class=\"elementor-widget-container\">\n\t\t\t\t\t\t\t\t\t<p><span style=\"font-weight: 400;\">Durante as atividades do primeiro dia, a Pol\u00edcia Civil catarinense reafirmou sua atua\u00e7\u00e3o proativa na defesa dos estudantes, apresentando protocolos de resposta para situa\u00e7\u00f5es de agressores ativos e investindo na capacita\u00e7\u00e3o cont\u00ednua de seus agentes. Em seu pronunciamento, o Delegado-Geral Marcelo Sampaio Nogueira ressaltou que este encontro \u00e9 a oportunidade de integrar conhecimentos para garantir que o Estado permane\u00e7a firme na prote\u00e7\u00e3o das pr\u00f3ximas gera\u00e7\u00f5es, permitindo que Santa Catarina sustente o t\u00edtulo de Estado mais seguro do pa\u00eds. O Delegado-Geral enfatizou que o investimento em tecnologia e treinamento assegura que o policial civil possua respaldo institucional e prontid\u00e3o t\u00e9cnica para uma resposta imediata caso a preven\u00e7\u00e3o seja desafiada.<\/span><\/p><p><span style=\"font-weight: 400;\">A programa\u00e7\u00e3o contou com contribui\u00e7\u00f5es fundamentais, como a de Felipe Barros, especialista em investiga\u00e7\u00f5es do Servi\u00e7o Secreto americano, que trouxe uma vis\u00e3o integrada sobre seguran\u00e7a e investiga\u00e7\u00e3o criminal ao debate. O encontro tamb\u00e9m abordou temas como a coordena\u00e7\u00e3o da Opera\u00e7\u00e3o Escola Segura, apresentada pelo Delegado Paulo Henrique Benelli de Azevedo, e discuss\u00f5es sobre radicaliza\u00e7\u00e3o online conduzidas pela Delegada Qu\u00e9sia Cabral.\u00a0<\/span><\/p>\t\t\t\t\t\t\t\t<\/div>\n\t\t\t\t<\/div>\n\t\t\t\t\t<\/div>\n\t\t<\/div>\n\t\t\t\t\t<\/div>\n\t\t<\/section>\n\t\t\t\t<section class=\"elementor-section elementor-top-section elementor-element elementor-element-1415c69 elementor-section-boxed elementor-section-height-default elementor-section-height-default\" data-id=\"1415c69\" data-element_type=\"section\">\n\t\t\t\t\t\t<div class=\"elementor-container elementor-column-gap-default\">\n\t\t\t\t\t<div class=\"elementor-column elementor-col-100 elementor-top-column elementor-element elementor-element-f668980\" data-id=\"f668980\" data-element_type=\"column\">\n\t\t\t<div class=\"elementor-widget-wrap elementor-element-populated\">\n\t\t\t\t\t\t<div class=\"elementor-element elementor-element-72e6d0f elementor-widget elementor-widget-image\" data-id=\"72e6d0f\" data-element_type=\"widget\" data-widget_type=\"image.default\">\n\t\t\t\t<div class=\"elementor-widget-container\">\n\t\t\t\t\t\t\t\t\t\t\t\t\t\t\t<img loading=\"lazy\" decoding=\"async\" width=\"696\" height=\"464\" src=\"https:\/\/pc.sc.gov.br\/\/wp-content\/uploads\/2026\/03\/Ricardo-Trida-SSP-SC1-1024x683.jpg\" class=\"attachment-large size-large wp-image-37066\" alt=\"\" srcset=\"https:\/\/pc.sc.gov.br\/\/wp-content\/uploads\/2026\/03\/Ricardo-Trida-SSP-SC1-1024x683.jpg 1024w, https:\/\/pc.sc.gov.br\/\/wp-content\/uploads\/2026\/03\/Ricardo-Trida-SSP-SC1-300x200.jpg 300w, https:\/\/pc.sc.gov.br\/\/wp-content\/uploads\/2026\/03\/Ricardo-Trida-SSP-SC1-768x512.jpg 768w, https:\/\/pc.sc.gov.br\/\/wp-content\/uploads\/2026\/03\/Ricardo-Trida-SSP-SC1-1536x1024.jpg 1536w, https:\/\/pc.sc.gov.br\/\/wp-content\/uploads\/2026\/03\/Ricardo-Trida-SSP-SC1-2048x1365.jpg 2048w\" sizes=\"(max-width: 696px) 100vw, 696px\" \/>\t\t\t\t\t\t\t\t\t\t\t\t\t\t\t<\/div>\n\t\t\t\t<\/div>\n\t\t\t\t\t<\/div>\n\t\t<\/div>\n\t\t\t\t\t<\/div>\n\t\t<\/section>\n\t\t\t\t<section class=\"elementor-section elementor-top-section elementor-element elementor-element-f4654e8 elementor-section-boxed elementor-section-height-default elementor-section-height-default\" data-id=\"f4654e8\" data-element_type=\"section\">\n\t\t\t\t\t\t<div class=\"elementor-container elementor-column-gap-default\">\n\t\t\t\t\t<div class=\"elementor-column elementor-col-100 elementor-top-column elementor-element elementor-element-062439e\" data-id=\"062439e\" data-element_type=\"column\">\n\t\t\t<div class=\"elementor-widget-wrap elementor-element-populated\">\n\t\t\t\t\t\t<div class=\"elementor-element elementor-element-d1a277f elementor-widget elementor-widget-text-editor\" data-id=\"d1a277f\" data-element_type=\"widget\" data-widget_type=\"text-editor.default\">\n\t\t\t\t<div class=\"elementor-widget-container\">\n\t\t\t\t\t\t\t\t\t<p><span style=\"font-weight: 400;\">A mesa foi composta pelo Delegado-Geral da Pol\u00edcia Civil, Marcelo Sampaio Nogueira; pelo Secret\u00e1rio de Estado da Seguran\u00e7a P\u00fablica de Santa Catarina, Coronel Fl\u00e1vio Rog\u00e9rio Pereira Graff; e pela Vice-Prefeita de Florian\u00f3polis, Maryanne Mattos. Tamb\u00e9m integraram a frente oficial o Diretor da ACADEPOL\/SC, Andr\u00e9 Luiz Bermudez Pereira; o representante do CiberLAB da Secretaria Nacional de Seguran\u00e7a P\u00fablica (SENASP), Paulo Roberto Medeiros Viana; e o Chefe do Escrit\u00f3rio Regional do Servi\u00e7o Secreto em Bras\u00edlia, Travis Taylor, representando o servi\u00e7o secreto americano. A cerim\u00f4nia reuniu gestores de seguran\u00e7a p\u00fablica, profissionais da educa\u00e7\u00e3o e delegados de diversos estados brasileiros, todos focados no fortalecimento das redes de prote\u00e7\u00e3o e na integra\u00e7\u00e3o de protocolos de seguran\u00e7a escolar em todo o pa\u00eds.<\/span><\/p><p><span style=\"font-weight: 400;\">O evento prossegue nesta ter\u00e7a-feira (17) com novas palestras t\u00e9cnicas e estudos de caso, consolidando Florian\u00f3polis como o centro do debate nacional sobre seguran\u00e7a escolar.<\/span><\/p>\t\t\t\t\t\t\t\t<\/div>\n\t\t\t\t<\/div>\n\t\t\t\t\t<\/div>\n\t\t<\/div>\n\t\t\t\t\t<\/div>\n\t\t<\/section>\n\t\t\t\t<\/div>\n\t\t","protected":false},"excerpt":{"rendered":"<p>PCSC sedia Encontro Nacional focado em Seguran\u00e7a Escolar e Preven\u00e7\u00e3o \u00e0 Viol\u00eancia A Pol\u00edcia Civil de Santa Catarina (PCSC), por interm\u00e9dio da Academia de Pol\u00edcia Civil (ACADEPOL), deu in\u00edcio nesta segunda-feira (16) ao Encontro Nacional de Avalia\u00e7\u00e3o de Amea\u00e7as Comportamentais e Seguran\u00e7a Escolar, no Teatro Pedro Ivo, em Florian\u00f3polis. O evento, que \u00e9 uma iniciativa [&hellip;]<\/p>\n","protected":false},"author":13,"featured_media":37052,"comment_status":"closed","ping_status":"open","sticky":false,"template":"","format":"standard","meta":{"_monsterinsights_skip_tracking":false,"_monsterinsights_sitenote_active":false,"_monsterinsights_sitenote_note":"","_monsterinsights_sitenote_category":0,"footnotes":""},"categories":[1],"tags":[],"class_list":["post-37051","post","type-post","status-publish","format-standard","has-post-thumbnail","hentry","category-sem-categoria"],"_links":{"self":[{"href":"https:\/\/pc.sc.gov.br\/index.php?rest_route=\/wp\/v2\/posts\/37051","targetHints":{"allow":["GET"]}}],"collection":[{"href":"https:\/\/pc.sc.gov.br\/index.php?rest_route=\/wp\/v2\/posts"}],"about":[{"href":"https:\/\/pc.sc.gov.br\/index.php?rest_route=\/wp\/v2\/types\/post"}],"author":[{"embeddable":true,"href":"https:\/\/pc.sc.gov.br\/index.php?rest_route=\/wp\/v2\/users\/13"}],"replies":[{"embeddable":true,"href":"https:\/\/pc.sc.gov.br\/index.php?rest_route=%2Fwp%2Fv2%2Fcomments&post=37051"}],"version-history":[{"count":16,"href":"https:\/\/pc.sc.gov.br\/index.php?rest_route=\/wp\/v2\/posts\/37051\/revisions"}],"predecessor-version":[{"id":37104,"href":"https:\/\/pc.sc.gov.br\/index.php?rest_route=\/wp\/v2\/posts\/37051\/revisions\/37104"}],"wp:featuredmedia":[{"embeddable":true,"href":"https:\/\/pc.sc.gov.br\/index.php?rest_route=\/wp\/v2\/media\/37052"}],"wp:attachment":[{"href":"https:\/\/pc.sc.gov.br\/index.php?rest_route=%2Fwp%2Fv2%2Fmedia&parent=37051"}],"wp:term":[{"taxonomy":"category","embeddable":true,"href":"https:\/\/pc.sc.gov.br\/index.php?rest_route=%2Fwp%2Fv2%2Fcategories&post=37051"},{"taxonomy":"post_tag","embeddable":true,"href":"https:\/\/pc.sc.gov.br\/index.php?rest_route=%2Fwp%2Fv2%2Ftags&post=37051"}],"curies":[{"name":"wp","href":"https:\/\/api.w.org\/{rel}","templated":true}]}}