{"id":37065,"date":"2026-03-17T16:36:51","date_gmt":"2026-03-17T19:36:51","guid":{"rendered":"https:\/\/pc.sc.gov.br\/?p=37065"},"modified":"2026-03-17T19:07:56","modified_gmt":"2026-03-17T22:07:56","slug":"pcsc-e-servico-secreto-dos-eua-apresentam-estrategias-de-protecao-escolar","status":"publish","type":"post","link":"https:\/\/pc.sc.gov.br\/?p=37065","title":{"rendered":"PCSC e Servi\u00e7o Secreto norte-americano apresentam estrat\u00e9gias de prote\u00e7\u00e3o escolar"},"content":{"rendered":"\t\t<div data-elementor-type=\"wp-post\" data-elementor-id=\"37065\" class=\"elementor elementor-37065\" data-elementor-post-type=\"post\">\n\t\t\t\t\t\t<section class=\"elementor-section elementor-top-section elementor-element elementor-element-f3cd56f elementor-section-boxed elementor-section-height-default elementor-section-height-default\" data-id=\"f3cd56f\" data-element_type=\"section\">\n\t\t\t\t\t\t<div class=\"elementor-container elementor-column-gap-default\">\n\t\t\t\t\t<div class=\"elementor-column elementor-col-100 elementor-top-column elementor-element elementor-element-18bf638\" data-id=\"18bf638\" data-element_type=\"column\">\n\t\t\t<div class=\"elementor-widget-wrap elementor-element-populated\">\n\t\t\t\t\t\t<div class=\"elementor-element elementor-element-92679e2 elementor-widget elementor-widget-heading\" data-id=\"92679e2\" data-element_type=\"widget\" data-widget_type=\"heading.default\">\n\t\t\t\t<div class=\"elementor-widget-container\">\n\t\t\t\t\t<h2 class=\"elementor-heading-title elementor-size-default\">PCSC e Servi\u00e7o Secreto dos EUA apresentam estrat\u00e9gias de prote\u00e7\u00e3o escolar\n<\/h2>\t\t\t\t<\/div>\n\t\t\t\t<\/div>\n\t\t\t\t\t<\/div>\n\t\t<\/div>\n\t\t\t\t\t<\/div>\n\t\t<\/section>\n\t\t\t\t<section class=\"elementor-section elementor-top-section elementor-element elementor-element-1d66069 elementor-section-boxed elementor-section-height-default elementor-section-height-default\" data-id=\"1d66069\" data-element_type=\"section\">\n\t\t\t\t\t\t<div class=\"elementor-container elementor-column-gap-default\">\n\t\t\t\t\t<div class=\"elementor-column elementor-col-100 elementor-top-column elementor-element elementor-element-866406a\" data-id=\"866406a\" data-element_type=\"column\">\n\t\t\t<div class=\"elementor-widget-wrap elementor-element-populated\">\n\t\t\t\t\t\t<div class=\"elementor-element elementor-element-c8c42a2 elementor-widget elementor-widget-image\" data-id=\"c8c42a2\" data-element_type=\"widget\" data-widget_type=\"image.default\">\n\t\t\t\t<div class=\"elementor-widget-container\">\n\t\t\t\t\t\t\t\t\t\t\t\t\t\t\t<img fetchpriority=\"high\" decoding=\"async\" width=\"696\" height=\"464\" src=\"https:\/\/pc.sc.gov.br\/\/wp-content\/uploads\/2026\/03\/Ricardo-Trida-SSP-SC1-15-1024x683.jpg\" class=\"attachment-large size-large wp-image-37073\" alt=\"\" srcset=\"https:\/\/pc.sc.gov.br\/\/wp-content\/uploads\/2026\/03\/Ricardo-Trida-SSP-SC1-15-1024x683.jpg 1024w, https:\/\/pc.sc.gov.br\/\/wp-content\/uploads\/2026\/03\/Ricardo-Trida-SSP-SC1-15-300x200.jpg 300w, https:\/\/pc.sc.gov.br\/\/wp-content\/uploads\/2026\/03\/Ricardo-Trida-SSP-SC1-15-768x512.jpg 768w, https:\/\/pc.sc.gov.br\/\/wp-content\/uploads\/2026\/03\/Ricardo-Trida-SSP-SC1-15-1536x1024.jpg 1536w, https:\/\/pc.sc.gov.br\/\/wp-content\/uploads\/2026\/03\/Ricardo-Trida-SSP-SC1-15-2048x1365.jpg 2048w\" sizes=\"(max-width: 696px) 100vw, 696px\" \/>\t\t\t\t\t\t\t\t\t\t\t\t\t\t\t<\/div>\n\t\t\t\t<\/div>\n\t\t\t\t\t<\/div>\n\t\t<\/div>\n\t\t\t\t\t<\/div>\n\t\t<\/section>\n\t\t\t\t<section class=\"elementor-section elementor-top-section elementor-element elementor-element-8da54e8 elementor-section-boxed elementor-section-height-default elementor-section-height-default\" data-id=\"8da54e8\" data-element_type=\"section\">\n\t\t\t\t\t\t<div class=\"elementor-container elementor-column-gap-default\">\n\t\t\t\t\t<div class=\"elementor-column elementor-col-100 elementor-top-column elementor-element elementor-element-8f7965d\" data-id=\"8f7965d\" data-element_type=\"column\">\n\t\t\t<div class=\"elementor-widget-wrap elementor-element-populated\">\n\t\t\t\t\t\t<div class=\"elementor-element elementor-element-8f8cbb1 elementor-widget elementor-widget-text-editor\" data-id=\"8f8cbb1\" data-element_type=\"widget\" data-widget_type=\"text-editor.default\">\n\t\t\t\t<div class=\"elementor-widget-container\">\n\t\t\t\t\t\t\t\t\t<p><span style=\"font-weight: 400;\">O primeiro dia do Encontro Nacional de Avalia\u00e7\u00e3o de Amea\u00e7as Comportamentais e Seguran\u00e7a Escolar, que aconteceu nesta segunda-feira (16\/03), sediado pela Pol\u00edcia Civil de Santa Catarina (PCSC) em Florian\u00f3polis, trouxe um debate inovador que promete transformar as pol\u00edticas de prote\u00e7\u00e3o nas institui\u00e7\u00f5es de ensino brasileiras. O destaque central foi a participa\u00e7\u00e3o do <\/span><i><span style=\"font-weight: 400;\">National Threat Assessment Center<\/span><\/i><span style=\"font-weight: 400;\"> (NTAC), do Servi\u00e7o Secreto dos Estados Unidos, que apresentou como a an\u00e1lise proativa de comportamentos, em vez de apenas o refor\u00e7o de barreiras f\u00edsicas, \u00e9 a ferramenta mais eficaz para prevenir trag\u00e9dias.<\/span><\/p><p><span style=\"font-weight: 400;\">Uma das principais li\u00e7\u00f5es compartilhadas pelos especialistas americanos \u00e9 a desconstru\u00e7\u00e3o da ideia de que existe um perfil fixo para um agressor escolar. Segundo as pesquisas apresentadas por Emma Virden, do NTAC, o foco das autoridades deve sair das caracter\u00edsticas f\u00edsicas ou diagn\u00f3sticos para se voltar inteiramente \u00e0s mudan\u00e7as de conduta e comunica\u00e7\u00f5es de risco. A an\u00e1lise comportamental permite identificar indiv\u00edduos que est\u00e3o em uma trajet\u00f3ria de viol\u00eancia muito antes de qualquer ato ser planejado, possibilitando uma interven\u00e7\u00e3o que salva vidas.<\/span><\/p><p><span style=\"font-weight: 400;\">Outro t\u00f3pico de grande impacto foi a necessidade de uma resposta que ultrapasse os limites da seguran\u00e7a p\u00fablica. Ashley Smolinski, supervisora de pesquisas do Servi\u00e7o Secreto, enfatizou que a preven\u00e7\u00e3o eficiente nasce da cria\u00e7\u00e3o de equipes multidisciplinares dentro das escolas, unindo policiais, educadores e profissionais de sa\u00fade mental. Esse modelo, que Santa Catarina j\u00e1 vem fortalecendo institucionalmente, visa criar um sistema de apoio que identifica o estudante em crise e interv\u00e9m de forma proativa antes que ele represente um risco real para si ou para os outros.<\/span><\/p><p><span style=\"font-weight: 400;\">Para dar solidez cient\u00edfica a essas teorias, o encontro contou com a expertise de Kevin Maass, especialista em pesquisa em ci\u00eancias sociais do NTAC. Com mestrado em Criminologia pela <\/span><i><span style=\"font-weight: 400;\">George Mason University<\/span><\/i><span style=\"font-weight: 400;\"> e experi\u00eancia no monitoramento de tend\u00eancias criminais no governo federal dos Estados Unidos, Maass trouxe estudos de caso que provam que a viol\u00eancia escolar raramente \u00e9 um ato impulsivo.<\/span><\/p><p><span style=\"font-weight: 400;\">Atrav\u00e9s de an\u00e1lises sist\u00eamicas, ele demonstrou que os agressores costumam emitir sinais claros para amigos e familiares. O debate refor\u00e7ou que ignorar &#8220;brincadeiras&#8221; ou postagens preocupantes em redes sociais pode ser um erro fatal, destacando a necessidade de fortalecer os canais de den\u00fancia e a confian\u00e7a entre a sociedade e as for\u00e7as de seguran\u00e7a.<\/span><\/p>\t\t\t\t\t\t\t\t<\/div>\n\t\t\t\t<\/div>\n\t\t\t\t\t<\/div>\n\t\t<\/div>\n\t\t\t\t\t<\/div>\n\t\t<\/section>\n\t\t\t\t<\/div>\n\t\t","protected":false},"excerpt":{"rendered":"<p>PCSC e Servi\u00e7o Secreto dos EUA apresentam estrat\u00e9gias de prote\u00e7\u00e3o escolar O primeiro dia do Encontro Nacional de Avalia\u00e7\u00e3o de Amea\u00e7as Comportamentais e Seguran\u00e7a Escolar, que aconteceu nesta segunda-feira (16\/03), sediado pela Pol\u00edcia Civil de Santa Catarina (PCSC) em Florian\u00f3polis, trouxe um debate inovador que promete transformar as pol\u00edticas de prote\u00e7\u00e3o nas institui\u00e7\u00f5es de ensino [&hellip;]<\/p>\n","protected":false},"author":13,"featured_media":37073,"comment_status":"closed","ping_status":"open","sticky":false,"template":"","format":"standard","meta":{"_monsterinsights_skip_tracking":false,"_monsterinsights_sitenote_active":false,"_monsterinsights_sitenote_note":"","_monsterinsights_sitenote_category":0,"footnotes":""},"categories":[1],"tags":[],"class_list":["post-37065","post","type-post","status-publish","format-standard","has-post-thumbnail","hentry","category-sem-categoria"],"_links":{"self":[{"href":"https:\/\/pc.sc.gov.br\/index.php?rest_route=\/wp\/v2\/posts\/37065","targetHints":{"allow":["GET"]}}],"collection":[{"href":"https:\/\/pc.sc.gov.br\/index.php?rest_route=\/wp\/v2\/posts"}],"about":[{"href":"https:\/\/pc.sc.gov.br\/index.php?rest_route=\/wp\/v2\/types\/post"}],"author":[{"embeddable":true,"href":"https:\/\/pc.sc.gov.br\/index.php?rest_route=\/wp\/v2\/users\/13"}],"replies":[{"embeddable":true,"href":"https:\/\/pc.sc.gov.br\/index.php?rest_route=%2Fwp%2Fv2%2Fcomments&post=37065"}],"version-history":[{"count":7,"href":"https:\/\/pc.sc.gov.br\/index.php?rest_route=\/wp\/v2\/posts\/37065\/revisions"}],"predecessor-version":[{"id":37082,"href":"https:\/\/pc.sc.gov.br\/index.php?rest_route=\/wp\/v2\/posts\/37065\/revisions\/37082"}],"wp:featuredmedia":[{"embeddable":true,"href":"https:\/\/pc.sc.gov.br\/index.php?rest_route=\/wp\/v2\/media\/37073"}],"wp:attachment":[{"href":"https:\/\/pc.sc.gov.br\/index.php?rest_route=%2Fwp%2Fv2%2Fmedia&parent=37065"}],"wp:term":[{"taxonomy":"category","embeddable":true,"href":"https:\/\/pc.sc.gov.br\/index.php?rest_route=%2Fwp%2Fv2%2Fcategories&post=37065"},{"taxonomy":"post_tag","embeddable":true,"href":"https:\/\/pc.sc.gov.br\/index.php?rest_route=%2Fwp%2Fv2%2Ftags&post=37065"}],"curies":[{"name":"wp","href":"https:\/\/api.w.org\/{rel}","templated":true}]}}