{"id":37077,"date":"2026-03-17T16:53:09","date_gmt":"2026-03-17T19:53:09","guid":{"rendered":"https:\/\/pc.sc.gov.br\/?p=37077"},"modified":"2026-03-17T16:57:41","modified_gmt":"2026-03-17T19:57:41","slug":"pcsc-e-servico-secreto-dos-eua-encerram-encontro-nacional-sobre-seguranca-escolar","status":"publish","type":"post","link":"https:\/\/pc.sc.gov.br\/?p=37077","title":{"rendered":"PCSC e Servi\u00e7o Secreto dos EUA encerram Encontro Nacional sobre Seguran\u00e7a Escolar"},"content":{"rendered":"\t\t<div data-elementor-type=\"wp-post\" data-elementor-id=\"37077\" class=\"elementor elementor-37077\" data-elementor-post-type=\"post\">\n\t\t\t\t\t\t<section class=\"elementor-section elementor-top-section elementor-element elementor-element-9e2ac1a elementor-section-boxed elementor-section-height-default elementor-section-height-default\" data-id=\"9e2ac1a\" data-element_type=\"section\">\n\t\t\t\t\t\t<div class=\"elementor-container elementor-column-gap-default\">\n\t\t\t\t\t<div class=\"elementor-column elementor-col-100 elementor-top-column elementor-element elementor-element-0818185\" data-id=\"0818185\" data-element_type=\"column\">\n\t\t\t<div class=\"elementor-widget-wrap elementor-element-populated\">\n\t\t\t\t\t\t<div class=\"elementor-element elementor-element-6160e34 elementor-widget elementor-widget-heading\" data-id=\"6160e34\" data-element_type=\"widget\" data-widget_type=\"heading.default\">\n\t\t\t\t<div class=\"elementor-widget-container\">\n\t\t\t\t\t<h2 class=\"elementor-heading-title elementor-size-default\">PCSC e Servi\u00e7o Secreto dos EUA encerram Encontro Nacional sobre Seguran\u00e7a Escolar\n<\/h2>\t\t\t\t<\/div>\n\t\t\t\t<\/div>\n\t\t\t\t\t<\/div>\n\t\t<\/div>\n\t\t\t\t\t<\/div>\n\t\t<\/section>\n\t\t\t\t<section class=\"elementor-section elementor-top-section elementor-element elementor-element-f1d770e elementor-section-boxed elementor-section-height-default elementor-section-height-default\" data-id=\"f1d770e\" data-element_type=\"section\">\n\t\t\t\t\t\t<div class=\"elementor-container elementor-column-gap-default\">\n\t\t\t\t\t<div class=\"elementor-column elementor-col-100 elementor-top-column elementor-element elementor-element-2e60178\" data-id=\"2e60178\" data-element_type=\"column\">\n\t\t\t<div class=\"elementor-widget-wrap elementor-element-populated\">\n\t\t\t\t\t\t<div class=\"elementor-element elementor-element-7b194a1 elementor-widget elementor-widget-post-info\" data-id=\"7b194a1\" data-element_type=\"widget\" data-widget_type=\"post-info.default\">\n\t\t\t\t<div class=\"elementor-widget-container\">\n\t\t\t\t\t\t\t<ul class=\"elementor-inline-items elementor-icon-list-items elementor-post-info\">\n\t\t\t\t\t\t\t\t<li class=\"elementor-icon-list-item elementor-repeater-item-e55ac7d elementor-inline-item\" itemprop=\"author\">\n\t\t\t\t\t\t<a href=\"https:\/\/pc.sc.gov.br\/?author=13\">\n\t\t\t\t\t\t\t\t\t\t\t<span class=\"elementor-icon-list-icon\">\n\t\t\t\t\t\t\t\t<i aria-hidden=\"true\" class=\"far fa-user-circle\"><\/i>\t\t\t\t\t\t\t<\/span>\n\t\t\t\t\t\t\t\t\t<span class=\"elementor-icon-list-text elementor-post-info__item elementor-post-info__item--type-author\">\n\t\t\t\t\t\t\t\t\t\tNicholly De March\t\t\t\t\t<\/span>\n\t\t\t\t\t\t\t\t\t<\/a>\n\t\t\t\t<\/li>\n\t\t\t\t<li class=\"elementor-icon-list-item elementor-repeater-item-265f7a8 elementor-inline-item\" itemprop=\"datePublished\">\n\t\t\t\t\t\t<a href=\"https:\/\/pc.sc.gov.br\/?m=20260317\">\n\t\t\t\t\t\t\t\t\t\t\t<span class=\"elementor-icon-list-icon\">\n\t\t\t\t\t\t\t\t<i aria-hidden=\"true\" class=\"fas fa-calendar\"><\/i>\t\t\t\t\t\t\t<\/span>\n\t\t\t\t\t\t\t\t\t<span class=\"elementor-icon-list-text elementor-post-info__item elementor-post-info__item--type-date\">\n\t\t\t\t\t\t\t\t\t\t<time>mar\u00e7o 17, 2026<\/time>\t\t\t\t\t<\/span>\n\t\t\t\t\t\t\t\t\t<\/a>\n\t\t\t\t<\/li>\n\t\t\t\t<li class=\"elementor-icon-list-item elementor-repeater-item-a22b9ed elementor-inline-item\">\n\t\t\t\t\t\t\t\t\t\t<span class=\"elementor-icon-list-icon\">\n\t\t\t\t\t\t\t\t<i aria-hidden=\"true\" class=\"far fa-clock\"><\/i>\t\t\t\t\t\t\t<\/span>\n\t\t\t\t\t\t\t\t\t<span class=\"elementor-icon-list-text elementor-post-info__item elementor-post-info__item--type-time\">\n\t\t\t\t\t\t\t\t\t\t<time>4:53 pm<\/time>\t\t\t\t\t<\/span>\n\t\t\t\t\t\t\t\t<\/li>\n\t\t\t\t<\/ul>\n\t\t\t\t\t\t<\/div>\n\t\t\t\t<\/div>\n\t\t\t\t\t<\/div>\n\t\t<\/div>\n\t\t\t\t\t<\/div>\n\t\t<\/section>\n\t\t\t\t<section class=\"elementor-section elementor-top-section elementor-element elementor-element-2b00f17 elementor-section-boxed elementor-section-height-default elementor-section-height-default\" data-id=\"2b00f17\" data-element_type=\"section\">\n\t\t\t\t\t\t<div class=\"elementor-container elementor-column-gap-default\">\n\t\t\t\t\t<div class=\"elementor-column elementor-col-100 elementor-top-column elementor-element elementor-element-a261db1\" data-id=\"a261db1\" data-element_type=\"column\">\n\t\t\t<div class=\"elementor-widget-wrap elementor-element-populated\">\n\t\t\t\t\t\t<div class=\"elementor-element elementor-element-b28002f elementor-widget elementor-widget-image\" data-id=\"b28002f\" data-element_type=\"widget\" data-widget_type=\"image.default\">\n\t\t\t\t<div class=\"elementor-widget-container\">\n\t\t\t\t\t\t\t\t\t\t\t\t\t\t\t<img fetchpriority=\"high\" decoding=\"async\" width=\"696\" height=\"449\" src=\"https:\/\/pc.sc.gov.br\/\/wp-content\/uploads\/2026\/03\/WhatsApp-Image-2026-03-17-at-14.24.33-e1773777285732-1024x661.jpeg\" class=\"attachment-large size-large wp-image-37078\" alt=\"\" srcset=\"https:\/\/pc.sc.gov.br\/\/wp-content\/uploads\/2026\/03\/WhatsApp-Image-2026-03-17-at-14.24.33-e1773777285732-1024x661.jpeg 1024w, https:\/\/pc.sc.gov.br\/\/wp-content\/uploads\/2026\/03\/WhatsApp-Image-2026-03-17-at-14.24.33-e1773777285732-300x194.jpeg 300w, https:\/\/pc.sc.gov.br\/\/wp-content\/uploads\/2026\/03\/WhatsApp-Image-2026-03-17-at-14.24.33-e1773777285732-768x496.jpeg 768w, https:\/\/pc.sc.gov.br\/\/wp-content\/uploads\/2026\/03\/WhatsApp-Image-2026-03-17-at-14.24.33-e1773777285732.jpeg 1260w\" sizes=\"(max-width: 696px) 100vw, 696px\" \/>\t\t\t\t\t\t\t\t\t\t\t\t\t\t\t<\/div>\n\t\t\t\t<\/div>\n\t\t\t\t\t<\/div>\n\t\t<\/div>\n\t\t\t\t\t<\/div>\n\t\t<\/section>\n\t\t\t\t<section class=\"elementor-section elementor-top-section elementor-element elementor-element-ceca75d elementor-section-boxed elementor-section-height-default elementor-section-height-default\" data-id=\"ceca75d\" data-element_type=\"section\">\n\t\t\t\t\t\t<div class=\"elementor-container elementor-column-gap-default\">\n\t\t\t\t\t<div class=\"elementor-column elementor-col-100 elementor-top-column elementor-element elementor-element-f537933\" data-id=\"f537933\" data-element_type=\"column\">\n\t\t\t<div class=\"elementor-widget-wrap elementor-element-populated\">\n\t\t\t\t\t\t<div class=\"elementor-element elementor-element-db2f872 elementor-widget elementor-widget-text-editor\" data-id=\"db2f872\" data-element_type=\"widget\" data-widget_type=\"text-editor.default\">\n\t\t\t\t<div class=\"elementor-widget-container\">\n\t\t\t\t\t\t\t\t\t<p><span style=\"font-weight: 400;\">O segundo dia do Encontro Nacional Escola Segura, marcou a transi\u00e7\u00e3o do conhecimento te\u00f3rico para a aplica\u00e7\u00e3o pr\u00e1tica das estrat\u00e9gias de prote\u00e7\u00e3o. A agenda desta ter\u00e7a-feira (17) aprofundou a an\u00e1lise de trajet\u00f3rias de comportamentos preocupantes, unindo a experi\u00eancia internacional do Servi\u00e7o Secreto dos Estados Unidos \u00e0 expertise t\u00e9cnica da Pol\u00edcia Civil de Santa Catarina (PCSC) no uso de tecnologia e psicologia para a salvaguarda das institui\u00e7\u00f5es de ensino.<\/span><\/p><p><span style=\"font-weight: 400;\">Um dos momentos de maior relev\u00e2ncia na programa\u00e7\u00e3o foi a apresenta\u00e7\u00e3o conduzida pela Diretoria de Intelig\u00eancia da PCSC. O agente de pol\u00edcia Bruno Vieira e o psic\u00f3logo policial Kleber Santos detalharam a atua\u00e7\u00e3o do Cyberlab, unidade que trabalha no monitoramento constante do ambiente digital. Atrav\u00e9s da exposi\u00e7\u00e3o de estudos de casos reais ocorridos em Santa Catarina, os especialistas demonstraram como a integra\u00e7\u00e3o entre a coleta de dados em fontes abertas e a an\u00e1lise das caracter\u00edsticas psicol\u00f3gicas de suspeitos permite identificar amea\u00e7as muito antes de qualquer plano ser executado.<\/span><\/p><p><span style=\"font-weight: 400;\">Essa abordagem catarinense destaca-se por n\u00e3o apenas rastrear dados, mas interpretar sinais que indicam o risco real de viol\u00eancia. A uni\u00e3o entre a investiga\u00e7\u00e3o t\u00e9cnica e a compreens\u00e3o do comportamento humano subsidia decis\u00f5es r\u00e1pidas e precisas, servindo como um modelo de efici\u00eancia na antecipa\u00e7\u00e3o de crises.<\/span><\/p><p><span style=\"font-weight: 400;\">Dando continuidade \u00e0 colabora\u00e7\u00e3o t\u00e9cnica, especialistas do <\/span><i><span style=\"font-weight: 400;\">National Threat Assessment Center<\/span><\/i><span style=\"font-weight: 400;\"> (NTAC) conduziram an\u00e1lises de trajet\u00f3rias de risco, desde o ensino b\u00e1sico at\u00e9 a vida adulta. Um estudo de caso focado em ataques motivados por ideologias extremistas ilustrou como os sinais de alerta, muitas vezes manifestados por anos em c\u00edrculos sociais e comunidades escolares, podem ser detectados precocemente por meio de uma observa\u00e7\u00e3o atenta.<\/span><\/p><p><span style=\"font-weight: 400;\">O per\u00edodo da tarde foi dedicado ao fortalecimento dos canais de den\u00fancia, com foco no chamado &#8220;bystander reporting&#8221;, o relato feito por testemunhas. A equipe do Servi\u00e7o Secreto americano refor\u00e7ou que indiv\u00edduos que planejam atos de viol\u00eancia frequentemente comunicam suas inten\u00e7\u00f5es a colegas ou familiares. Por isso, a cria\u00e7\u00e3o de mecanismos de den\u00fancia confi\u00e1veis e o incentivo para que a comunidade saiba identificar e reportar tais sinais s\u00e3o pilares fundamentais para interromper o ciclo da viol\u00eancia.<\/span><\/p><p><span style=\"font-weight: 400;\">O sucesso da programa\u00e7\u00e3o em Florian\u00f3polis reflete o empenho da Secretaria Nacional de Seguran\u00e7a P\u00fablica (SENASP) e de todos os organizadores em proporcionar um espa\u00e7o de alto n\u00edvel t\u00e9cnico.<\/span><\/p><p><span style=\"font-weight: 400;\">A uni\u00e3o de esfor\u00e7os entre as diversas for\u00e7as de seguran\u00e7a presentes garantiram que o encontro cumprisse seu objetivo principal: equipar quem est\u00e1 na ponta com as melhores ferramentas de intelig\u00eancia para proteger o ambiente escolar. Com as atividades conclu\u00eddas no Teatro Pedro Ivo, o foco agora volta-se para a aplica\u00e7\u00e3o pr\u00e1tica desses protocolos em todo o pa\u00eds.<\/span><\/p>\t\t\t\t\t\t\t\t<\/div>\n\t\t\t\t<\/div>\n\t\t\t\t\t<\/div>\n\t\t<\/div>\n\t\t\t\t\t<\/div>\n\t\t<\/section>\n\t\t\t\t<\/div>\n\t\t","protected":false},"excerpt":{"rendered":"<p>PCSC e Servi\u00e7o Secreto dos EUA encerram Encontro Nacional sobre Seguran\u00e7a Escolar O segundo dia do Encontro Nacional Escola Segura, marcou a transi\u00e7\u00e3o do conhecimento te\u00f3rico para a aplica\u00e7\u00e3o pr\u00e1tica das estrat\u00e9gias de prote\u00e7\u00e3o. A agenda desta ter\u00e7a-feira (17) aprofundou a an\u00e1lise de trajet\u00f3rias de comportamentos preocupantes, unindo a experi\u00eancia internacional do Servi\u00e7o Secreto dos [&hellip;]<\/p>\n","protected":false},"author":13,"featured_media":37078,"comment_status":"closed","ping_status":"open","sticky":false,"template":"","format":"standard","meta":{"_monsterinsights_skip_tracking":false,"_monsterinsights_sitenote_active":false,"_monsterinsights_sitenote_note":"","_monsterinsights_sitenote_category":0,"footnotes":""},"categories":[1],"tags":[],"class_list":["post-37077","post","type-post","status-publish","format-standard","has-post-thumbnail","hentry","category-sem-categoria"],"_links":{"self":[{"href":"https:\/\/pc.sc.gov.br\/index.php?rest_route=\/wp\/v2\/posts\/37077","targetHints":{"allow":["GET"]}}],"collection":[{"href":"https:\/\/pc.sc.gov.br\/index.php?rest_route=\/wp\/v2\/posts"}],"about":[{"href":"https:\/\/pc.sc.gov.br\/index.php?rest_route=\/wp\/v2\/types\/post"}],"author":[{"embeddable":true,"href":"https:\/\/pc.sc.gov.br\/index.php?rest_route=\/wp\/v2\/users\/13"}],"replies":[{"embeddable":true,"href":"https:\/\/pc.sc.gov.br\/index.php?rest_route=%2Fwp%2Fv2%2Fcomments&post=37077"}],"version-history":[{"count":3,"href":"https:\/\/pc.sc.gov.br\/index.php?rest_route=\/wp\/v2\/posts\/37077\/revisions"}],"predecessor-version":[{"id":37081,"href":"https:\/\/pc.sc.gov.br\/index.php?rest_route=\/wp\/v2\/posts\/37077\/revisions\/37081"}],"wp:featuredmedia":[{"embeddable":true,"href":"https:\/\/pc.sc.gov.br\/index.php?rest_route=\/wp\/v2\/media\/37078"}],"wp:attachment":[{"href":"https:\/\/pc.sc.gov.br\/index.php?rest_route=%2Fwp%2Fv2%2Fmedia&parent=37077"}],"wp:term":[{"taxonomy":"category","embeddable":true,"href":"https:\/\/pc.sc.gov.br\/index.php?rest_route=%2Fwp%2Fv2%2Fcategories&post=37077"},{"taxonomy":"post_tag","embeddable":true,"href":"https:\/\/pc.sc.gov.br\/index.php?rest_route=%2Fwp%2Fv2%2Ftags&post=37077"}],"curies":[{"name":"wp","href":"https:\/\/api.w.org\/{rel}","templated":true}]}}