{"id":38508,"date":"2026-04-27T17:31:56","date_gmt":"2026-04-27T20:31:56","guid":{"rendered":"https:\/\/pc.sc.gov.br\/?p=38508"},"modified":"2026-04-27T17:38:12","modified_gmt":"2026-04-27T20:38:12","slug":"policia-civil-entrega-dez-novas-viaturas-e-moderniza-frota-policial","status":"publish","type":"post","link":"https:\/\/pc.sc.gov.br\/?p=38508","title":{"rendered":"Pol\u00edcia Civil entrega dez novas viaturas e moderniza frota policial"},"content":{"rendered":"\t\t<div data-elementor-type=\"wp-post\" data-elementor-id=\"38508\" class=\"elementor elementor-38508\" data-elementor-post-type=\"post\">\n\t\t\t\t\t\t<section class=\"elementor-section elementor-top-section elementor-element elementor-element-ebdd31e elementor-section-boxed elementor-section-height-default elementor-section-height-default\" data-id=\"ebdd31e\" data-element_type=\"section\">\n\t\t\t\t\t\t<div class=\"elementor-container elementor-column-gap-default\">\n\t\t\t\t\t<div class=\"elementor-column elementor-col-100 elementor-top-column elementor-element elementor-element-0585042\" data-id=\"0585042\" data-element_type=\"column\">\n\t\t\t<div class=\"elementor-widget-wrap elementor-element-populated\">\n\t\t\t\t\t\t<div class=\"elementor-element elementor-element-71de2e7 elementor-widget elementor-widget-heading\" data-id=\"71de2e7\" data-element_type=\"widget\" data-widget_type=\"heading.default\">\n\t\t\t\t<div class=\"elementor-widget-container\">\n\t\t\t\t\t<h2 class=\"elementor-heading-title elementor-size-default\">Pol\u00edcia Civil entrega dez novas viaturas e moderniza frota policial <\/h2>\t\t\t\t<\/div>\n\t\t\t\t<\/div>\n\t\t\t\t<div class=\"elementor-element elementor-element-6f869b6 elementor-widget elementor-widget-image\" data-id=\"6f869b6\" data-element_type=\"widget\" data-widget_type=\"image.default\">\n\t\t\t\t<div class=\"elementor-widget-container\">\n\t\t\t\t\t\t\t\t\t\t\t\t\t\t\t<img fetchpriority=\"high\" decoding=\"async\" width=\"696\" height=\"464\" src=\"https:\/\/pc.sc.gov.br\/\/wp-content\/uploads\/2026\/04\/55234820938_10bb9ce56d_c.jpg\" class=\"attachment-large size-large wp-image-38510\" alt=\"\" srcset=\"https:\/\/pc.sc.gov.br\/\/wp-content\/uploads\/2026\/04\/55234820938_10bb9ce56d_c.jpg 799w, https:\/\/pc.sc.gov.br\/\/wp-content\/uploads\/2026\/04\/55234820938_10bb9ce56d_c-300x200.jpg 300w, https:\/\/pc.sc.gov.br\/\/wp-content\/uploads\/2026\/04\/55234820938_10bb9ce56d_c-768x512.jpg 768w\" sizes=\"(max-width: 696px) 100vw, 696px\" \/>\t\t\t\t\t\t\t\t\t\t\t\t\t\t\t<\/div>\n\t\t\t\t<\/div>\n\t\t\t\t\t<\/div>\n\t\t<\/div>\n\t\t\t\t\t<\/div>\n\t\t<\/section>\n\t\t\t\t<section class=\"elementor-section elementor-top-section elementor-element elementor-element-43646b2 elementor-section-boxed elementor-section-height-default elementor-section-height-default\" data-id=\"43646b2\" data-element_type=\"section\">\n\t\t\t\t\t\t<div class=\"elementor-container elementor-column-gap-default\">\n\t\t\t\t\t<div class=\"elementor-column elementor-col-100 elementor-top-column elementor-element elementor-element-14c517e\" data-id=\"14c517e\" data-element_type=\"column\">\n\t\t\t<div class=\"elementor-widget-wrap elementor-element-populated\">\n\t\t\t\t\t\t<div class=\"elementor-element elementor-element-146bdbd elementor-widget elementor-widget-post-info\" data-id=\"146bdbd\" data-element_type=\"widget\" data-widget_type=\"post-info.default\">\n\t\t\t\t<div class=\"elementor-widget-container\">\n\t\t\t\t\t\t\t<ul class=\"elementor-inline-items elementor-icon-list-items elementor-post-info\">\n\t\t\t\t\t\t\t\t<li class=\"elementor-icon-list-item elementor-repeater-item-17e4203 elementor-inline-item\" itemprop=\"author\">\n\t\t\t\t\t\t<a href=\"https:\/\/pc.sc.gov.br\/?author=5\">\n\t\t\t\t\t\t\t\t\t\t\t<span class=\"elementor-icon-list-icon\">\n\t\t\t\t\t\t\t\t<i aria-hidden=\"true\" class=\"far fa-user-circle\"><\/i>\t\t\t\t\t\t\t<\/span>\n\t\t\t\t\t\t\t\t\t<span class=\"elementor-icon-list-text elementor-post-info__item elementor-post-info__item--type-author\">\n\t\t\t\t\t\t\t\t\t\tStefany de Souza Alves\t\t\t\t\t<\/span>\n\t\t\t\t\t\t\t\t\t<\/a>\n\t\t\t\t<\/li>\n\t\t\t\t<li class=\"elementor-icon-list-item elementor-repeater-item-fbc911f elementor-inline-item\" itemprop=\"datePublished\">\n\t\t\t\t\t\t<a href=\"https:\/\/pc.sc.gov.br\/?m=20260427\">\n\t\t\t\t\t\t\t\t\t\t\t<span class=\"elementor-icon-list-icon\">\n\t\t\t\t\t\t\t\t<i aria-hidden=\"true\" class=\"fas fa-calendar\"><\/i>\t\t\t\t\t\t\t<\/span>\n\t\t\t\t\t\t\t\t\t<span class=\"elementor-icon-list-text elementor-post-info__item elementor-post-info__item--type-date\">\n\t\t\t\t\t\t\t\t\t\t<time>abril 27, 2026<\/time>\t\t\t\t\t<\/span>\n\t\t\t\t\t\t\t\t\t<\/a>\n\t\t\t\t<\/li>\n\t\t\t\t<li class=\"elementor-icon-list-item elementor-repeater-item-aad25e5 elementor-inline-item\">\n\t\t\t\t\t\t\t\t\t\t<span class=\"elementor-icon-list-icon\">\n\t\t\t\t\t\t\t\t<i aria-hidden=\"true\" class=\"far fa-clock\"><\/i>\t\t\t\t\t\t\t<\/span>\n\t\t\t\t\t\t\t\t\t<span class=\"elementor-icon-list-text elementor-post-info__item elementor-post-info__item--type-time\">\n\t\t\t\t\t\t\t\t\t\t<time>5:31 pm<\/time>\t\t\t\t\t<\/span>\n\t\t\t\t\t\t\t\t<\/li>\n\t\t\t\t<\/ul>\n\t\t\t\t\t\t<\/div>\n\t\t\t\t<\/div>\n\t\t\t\t\t<\/div>\n\t\t<\/div>\n\t\t\t\t\t<\/div>\n\t\t<\/section>\n\t\t\t\t<section class=\"elementor-section elementor-top-section elementor-element elementor-element-3f41a78 elementor-section-boxed elementor-section-height-default elementor-section-height-default\" data-id=\"3f41a78\" data-element_type=\"section\">\n\t\t\t\t\t\t<div class=\"elementor-container elementor-column-gap-default\">\n\t\t\t\t\t<div class=\"elementor-column elementor-col-100 elementor-top-column elementor-element elementor-element-76f660d\" data-id=\"76f660d\" data-element_type=\"column\">\n\t\t\t<div class=\"elementor-widget-wrap elementor-element-populated\">\n\t\t\t\t\t\t<div class=\"elementor-element elementor-element-09e0622 elementor-widget elementor-widget-text-editor\" data-id=\"09e0622\" data-element_type=\"widget\" data-widget_type=\"text-editor.default\">\n\t\t\t\t<div class=\"elementor-widget-container\">\n\t\t\t\t\t\t\t\t\t<p><span style=\"font-weight: 400;\">A Pol\u00edcia Civil de Santa Catarina realizou, na tarde desta segunda-feira (27\/04), a solenidade de entrega de dez novas viaturas destinadas a unidades policiais em diferentes regi\u00f5es do Estado. O evento ocorreu no audit\u00f3rio da Secretaria de Estado da Seguran\u00e7a P\u00fablica (SSP\/SC) e contou com a presen\u00e7a de diversas autoridades, dentre elas, destaca-se a Vice-Governadora de Santa Catarina, Marilisa Boehm.<br><\/span><span style=\"letter-spacing: -0.2px;\"><br>O investimento total em viaturas foi de R$ 1.718.058,36, viabilizado por meio de emendas estaduais e federais, al\u00e9m de conv\u00eanios institucionais. Os ve\u00edculos entregues incluem viaturas descaracterizadas, SUVs com compartimento para detidos e caminhonetes 4&#215;4, ampliando a capacidade operacional da institui\u00e7\u00e3o em atividades investigativas e de apoio \u00e0s delegacias.<br><\/span><span style=\"letter-spacing: -0.2px;\"><br>Durante a cerim\u00f4nia, o Delegado-Geral da PCSC, Marcelo Sampaio Nogueira, destacou que a entrega vai al\u00e9m da renova\u00e7\u00e3o da frota. \u201cOlhar para estas viaturas \u00e9 enxergar a presen\u00e7a do Estado onde o cidad\u00e3o mais precisa. \u00c9 sentir que a Pol\u00edcia Civil est\u00e1 mais forte, mais r\u00e1pida e equipada para proteger quem protege\u201d, afirmou.<br><\/span><span style=\"letter-spacing: -0.2px;\"><br>O Delegado-Geral tamb\u00e9m ressaltou que os novos ve\u00edculos integram um plano cont\u00ednuo de investimentos na institui\u00e7\u00e3o. Desde 2023, j\u00e1 foram incorporadas 607 viaturas \u00e0 frota, somando mais de R$ 76 milh\u00f5es em investimentos, com recursos pr\u00f3prios e parcerias institucionais.<br><\/span><span style=\"letter-spacing: -0.2px;\"><br>A Vice-Governadora de Santa Catarina, Marilisa Boehm, enfatizou a import\u00e2ncia da estrutura adequada para o trabalho policial. \u201cEssa \u00e9 uma entrega muito importante, que ser\u00e1 de grande uso para a Pol\u00edcia Civil. Eu, como Delegada de Pol\u00edcia que j\u00e1 fui, sei da import\u00e2ncia da seguran\u00e7a dos nossos policiais para conseguirmos atender de imediato a sociedade. Eu sei o quanto \u00e9 necess\u00e1rio termos bons equipamentos para dar uma boa seguran\u00e7a. N\u00e3o \u00e9 \u00e0 toa que Santa Catarina hoje \u00e9 o estado mais seguro do Brasil. Nosso Governo investe muito em Seguran\u00e7a e o nosso Governador tem como meta cuidar das pessoas. E cuidar das pessoas \u00e9 tamb\u00e9m cuidar dos nossos policiais, para que eles possam ainda cuidar melhor dos catarinenses\u201d, destacou.<br><\/span><span style=\"letter-spacing: -0.2px;\"><br>As viaturas foram destinadas a unidades como as Delegacias de Pol\u00edcia das comarcas de Porto Belo, Navegantes, Ibirama, Timb\u00f3 e Ant\u00f4nio Carlos, al\u00e9m de delegacias regionais e divis\u00f5es de investiga\u00e7\u00e3o criminal em cidades como Joinville, Tubar\u00e3o, Blumenau e Brusque.<br><\/span><span style=\"letter-spacing: -0.2px;\"><br>Os novos ve\u00edculos incluem modelos como Citro\u00ebn C3, Toyota Yaris, Nissan Kicks e Mitsubishi L200 Triton, com diferentes configura\u00e7\u00f5es voltadas \u00e0s demandas operacionais da Pol\u00edcia Civil, desde atividades de intelig\u00eancia at\u00e9 a\u00e7\u00f5es ostensivas com transporte de custodiados.<br><\/span><span style=\"letter-spacing: -0.2px;\"><br>A moderniza\u00e7\u00e3o da frota tem como objetivo ampliar a efici\u00eancia dos servi\u00e7os prestados \u00e0 popula\u00e7\u00e3o, garantindo mais seguran\u00e7a, agilidade e melhores condi\u00e7\u00f5es de trabalho aos policiais civis.&nbsp;<\/span><\/p>\t\t\t\t\t\t\t\t<\/div>\n\t\t\t\t<\/div>\n\t\t\t\t\t<\/div>\n\t\t<\/div>\n\t\t\t\t\t<\/div>\n\t\t<\/section>\n\t\t\t\t<section class=\"elementor-section elementor-top-section elementor-element elementor-element-b956423 elementor-section-boxed elementor-section-height-default elementor-section-height-default\" data-id=\"b956423\" data-element_type=\"section\">\n\t\t\t\t\t\t<div class=\"elementor-container elementor-column-gap-default\">\n\t\t\t\t\t<div class=\"elementor-column elementor-col-100 elementor-top-column elementor-element elementor-element-4f87b0b\" data-id=\"4f87b0b\" data-element_type=\"column\">\n\t\t\t<div class=\"elementor-widget-wrap elementor-element-populated\">\n\t\t\t\t\t\t<div class=\"elementor-element elementor-element-e47be6e elementor-widget elementor-widget-image\" data-id=\"e47be6e\" data-element_type=\"widget\" data-widget_type=\"image.default\">\n\t\t\t\t<div class=\"elementor-widget-container\">\n\t\t\t\t\t\t\t\t\t\t\t\t\t\t\t<img decoding=\"async\" width=\"696\" height=\"464\" src=\"https:\/\/pc.sc.gov.br\/\/wp-content\/uploads\/2026\/04\/55234820808_af592798ed_c.jpg\" class=\"attachment-large size-large wp-image-38509\" alt=\"\" srcset=\"https:\/\/pc.sc.gov.br\/\/wp-content\/uploads\/2026\/04\/55234820808_af592798ed_c.jpg 799w, https:\/\/pc.sc.gov.br\/\/wp-content\/uploads\/2026\/04\/55234820808_af592798ed_c-300x200.jpg 300w, https:\/\/pc.sc.gov.br\/\/wp-content\/uploads\/2026\/04\/55234820808_af592798ed_c-768x512.jpg 768w\" sizes=\"(max-width: 696px) 100vw, 696px\" \/>\t\t\t\t\t\t\t\t\t\t\t\t\t\t\t<\/div>\n\t\t\t\t<\/div>\n\t\t\t\t\t<\/div>\n\t\t<\/div>\n\t\t\t\t\t<\/div>\n\t\t<\/section>\n\t\t\t\t<\/div>\n\t\t","protected":false},"excerpt":{"rendered":"<p>A Pol\u00edcia Civil de Santa Catarina realizou, na tarde desta segunda-feira (27\/04), a solenidade de entrega de dez novas viaturas destinadas a unidades policiais em diferentes regi\u00f5es do Estado.<\/p>\n","protected":false},"author":5,"featured_media":38510,"comment_status":"closed","ping_status":"open","sticky":false,"template":"","format":"standard","meta":{"_monsterinsights_skip_tracking":false,"_monsterinsights_sitenote_active":false,"_monsterinsights_sitenote_note":"","_monsterinsights_sitenote_category":0,"footnotes":""},"categories":[1],"tags":[190,187,189,186,188],"class_list":["post-38508","post","type-post","status-publish","format-standard","has-post-thumbnail","hentry","category-sem-categoria","tag-evento","tag-frota","tag-ssp","tag-viaturas","tag-vice-governadora"],"_links":{"self":[{"href":"https:\/\/pc.sc.gov.br\/index.php?rest_route=\/wp\/v2\/posts\/38508","targetHints":{"allow":["GET"]}}],"collection":[{"href":"https:\/\/pc.sc.gov.br\/index.php?rest_route=\/wp\/v2\/posts"}],"about":[{"href":"https:\/\/pc.sc.gov.br\/index.php?rest_route=\/wp\/v2\/types\/post"}],"author":[{"embeddable":true,"href":"https:\/\/pc.sc.gov.br\/index.php?rest_route=\/wp\/v2\/users\/5"}],"replies":[{"embeddable":true,"href":"https:\/\/pc.sc.gov.br\/index.php?rest_route=%2Fwp%2Fv2%2Fcomments&post=38508"}],"version-history":[{"count":4,"href":"https:\/\/pc.sc.gov.br\/index.php?rest_route=\/wp\/v2\/posts\/38508\/revisions"}],"predecessor-version":[{"id":38515,"href":"https:\/\/pc.sc.gov.br\/index.php?rest_route=\/wp\/v2\/posts\/38508\/revisions\/38515"}],"wp:featuredmedia":[{"embeddable":true,"href":"https:\/\/pc.sc.gov.br\/index.php?rest_route=\/wp\/v2\/media\/38510"}],"wp:attachment":[{"href":"https:\/\/pc.sc.gov.br\/index.php?rest_route=%2Fwp%2Fv2%2Fmedia&parent=38508"}],"wp:term":[{"taxonomy":"category","embeddable":true,"href":"https:\/\/pc.sc.gov.br\/index.php?rest_route=%2Fwp%2Fv2%2Fcategories&post=38508"},{"taxonomy":"post_tag","embeddable":true,"href":"https:\/\/pc.sc.gov.br\/index.php?rest_route=%2Fwp%2Fv2%2Ftags&post=38508"}],"curies":[{"name":"wp","href":"https:\/\/api.w.org\/{rel}","templated":true}]}}