{"id":38699,"date":"2026-04-29T13:34:13","date_gmt":"2026-04-29T16:34:13","guid":{"rendered":"https:\/\/pc.sc.gov.br\/?p=38699"},"modified":"2026-04-29T13:37:50","modified_gmt":"2026-04-29T16:37:50","slug":"policia-civil-realiza-ciclo-de-palestras-contra-o-bullying-em-escolas-de-dionisio-cerqueira-e-regiao","status":"publish","type":"post","link":"https:\/\/pc.sc.gov.br\/?p=38699","title":{"rendered":"Pol\u00edcia Civil realiza ciclo de palestras contra o bullying em escolas de Dion\u00edsio Cerqueira e regi\u00e3o"},"content":{"rendered":"\t\t<div data-elementor-type=\"wp-post\" data-elementor-id=\"38699\" class=\"elementor elementor-38699\" data-elementor-post-type=\"post\">\n\t\t\t\t\t\t<section class=\"elementor-section elementor-top-section elementor-element elementor-element-0c33068 elementor-section-boxed elementor-section-height-default elementor-section-height-default\" data-id=\"0c33068\" data-element_type=\"section\">\n\t\t\t\t\t\t<div class=\"elementor-container elementor-column-gap-default\">\n\t\t\t\t\t<div class=\"elementor-column elementor-col-100 elementor-top-column elementor-element elementor-element-0e35d59\" data-id=\"0e35d59\" data-element_type=\"column\">\n\t\t\t<div class=\"elementor-widget-wrap elementor-element-populated\">\n\t\t\t\t\t\t<div class=\"elementor-element elementor-element-5f57035 elementor-widget elementor-widget-heading\" data-id=\"5f57035\" data-element_type=\"widget\" data-widget_type=\"heading.default\">\n\t\t\t\t<div class=\"elementor-widget-container\">\n\t\t\t\t\t<h2 class=\"elementor-heading-title elementor-size-default\">Pol\u00edcia Civil realiza ciclo de palestras contra o bullying em escolas de Dion\u00edsio Cerqueira e regi\u00e3o<\/h2>\t\t\t\t<\/div>\n\t\t\t\t<\/div>\n\t\t\t\t\t<\/div>\n\t\t<\/div>\n\t\t\t\t\t<\/div>\n\t\t<\/section>\n\t\t\t\t<section class=\"elementor-section elementor-top-section elementor-element elementor-element-9c17ed3 elementor-section-boxed elementor-section-height-default elementor-section-height-default\" data-id=\"9c17ed3\" data-element_type=\"section\">\n\t\t\t\t\t\t<div class=\"elementor-container elementor-column-gap-default\">\n\t\t\t\t\t<div class=\"elementor-column elementor-col-100 elementor-top-column elementor-element elementor-element-46f6ebe\" data-id=\"46f6ebe\" data-element_type=\"column\">\n\t\t\t<div class=\"elementor-widget-wrap elementor-element-populated\">\n\t\t\t\t\t\t<div class=\"elementor-element elementor-element-cbc1ead elementor-widget elementor-widget-post-info\" data-id=\"cbc1ead\" data-element_type=\"widget\" data-widget_type=\"post-info.default\">\n\t\t\t\t<div class=\"elementor-widget-container\">\n\t\t\t\t\t\t\t<ul class=\"elementor-inline-items elementor-icon-list-items elementor-post-info\">\n\t\t\t\t\t\t\t\t<li class=\"elementor-icon-list-item elementor-repeater-item-6568cab elementor-inline-item\" itemprop=\"author\">\n\t\t\t\t\t\t<a href=\"https:\/\/pc.sc.gov.br\/?author=13\">\n\t\t\t\t\t\t\t\t\t\t\t<span class=\"elementor-icon-list-icon\">\n\t\t\t\t\t\t\t\t<i aria-hidden=\"true\" class=\"far fa-user-circle\"><\/i>\t\t\t\t\t\t\t<\/span>\n\t\t\t\t\t\t\t\t\t<span class=\"elementor-icon-list-text elementor-post-info__item elementor-post-info__item--type-author\">\n\t\t\t\t\t\t\t\t\t\tNicholly De March\t\t\t\t\t<\/span>\n\t\t\t\t\t\t\t\t\t<\/a>\n\t\t\t\t<\/li>\n\t\t\t\t<li class=\"elementor-icon-list-item elementor-repeater-item-990dc60 elementor-inline-item\" itemprop=\"datePublished\">\n\t\t\t\t\t\t<a href=\"https:\/\/pc.sc.gov.br\/?m=20260429\">\n\t\t\t\t\t\t\t\t\t\t\t<span class=\"elementor-icon-list-icon\">\n\t\t\t\t\t\t\t\t<i aria-hidden=\"true\" class=\"fas fa-calendar\"><\/i>\t\t\t\t\t\t\t<\/span>\n\t\t\t\t\t\t\t\t\t<span class=\"elementor-icon-list-text elementor-post-info__item elementor-post-info__item--type-date\">\n\t\t\t\t\t\t\t\t\t\t<time>abril 29, 2026<\/time>\t\t\t\t\t<\/span>\n\t\t\t\t\t\t\t\t\t<\/a>\n\t\t\t\t<\/li>\n\t\t\t\t<li class=\"elementor-icon-list-item elementor-repeater-item-2ce00bb elementor-inline-item\">\n\t\t\t\t\t\t\t\t\t\t<span class=\"elementor-icon-list-icon\">\n\t\t\t\t\t\t\t\t<i aria-hidden=\"true\" class=\"far fa-clock\"><\/i>\t\t\t\t\t\t\t<\/span>\n\t\t\t\t\t\t\t\t\t<span class=\"elementor-icon-list-text elementor-post-info__item elementor-post-info__item--type-time\">\n\t\t\t\t\t\t\t\t\t\t<time>1:34 pm<\/time>\t\t\t\t\t<\/span>\n\t\t\t\t\t\t\t\t<\/li>\n\t\t\t\t<\/ul>\n\t\t\t\t\t\t<\/div>\n\t\t\t\t<\/div>\n\t\t\t\t\t<\/div>\n\t\t<\/div>\n\t\t\t\t\t<\/div>\n\t\t<\/section>\n\t\t\t\t<section class=\"elementor-section elementor-top-section elementor-element elementor-element-701a9b8 elementor-section-boxed elementor-section-height-default elementor-section-height-default\" data-id=\"701a9b8\" data-element_type=\"section\">\n\t\t\t\t\t\t<div class=\"elementor-container elementor-column-gap-default\">\n\t\t\t\t\t<div class=\"elementor-column elementor-col-100 elementor-top-column elementor-element elementor-element-fe366c3\" data-id=\"fe366c3\" data-element_type=\"column\">\n\t\t\t<div class=\"elementor-widget-wrap elementor-element-populated\">\n\t\t\t\t\t\t<div class=\"elementor-element elementor-element-5ff6dfa elementor-widget elementor-widget-image\" data-id=\"5ff6dfa\" data-element_type=\"widget\" data-widget_type=\"image.default\">\n\t\t\t\t<div class=\"elementor-widget-container\">\n\t\t\t\t\t\t\t\t\t\t\t\t\t\t\t<img fetchpriority=\"high\" decoding=\"async\" width=\"696\" height=\"839\" src=\"https:\/\/pc.sc.gov.br\/\/wp-content\/uploads\/2026\/04\/WhatsApp-Image-2026-04-29-at-13.26.05-e1777480484369-849x1024.jpeg\" class=\"attachment-large size-large wp-image-38700\" alt=\"\" srcset=\"https:\/\/pc.sc.gov.br\/\/wp-content\/uploads\/2026\/04\/WhatsApp-Image-2026-04-29-at-13.26.05-e1777480484369-849x1024.jpeg 849w, https:\/\/pc.sc.gov.br\/\/wp-content\/uploads\/2026\/04\/WhatsApp-Image-2026-04-29-at-13.26.05-e1777480484369-249x300.jpeg 249w, https:\/\/pc.sc.gov.br\/\/wp-content\/uploads\/2026\/04\/WhatsApp-Image-2026-04-29-at-13.26.05-e1777480484369-768x926.jpeg 768w, https:\/\/pc.sc.gov.br\/\/wp-content\/uploads\/2026\/04\/WhatsApp-Image-2026-04-29-at-13.26.05-e1777480484369.jpeg 900w\" sizes=\"(max-width: 696px) 100vw, 696px\" \/>\t\t\t\t\t\t\t\t\t\t\t\t\t\t\t<\/div>\n\t\t\t\t<\/div>\n\t\t\t\t\t<\/div>\n\t\t<\/div>\n\t\t\t\t\t<\/div>\n\t\t<\/section>\n\t\t\t\t<section class=\"elementor-section elementor-top-section elementor-element elementor-element-d96fb7c elementor-section-boxed elementor-section-height-default elementor-section-height-default\" data-id=\"d96fb7c\" data-element_type=\"section\">\n\t\t\t\t\t\t<div class=\"elementor-container elementor-column-gap-default\">\n\t\t\t\t\t<div class=\"elementor-column elementor-col-100 elementor-top-column elementor-element elementor-element-e59e0d8\" data-id=\"e59e0d8\" data-element_type=\"column\">\n\t\t\t<div class=\"elementor-widget-wrap elementor-element-populated\">\n\t\t\t\t\t\t<div class=\"elementor-element elementor-element-14b4d05 elementor-widget elementor-widget-text-editor\" data-id=\"14b4d05\" data-element_type=\"widget\" data-widget_type=\"text-editor.default\">\n\t\t\t\t<div class=\"elementor-widget-container\">\n\t\t\t\t\t\t\t\t\t<p data-path-to-node=\"2\">A Pol\u00edcia Civil de Santa Catarina, por interm\u00e9dio da Delegacia de Pol\u00edcia de Fronteira de Dion\u00edsio Cerqueira, iniciou no m\u00eas de abril uma s\u00e9rie de palestras educativas voltadas \u00e0 preven\u00e7\u00e3o e ao combate ao bullying no ambiente escolar. A iniciativa teve como marco o dia 7 de abril, Dia Nacional de Combate ao Bullying e \u00e0 Viol\u00eancia na Escola, com as atividades inauguradas na Escola Castro Alves.\u00a0<\/p><p data-path-to-node=\"3\">Durante as apresenta\u00e7\u00f5es, s\u00e3o abordados os impactos severos causados por essa pr\u00e1tica, com \u00eanfase nos danos psicol\u00f3gicos, como ansiedade e depress\u00e3o, que podem comprometer o desenvolvimento de crian\u00e7as e adolescentes. O projeto destaca que, embora nem todos os casos resultem em procedimentos policiais, o enfrentamento deve ser cont\u00ednuo por meio da informa\u00e7\u00e3o e do di\u00e1logo. A orienta\u00e7\u00e3o transmitida aos alunos refor\u00e7a que as v\u00edtimas devem buscar aux\u00edlio imediato junto aos professores e \u00e0 dire\u00e7\u00e3o escolar, podendo a Pol\u00edcia Civil ser acionada caso a situa\u00e7\u00e3o persista ou apresente contornos criminais.<\/p><p data-path-to-node=\"4\">Em um esfor\u00e7o de integra\u00e7\u00e3o regional, a a\u00e7\u00e3o foi estendida ao munic\u00edpio vizinho de Barrac\u00e3o, no Paran\u00e1. Em continuidade ao cronograma, foram realizadas palestras em escolas municipais paranaenses em conjunto com a Pol\u00edcia Civil do Estado do Paran\u00e1, representada pelo Delegado Marcos Antonio Nogueira Pereira J\u00fanior. A iniciativa reafirma o car\u00e1ter preventivo da institui\u00e7\u00e3o e a import\u00e2ncia da coopera\u00e7\u00e3o entre for\u00e7as de seguran\u00e7a, escolas e sociedade para a promo\u00e7\u00e3o de um ambiente escolar seguro.<\/p>\t\t\t\t\t\t\t\t<\/div>\n\t\t\t\t<\/div>\n\t\t\t\t\t<\/div>\n\t\t<\/div>\n\t\t\t\t\t<\/div>\n\t\t<\/section>\n\t\t\t\t<\/div>\n\t\t","protected":false},"excerpt":{"rendered":"<p>PCSC realiza ciclo de palestras contra o bullying em escolas de Dion\u00edsio Cerqueira e regi\u00e3o. A\u00e7\u00e3o educativa foca na preven\u00e7\u00e3o e no bem-estar dos estudantes.<\/p>\n","protected":false},"author":13,"featured_media":38700,"comment_status":"closed","ping_status":"open","sticky":false,"template":"","format":"standard","meta":{"_monsterinsights_skip_tracking":false,"_monsterinsights_sitenote_active":false,"_monsterinsights_sitenote_note":"","_monsterinsights_sitenote_category":0,"footnotes":""},"categories":[1],"tags":[211,208,207,209,212,120,27,210],"class_list":["post-38699","post","type-post","status-publish","format-standard","has-post-thumbnail","hentry","category-sem-categoria","tag-barracao","tag-combate-ao-bullying","tag-dionisio-cerqueira","tag-palestra-educativa","tag-pcpr","tag-pcsc","tag-policia-civil","tag-seguranca-escolar"],"_links":{"self":[{"href":"https:\/\/pc.sc.gov.br\/index.php?rest_route=\/wp\/v2\/posts\/38699","targetHints":{"allow":["GET"]}}],"collection":[{"href":"https:\/\/pc.sc.gov.br\/index.php?rest_route=\/wp\/v2\/posts"}],"about":[{"href":"https:\/\/pc.sc.gov.br\/index.php?rest_route=\/wp\/v2\/types\/post"}],"author":[{"embeddable":true,"href":"https:\/\/pc.sc.gov.br\/index.php?rest_route=\/wp\/v2\/users\/13"}],"replies":[{"embeddable":true,"href":"https:\/\/pc.sc.gov.br\/index.php?rest_route=%2Fwp%2Fv2%2Fcomments&post=38699"}],"version-history":[{"count":5,"href":"https:\/\/pc.sc.gov.br\/index.php?rest_route=\/wp\/v2\/posts\/38699\/revisions"}],"predecessor-version":[{"id":38705,"href":"https:\/\/pc.sc.gov.br\/index.php?rest_route=\/wp\/v2\/posts\/38699\/revisions\/38705"}],"wp:featuredmedia":[{"embeddable":true,"href":"https:\/\/pc.sc.gov.br\/index.php?rest_route=\/wp\/v2\/media\/38700"}],"wp:attachment":[{"href":"https:\/\/pc.sc.gov.br\/index.php?rest_route=%2Fwp%2Fv2%2Fmedia&parent=38699"}],"wp:term":[{"taxonomy":"category","embeddable":true,"href":"https:\/\/pc.sc.gov.br\/index.php?rest_route=%2Fwp%2Fv2%2Fcategories&post=38699"},{"taxonomy":"post_tag","embeddable":true,"href":"https:\/\/pc.sc.gov.br\/index.php?rest_route=%2Fwp%2Fv2%2Ftags&post=38699"}],"curies":[{"name":"wp","href":"https:\/\/api.w.org\/{rel}","templated":true}]}}