{"id":38736,"date":"2026-04-30T13:33:09","date_gmt":"2026-04-30T16:33:09","guid":{"rendered":"https:\/\/pc.sc.gov.br\/?p=38736"},"modified":"2026-04-30T14:10:31","modified_gmt":"2026-04-30T17:10:31","slug":"forcas-de-seguranca-elucidam-ataque-violento-e-prendem-integrantes-de-organizacao-criminosa-em-balneario-camboriu","status":"publish","type":"post","link":"https:\/\/pc.sc.gov.br\/?p=38736","title":{"rendered":"For\u00e7as de seguran\u00e7a elucidam ataque violento e prendem integrantes de organiza\u00e7\u00e3o criminosa em Balne\u00e1rio Cambori\u00fa"},"content":{"rendered":"\t\t<div data-elementor-type=\"wp-post\" data-elementor-id=\"38736\" class=\"elementor elementor-38736\" data-elementor-post-type=\"post\">\n\t\t\t\t\t\t<section class=\"elementor-section elementor-top-section elementor-element elementor-element-1471b4d elementor-section-boxed elementor-section-height-default elementor-section-height-default\" data-id=\"1471b4d\" data-element_type=\"section\">\n\t\t\t\t\t\t<div class=\"elementor-container elementor-column-gap-default\">\n\t\t\t\t\t<div class=\"elementor-column elementor-col-100 elementor-top-column elementor-element elementor-element-1997fca\" data-id=\"1997fca\" data-element_type=\"column\">\n\t\t\t<div class=\"elementor-widget-wrap elementor-element-populated\">\n\t\t\t\t\t\t<div class=\"elementor-element elementor-element-55a6de2 elementor-widget elementor-widget-heading\" data-id=\"55a6de2\" data-element_type=\"widget\" data-widget_type=\"heading.default\">\n\t\t\t\t<div class=\"elementor-widget-container\">\n\t\t\t\t\t<h2 class=\"elementor-heading-title elementor-size-default\">For\u00e7as de seguran\u00e7a elucidam ataque violento e prendem integrantes de organiza\u00e7\u00e3o criminosa em Balne\u00e1rio Cambori\u00fa<\/h2>\t\t\t\t<\/div>\n\t\t\t\t<\/div>\n\t\t\t\t\t<\/div>\n\t\t<\/div>\n\t\t\t\t\t<\/div>\n\t\t<\/section>\n\t\t\t\t<section class=\"elementor-section elementor-top-section elementor-element elementor-element-bda1a3d elementor-section-boxed elementor-section-height-default elementor-section-height-default\" data-id=\"bda1a3d\" data-element_type=\"section\">\n\t\t\t\t\t\t<div class=\"elementor-container elementor-column-gap-default\">\n\t\t\t\t\t<div class=\"elementor-column elementor-col-100 elementor-top-column elementor-element elementor-element-a71a041\" data-id=\"a71a041\" data-element_type=\"column\">\n\t\t\t<div class=\"elementor-widget-wrap elementor-element-populated\">\n\t\t\t\t\t\t<div class=\"elementor-element elementor-element-3e4ee62 elementor-widget elementor-widget-post-info\" data-id=\"3e4ee62\" data-element_type=\"widget\" data-widget_type=\"post-info.default\">\n\t\t\t\t<div class=\"elementor-widget-container\">\n\t\t\t\t\t\t\t<ul class=\"elementor-inline-items elementor-icon-list-items elementor-post-info\">\n\t\t\t\t\t\t\t\t<li class=\"elementor-icon-list-item elementor-repeater-item-5fa8f5b elementor-inline-item\" itemprop=\"author\">\n\t\t\t\t\t\t<a href=\"https:\/\/pc.sc.gov.br\/?author=13\">\n\t\t\t\t\t\t\t\t\t\t\t<span class=\"elementor-icon-list-icon\">\n\t\t\t\t\t\t\t\t<i aria-hidden=\"true\" class=\"far fa-user-circle\"><\/i>\t\t\t\t\t\t\t<\/span>\n\t\t\t\t\t\t\t\t\t<span class=\"elementor-icon-list-text elementor-post-info__item elementor-post-info__item--type-author\">\n\t\t\t\t\t\t\t\t\t\tNicholly De March\t\t\t\t\t<\/span>\n\t\t\t\t\t\t\t\t\t<\/a>\n\t\t\t\t<\/li>\n\t\t\t\t<li class=\"elementor-icon-list-item elementor-repeater-item-8d2d16a elementor-inline-item\" itemprop=\"datePublished\">\n\t\t\t\t\t\t<a href=\"https:\/\/pc.sc.gov.br\/?m=20260430\">\n\t\t\t\t\t\t\t\t\t\t\t<span class=\"elementor-icon-list-icon\">\n\t\t\t\t\t\t\t\t<i aria-hidden=\"true\" class=\"fas fa-calendar\"><\/i>\t\t\t\t\t\t\t<\/span>\n\t\t\t\t\t\t\t\t\t<span class=\"elementor-icon-list-text elementor-post-info__item elementor-post-info__item--type-date\">\n\t\t\t\t\t\t\t\t\t\t<time>abril 30, 2026<\/time>\t\t\t\t\t<\/span>\n\t\t\t\t\t\t\t\t\t<\/a>\n\t\t\t\t<\/li>\n\t\t\t\t<li class=\"elementor-icon-list-item elementor-repeater-item-1a3c942 elementor-inline-item\">\n\t\t\t\t\t\t\t\t\t\t<span class=\"elementor-icon-list-icon\">\n\t\t\t\t\t\t\t\t<i aria-hidden=\"true\" class=\"far fa-clock\"><\/i>\t\t\t\t\t\t\t<\/span>\n\t\t\t\t\t\t\t\t\t<span class=\"elementor-icon-list-text elementor-post-info__item elementor-post-info__item--type-time\">\n\t\t\t\t\t\t\t\t\t\t<time>1:33 pm<\/time>\t\t\t\t\t<\/span>\n\t\t\t\t\t\t\t\t<\/li>\n\t\t\t\t<\/ul>\n\t\t\t\t\t\t<\/div>\n\t\t\t\t<\/div>\n\t\t\t\t\t<\/div>\n\t\t<\/div>\n\t\t\t\t\t<\/div>\n\t\t<\/section>\n\t\t\t\t<section class=\"elementor-section elementor-top-section elementor-element elementor-element-3b7b6ec elementor-section-boxed elementor-section-height-default elementor-section-height-default\" data-id=\"3b7b6ec\" data-element_type=\"section\">\n\t\t\t\t\t\t<div class=\"elementor-container elementor-column-gap-default\">\n\t\t\t\t\t<div class=\"elementor-column elementor-col-100 elementor-top-column elementor-element elementor-element-ac64a65\" data-id=\"ac64a65\" data-element_type=\"column\">\n\t\t\t<div class=\"elementor-widget-wrap elementor-element-populated\">\n\t\t\t\t\t\t<div class=\"elementor-element elementor-element-8dbecb4 elementor-widget elementor-widget-image\" data-id=\"8dbecb4\" data-element_type=\"widget\" data-widget_type=\"image.default\">\n\t\t\t\t<div class=\"elementor-widget-container\">\n\t\t\t\t\t\t\t\t\t\t\t\t\t\t\t<img fetchpriority=\"high\" decoding=\"async\" width=\"696\" height=\"787\" src=\"https:\/\/pc.sc.gov.br\/\/wp-content\/uploads\/2026\/04\/WhatsApp-Image-2026-04-30-at-11.45.02-906x1024.jpeg\" class=\"attachment-large size-large wp-image-38737\" alt=\"\" srcset=\"https:\/\/pc.sc.gov.br\/\/wp-content\/uploads\/2026\/04\/WhatsApp-Image-2026-04-30-at-11.45.02-906x1024.jpeg 906w, https:\/\/pc.sc.gov.br\/\/wp-content\/uploads\/2026\/04\/WhatsApp-Image-2026-04-30-at-11.45.02-265x300.jpeg 265w, https:\/\/pc.sc.gov.br\/\/wp-content\/uploads\/2026\/04\/WhatsApp-Image-2026-04-30-at-11.45.02-768x868.jpeg 768w, https:\/\/pc.sc.gov.br\/\/wp-content\/uploads\/2026\/04\/WhatsApp-Image-2026-04-30-at-11.45.02.jpeg 1132w\" sizes=\"(max-width: 696px) 100vw, 696px\" \/>\t\t\t\t\t\t\t\t\t\t\t\t\t\t\t<\/div>\n\t\t\t\t<\/div>\n\t\t\t\t\t<\/div>\n\t\t<\/div>\n\t\t\t\t\t<\/div>\n\t\t<\/section>\n\t\t\t\t<section class=\"elementor-section elementor-top-section elementor-element elementor-element-2594944 elementor-section-boxed elementor-section-height-default elementor-section-height-default\" data-id=\"2594944\" data-element_type=\"section\">\n\t\t\t\t\t\t<div class=\"elementor-container elementor-column-gap-default\">\n\t\t\t\t\t<div class=\"elementor-column elementor-col-100 elementor-top-column elementor-element elementor-element-2b4b015\" data-id=\"2b4b015\" data-element_type=\"column\">\n\t\t\t<div class=\"elementor-widget-wrap elementor-element-populated\">\n\t\t\t\t\t\t<div class=\"elementor-element elementor-element-003c9ac elementor-widget elementor-widget-text-editor\" data-id=\"003c9ac\" data-element_type=\"widget\" data-widget_type=\"text-editor.default\">\n\t\t\t\t<div class=\"elementor-widget-container\">\n\t\t\t\t\t\t\t\t\t<p>A Pol\u00edcia Civil de Santa Catarina, por meio da Delegacia de Investiga\u00e7\u00e3o Criminal (DIC) de Balne\u00e1rio Cambori\u00fa, concluiu o inqu\u00e9rito policial que apurou um ataque violento ocorrido na madrugada de 21 de janeiro de 2026, no local conhecido como Beco do Brooklyn. A investiga\u00e7\u00e3o, que contou com o trabalho integrado da Pol\u00edcia Militar e da Guarda Municipal, elucidou crimes de tentativa de homic\u00eddio qualificado, tortura, roubo e organiza\u00e7\u00e3o criminosa.<\/p><p>Conforme as dilig\u00eancias, a v\u00edtima foi abordada por um grupo, submetida a espancamentos e golpes de faca, al\u00e9m de sofrer uma tentativa de sequestro para execu\u00e7\u00e3o em outro local. A a\u00e7\u00e3o criminosa foi interrompida por uma guarni\u00e7\u00e3o da Guarda Municipal durante patrulhamento, o que permitiu o resgate da v\u00edtima. O trabalho investigativo identificou sete envolvidos e apontou que o grupo atuava de forma coordenada e possu\u00eda v\u00ednculos com uma organiza\u00e7\u00e3o criminosa catarinense, com forte atua\u00e7\u00e3o no tr\u00e1fico de drogas na orla central da cidade.<\/p><p>Diante das provas reunidas, a autoridade policial representou pela pris\u00e3o preventiva de cinco investigados e pelo cumprimento de sete mandados de busca e apreens\u00e3o. At\u00e9 o momento, tr\u00eas pris\u00f5es foram efetuadas em a\u00e7\u00f5es integradas: um jovem de 18 anos foi detido em 1\u00ba de abril; um homem de 25 anos foi capturado em 19 de abril; e o terceiro envolvido, de 35 anos, foi preso nesta quarta-feira (29\/04). Outros dois investigados permanecem foragidos.<\/p><p>A Pol\u00edcia Civil refor\u00e7a que a elucida\u00e7\u00e3o do caso \u00e9 fruto da integra\u00e7\u00e3o entre as for\u00e7as de seguran\u00e7a no combate a crimes violentos e ao crime organizado.<\/p>\t\t\t\t\t\t\t\t<\/div>\n\t\t\t\t<\/div>\n\t\t\t\t\t<\/div>\n\t\t<\/div>\n\t\t\t\t\t<\/div>\n\t\t<\/section>\n\t\t\t\t<\/div>\n\t\t","protected":false},"excerpt":{"rendered":"<p>PCSC conclui inqu\u00e9rito sobre ataque no Beco do Brooklyn, em Balne\u00e1rio Cambori\u00fa. Investiga\u00e7\u00e3o identificou sete envolvidos em crimes de tortura e tentativa de homic\u00eddio.<\/p>\n","protected":false},"author":13,"featured_media":38737,"comment_status":"closed","ping_status":"open","sticky":false,"template":"","format":"standard","meta":{"_monsterinsights_skip_tracking":false,"_monsterinsights_sitenote_active":false,"_monsterinsights_sitenote_note":"","_monsterinsights_sitenote_category":0,"footnotes":""},"categories":[1],"tags":[135,46,224,45,27,53,96,223],"class_list":["post-38736","post","type-post","status-publish","format-standard","has-post-thumbnail","hentry","category-sem-categoria","tag-balneario-camboriu","tag-dic","tag-integracao-forces","tag-organizacao-criminosa","tag-policia-civil","tag-seguranca-publica","tag-tentativa-de-homicidio","tag-tortura"],"_links":{"self":[{"href":"https:\/\/pc.sc.gov.br\/index.php?rest_route=\/wp\/v2\/posts\/38736","targetHints":{"allow":["GET"]}}],"collection":[{"href":"https:\/\/pc.sc.gov.br\/index.php?rest_route=\/wp\/v2\/posts"}],"about":[{"href":"https:\/\/pc.sc.gov.br\/index.php?rest_route=\/wp\/v2\/types\/post"}],"author":[{"embeddable":true,"href":"https:\/\/pc.sc.gov.br\/index.php?rest_route=\/wp\/v2\/users\/13"}],"replies":[{"embeddable":true,"href":"https:\/\/pc.sc.gov.br\/index.php?rest_route=%2Fwp%2Fv2%2Fcomments&post=38736"}],"version-history":[{"count":7,"href":"https:\/\/pc.sc.gov.br\/index.php?rest_route=\/wp\/v2\/posts\/38736\/revisions"}],"predecessor-version":[{"id":38752,"href":"https:\/\/pc.sc.gov.br\/index.php?rest_route=\/wp\/v2\/posts\/38736\/revisions\/38752"}],"wp:featuredmedia":[{"embeddable":true,"href":"https:\/\/pc.sc.gov.br\/index.php?rest_route=\/wp\/v2\/media\/38737"}],"wp:attachment":[{"href":"https:\/\/pc.sc.gov.br\/index.php?rest_route=%2Fwp%2Fv2%2Fmedia&parent=38736"}],"wp:term":[{"taxonomy":"category","embeddable":true,"href":"https:\/\/pc.sc.gov.br\/index.php?rest_route=%2Fwp%2Fv2%2Fcategories&post=38736"},{"taxonomy":"post_tag","embeddable":true,"href":"https:\/\/pc.sc.gov.br\/index.php?rest_route=%2Fwp%2Fv2%2Ftags&post=38736"}],"curies":[{"name":"wp","href":"https:\/\/api.w.org\/{rel}","templated":true}]}}