{"id":38794,"date":"2026-04-30T17:08:10","date_gmt":"2026-04-30T20:08:10","guid":{"rendered":"https:\/\/pc.sc.gov.br\/?p=38794"},"modified":"2026-04-30T17:17:00","modified_gmt":"2026-04-30T20:17:00","slug":"policia-civil-prende-investigado-por-armazenamento-e-compartilhamento-de-material-de-abuso-sexual-infantojuvenil","status":"publish","type":"post","link":"https:\/\/pc.sc.gov.br\/?p=38794","title":{"rendered":"Pol\u00edcia Civil prende investigado por armazenamento e compartilhamento de material de abuso sexual infantojuvenil"},"content":{"rendered":"\t\t<div data-elementor-type=\"wp-post\" data-elementor-id=\"38794\" class=\"elementor elementor-38794\" data-elementor-post-type=\"post\">\n\t\t\t\t\t\t<section class=\"elementor-section elementor-top-section elementor-element elementor-element-18354ca elementor-section-boxed elementor-section-height-default elementor-section-height-default\" data-id=\"18354ca\" data-element_type=\"section\">\n\t\t\t\t\t\t<div class=\"elementor-container elementor-column-gap-default\">\n\t\t\t\t\t<div class=\"elementor-column elementor-col-100 elementor-top-column elementor-element elementor-element-e006e64\" data-id=\"e006e64\" data-element_type=\"column\">\n\t\t\t<div class=\"elementor-widget-wrap elementor-element-populated\">\n\t\t\t\t\t\t<div class=\"elementor-element elementor-element-280d6d1 elementor-widget elementor-widget-heading\" data-id=\"280d6d1\" data-element_type=\"widget\" data-widget_type=\"heading.default\">\n\t\t\t\t<div class=\"elementor-widget-container\">\n\t\t\t\t\t<h2 class=\"elementor-heading-title elementor-size-default\">Pol\u00edcia Civil prende investigado por armazenamento e compartilhamento de material de abuso sexual infantojuvenil<\/h2>\t\t\t\t<\/div>\n\t\t\t\t<\/div>\n\t\t\t\t\t<\/div>\n\t\t<\/div>\n\t\t\t\t\t<\/div>\n\t\t<\/section>\n\t\t\t\t<section class=\"elementor-section elementor-top-section elementor-element elementor-element-c626e65 elementor-section-boxed elementor-section-height-default elementor-section-height-default\" data-id=\"c626e65\" data-element_type=\"section\">\n\t\t\t\t\t\t<div class=\"elementor-container elementor-column-gap-default\">\n\t\t\t\t\t<div class=\"elementor-column elementor-col-100 elementor-top-column elementor-element elementor-element-2c41919\" data-id=\"2c41919\" data-element_type=\"column\">\n\t\t\t<div class=\"elementor-widget-wrap elementor-element-populated\">\n\t\t\t\t\t\t<div class=\"elementor-element elementor-element-bd2e2ec elementor-widget elementor-widget-post-info\" data-id=\"bd2e2ec\" data-element_type=\"widget\" data-widget_type=\"post-info.default\">\n\t\t\t\t<div class=\"elementor-widget-container\">\n\t\t\t\t\t\t\t<ul class=\"elementor-inline-items elementor-icon-list-items elementor-post-info\">\n\t\t\t\t\t\t\t\t<li class=\"elementor-icon-list-item elementor-repeater-item-804bb00 elementor-inline-item\" itemprop=\"author\">\n\t\t\t\t\t\t<a href=\"https:\/\/pc.sc.gov.br\/?author=13\">\n\t\t\t\t\t\t\t\t\t\t\t<span class=\"elementor-icon-list-icon\">\n\t\t\t\t\t\t\t\t<i aria-hidden=\"true\" class=\"far fa-user-circle\"><\/i>\t\t\t\t\t\t\t<\/span>\n\t\t\t\t\t\t\t\t\t<span class=\"elementor-icon-list-text elementor-post-info__item elementor-post-info__item--type-author\">\n\t\t\t\t\t\t\t\t\t\tNicholly De March\t\t\t\t\t<\/span>\n\t\t\t\t\t\t\t\t\t<\/a>\n\t\t\t\t<\/li>\n\t\t\t\t<li class=\"elementor-icon-list-item elementor-repeater-item-397bdd1 elementor-inline-item\" itemprop=\"datePublished\">\n\t\t\t\t\t\t<a href=\"https:\/\/pc.sc.gov.br\/?m=20260430\">\n\t\t\t\t\t\t\t\t\t\t\t<span class=\"elementor-icon-list-icon\">\n\t\t\t\t\t\t\t\t<i aria-hidden=\"true\" class=\"fas fa-calendar\"><\/i>\t\t\t\t\t\t\t<\/span>\n\t\t\t\t\t\t\t\t\t<span class=\"elementor-icon-list-text elementor-post-info__item elementor-post-info__item--type-date\">\n\t\t\t\t\t\t\t\t\t\t<time>abril 30, 2026<\/time>\t\t\t\t\t<\/span>\n\t\t\t\t\t\t\t\t\t<\/a>\n\t\t\t\t<\/li>\n\t\t\t\t<li class=\"elementor-icon-list-item elementor-repeater-item-0fc6202 elementor-inline-item\">\n\t\t\t\t\t\t\t\t\t\t<span class=\"elementor-icon-list-icon\">\n\t\t\t\t\t\t\t\t<i aria-hidden=\"true\" class=\"far fa-clock\"><\/i>\t\t\t\t\t\t\t<\/span>\n\t\t\t\t\t\t\t\t\t<span class=\"elementor-icon-list-text elementor-post-info__item elementor-post-info__item--type-time\">\n\t\t\t\t\t\t\t\t\t\t<time>5:08 pm<\/time>\t\t\t\t\t<\/span>\n\t\t\t\t\t\t\t\t<\/li>\n\t\t\t\t<\/ul>\n\t\t\t\t\t\t<\/div>\n\t\t\t\t<\/div>\n\t\t\t\t\t<\/div>\n\t\t<\/div>\n\t\t\t\t\t<\/div>\n\t\t<\/section>\n\t\t\t\t<section class=\"elementor-section elementor-top-section elementor-element elementor-element-0dd1317 elementor-section-boxed elementor-section-height-default elementor-section-height-default\" data-id=\"0dd1317\" data-element_type=\"section\">\n\t\t\t\t\t\t<div class=\"elementor-container elementor-column-gap-default\">\n\t\t\t\t\t<div class=\"elementor-column elementor-col-100 elementor-top-column elementor-element elementor-element-90ede1b\" data-id=\"90ede1b\" data-element_type=\"column\">\n\t\t\t<div class=\"elementor-widget-wrap elementor-element-populated\">\n\t\t\t\t\t\t<div class=\"elementor-element elementor-element-6526a59 elementor-widget elementor-widget-image\" data-id=\"6526a59\" data-element_type=\"widget\" data-widget_type=\"image.default\">\n\t\t\t\t<div class=\"elementor-widget-container\">\n\t\t\t\t\t\t\t\t\t\t\t\t\t\t\t<img fetchpriority=\"high\" decoding=\"async\" width=\"696\" height=\"522\" src=\"https:\/\/pc.sc.gov.br\/\/wp-content\/uploads\/2026\/04\/WhatsApp-Image-2026-04-30-at-17.03.42-1024x768.jpeg\" class=\"attachment-large size-large wp-image-38795\" alt=\"\" srcset=\"https:\/\/pc.sc.gov.br\/\/wp-content\/uploads\/2026\/04\/WhatsApp-Image-2026-04-30-at-17.03.42-1024x768.jpeg 1024w, https:\/\/pc.sc.gov.br\/\/wp-content\/uploads\/2026\/04\/WhatsApp-Image-2026-04-30-at-17.03.42-300x225.jpeg 300w, https:\/\/pc.sc.gov.br\/\/wp-content\/uploads\/2026\/04\/WhatsApp-Image-2026-04-30-at-17.03.42-768x576.jpeg 768w, https:\/\/pc.sc.gov.br\/\/wp-content\/uploads\/2026\/04\/WhatsApp-Image-2026-04-30-at-17.03.42-1536x1152.jpeg 1536w, https:\/\/pc.sc.gov.br\/\/wp-content\/uploads\/2026\/04\/WhatsApp-Image-2026-04-30-at-17.03.42.jpeg 1600w\" sizes=\"(max-width: 696px) 100vw, 696px\" \/>\t\t\t\t\t\t\t\t\t\t\t\t\t\t\t<\/div>\n\t\t\t\t<\/div>\n\t\t\t\t\t<\/div>\n\t\t<\/div>\n\t\t\t\t\t<\/div>\n\t\t<\/section>\n\t\t\t\t<section class=\"elementor-section elementor-top-section elementor-element elementor-element-834e5ad elementor-section-boxed elementor-section-height-default elementor-section-height-default\" data-id=\"834e5ad\" data-element_type=\"section\">\n\t\t\t\t\t\t<div class=\"elementor-container elementor-column-gap-default\">\n\t\t\t\t\t<div class=\"elementor-column elementor-col-100 elementor-top-column elementor-element elementor-element-01aedc9\" data-id=\"01aedc9\" data-element_type=\"column\">\n\t\t\t<div class=\"elementor-widget-wrap elementor-element-populated\">\n\t\t\t\t\t\t<div class=\"elementor-element elementor-element-60d6035 elementor-widget elementor-widget-text-editor\" data-id=\"60d6035\" data-element_type=\"widget\" data-widget_type=\"text-editor.default\">\n\t\t\t\t<div class=\"elementor-widget-container\">\n\t\t\t\t\t\t\t\t\t<p data-path-to-node=\"2\">A Pol\u00edcia Civil de Santa Catarina, por interm\u00e9dio da Delegacia de Pol\u00edcia de Balne\u00e1rio Arroio do Silva e da 1\u00aa Delegacia de Pol\u00edcia de Ararangu\u00e1, cumpriu na tarde desta quinta-feira (30\/04) mandados de pris\u00e3o preventiva e de busca e apreens\u00e3o contra um homem de 58 anos. O investigado \u00e9 suspeito dos crimes de armazenamento e compartilhamento de material de abuso sexual infantojuvenil, com ordens judiciais expedidas pela Vara Regional de Garantias de Crici\u00fama.<\/p><p data-path-to-node=\"3\">O caso teve origem em uma investiga\u00e7\u00e3o anterior sobre estelionato, na qual o suspeito era apurado por supostamente causar um preju\u00edzo de aproximadamente R$ 4 milh\u00f5es a uma empresa em Ararangu\u00e1. Durante o cumprimento de uma busca e apreens\u00e3o realizada no ano passado, dispositivos eletr\u00f4nicos foram recolhidos e submetidos a exame pericial. A per\u00edcia t\u00e9cnica constatou que o indiv\u00edduo armazenava e compartilhava arquivos com conte\u00fado de abuso sexual infantojuvenil, o que motivou a abertura de um novo inqu\u00e9rito policial espec\u00edfico.<\/p><p data-path-to-node=\"4\">Com o avan\u00e7o das apura\u00e7\u00f5es e a reuni\u00e3o de provas, a Pol\u00edcia Civil representou pelas novas medidas cautelares deferidas pelo Judici\u00e1rio. Durante a a\u00e7\u00e3o realizada hoje na resid\u00eancia do suspeito, em Balne\u00e1rio Arroio do Silva, foram apreendidos novos dispositivos eletr\u00f4nicos para per\u00edcia complementar. Ap\u00f3s a formaliza\u00e7\u00e3o dos procedimentos legais, o preso foi encaminhado ao Pres\u00eddio Regional, onde permanece \u00e0 disposi\u00e7\u00e3o da Justi\u00e7a.<\/p>\t\t\t\t\t\t\t\t<\/div>\n\t\t\t\t<\/div>\n\t\t\t\t\t<\/div>\n\t\t<\/div>\n\t\t\t\t\t<\/div>\n\t\t<\/section>\n\t\t\t\t<\/div>\n\t\t","protected":false},"excerpt":{"rendered":"<p>PCSC prende homem de 58 anos em Balne\u00e1rio Arroio do Silva por abuso infantil. Investiga\u00e7\u00e3o surgiu ap\u00f3s per\u00edcia em dispositivos apreendidos em caso de estelionato.<\/p>\n","protected":false},"author":13,"featured_media":38795,"comment_status":"closed","ping_status":"open","sticky":false,"template":"","format":"standard","meta":{"_monsterinsights_skip_tracking":false,"_monsterinsights_sitenote_active":false,"_monsterinsights_sitenote_note":"","_monsterinsights_sitenote_category":0,"footnotes":""},"categories":[1],"tags":[235,234,233,33,27,74,53],"class_list":["post-38794","post","type-post","status-publish","format-standard","has-post-thumbnail","hentry","category-sem-categoria","tag-abuso-infantil","tag-ararangua","tag-balneario-arroio-do-silva","tag-crime-cibernetico","tag-policia-civil","tag-prisao-preventiva","tag-seguranca-publica"],"_links":{"self":[{"href":"https:\/\/pc.sc.gov.br\/index.php?rest_route=\/wp\/v2\/posts\/38794","targetHints":{"allow":["GET"]}}],"collection":[{"href":"https:\/\/pc.sc.gov.br\/index.php?rest_route=\/wp\/v2\/posts"}],"about":[{"href":"https:\/\/pc.sc.gov.br\/index.php?rest_route=\/wp\/v2\/types\/post"}],"author":[{"embeddable":true,"href":"https:\/\/pc.sc.gov.br\/index.php?rest_route=\/wp\/v2\/users\/13"}],"replies":[{"embeddable":true,"href":"https:\/\/pc.sc.gov.br\/index.php?rest_route=%2Fwp%2Fv2%2Fcomments&post=38794"}],"version-history":[{"count":5,"href":"https:\/\/pc.sc.gov.br\/index.php?rest_route=\/wp\/v2\/posts\/38794\/revisions"}],"predecessor-version":[{"id":38801,"href":"https:\/\/pc.sc.gov.br\/index.php?rest_route=\/wp\/v2\/posts\/38794\/revisions\/38801"}],"wp:featuredmedia":[{"embeddable":true,"href":"https:\/\/pc.sc.gov.br\/index.php?rest_route=\/wp\/v2\/media\/38795"}],"wp:attachment":[{"href":"https:\/\/pc.sc.gov.br\/index.php?rest_route=%2Fwp%2Fv2%2Fmedia&parent=38794"}],"wp:term":[{"taxonomy":"category","embeddable":true,"href":"https:\/\/pc.sc.gov.br\/index.php?rest_route=%2Fwp%2Fv2%2Fcategories&post=38794"},{"taxonomy":"post_tag","embeddable":true,"href":"https:\/\/pc.sc.gov.br\/index.php?rest_route=%2Fwp%2Fv2%2Ftags&post=38794"}],"curies":[{"name":"wp","href":"https:\/\/api.w.org\/{rel}","templated":true}]}}