{"id":38802,"date":"2026-04-30T17:44:57","date_gmt":"2026-04-30T20:44:57","guid":{"rendered":"https:\/\/pc.sc.gov.br\/?p=38802"},"modified":"2026-04-30T17:50:16","modified_gmt":"2026-04-30T20:50:16","slug":"pcsc-prende-em-joinville-foragido-do-acre-condenado-por-estupro-de-vulneravel","status":"publish","type":"post","link":"https:\/\/pc.sc.gov.br\/?p=38802","title":{"rendered":"PCSC prende em Joinville foragido do Acre condenado por estupro de vulner\u00e1vel"},"content":{"rendered":"\t\t<div data-elementor-type=\"wp-post\" data-elementor-id=\"38802\" class=\"elementor elementor-38802\" data-elementor-post-type=\"post\">\n\t\t\t\t\t\t<section class=\"elementor-section elementor-top-section elementor-element elementor-element-12e976c elementor-section-boxed elementor-section-height-default elementor-section-height-default\" data-id=\"12e976c\" data-element_type=\"section\">\n\t\t\t\t\t\t<div class=\"elementor-container elementor-column-gap-default\">\n\t\t\t\t\t<div class=\"elementor-column elementor-col-100 elementor-top-column elementor-element elementor-element-8bbb799\" data-id=\"8bbb799\" data-element_type=\"column\">\n\t\t\t<div class=\"elementor-widget-wrap elementor-element-populated\">\n\t\t\t\t\t\t<div class=\"elementor-element elementor-element-41d12cf elementor-widget elementor-widget-heading\" data-id=\"41d12cf\" data-element_type=\"widget\" data-widget_type=\"heading.default\">\n\t\t\t\t<div class=\"elementor-widget-container\">\n\t\t\t\t\t<h2 class=\"elementor-heading-title elementor-size-default\">PCSC prende em Joinville foragido do Acre condenado por estupro de vulner\u00e1vel<\/h2>\t\t\t\t<\/div>\n\t\t\t\t<\/div>\n\t\t\t\t\t<\/div>\n\t\t<\/div>\n\t\t\t\t\t<\/div>\n\t\t<\/section>\n\t\t\t\t<section class=\"elementor-section elementor-top-section elementor-element elementor-element-b4f352c elementor-section-boxed elementor-section-height-default elementor-section-height-default\" data-id=\"b4f352c\" data-element_type=\"section\">\n\t\t\t\t\t\t<div class=\"elementor-container elementor-column-gap-default\">\n\t\t\t\t\t<div class=\"elementor-column elementor-col-100 elementor-top-column elementor-element elementor-element-7c196b4\" data-id=\"7c196b4\" data-element_type=\"column\">\n\t\t\t<div class=\"elementor-widget-wrap elementor-element-populated\">\n\t\t\t\t\t\t<div class=\"elementor-element elementor-element-1cd01f5 elementor-widget elementor-widget-post-info\" data-id=\"1cd01f5\" data-element_type=\"widget\" data-widget_type=\"post-info.default\">\n\t\t\t\t<div class=\"elementor-widget-container\">\n\t\t\t\t\t\t\t<ul class=\"elementor-inline-items elementor-icon-list-items elementor-post-info\">\n\t\t\t\t\t\t\t\t<li class=\"elementor-icon-list-item elementor-repeater-item-30267c7 elementor-inline-item\" itemprop=\"author\">\n\t\t\t\t\t\t<a href=\"https:\/\/pc.sc.gov.br\/?author=13\">\n\t\t\t\t\t\t\t\t\t\t\t<span class=\"elementor-icon-list-icon\">\n\t\t\t\t\t\t\t\t<i aria-hidden=\"true\" class=\"far fa-user-circle\"><\/i>\t\t\t\t\t\t\t<\/span>\n\t\t\t\t\t\t\t\t\t<span class=\"elementor-icon-list-text elementor-post-info__item elementor-post-info__item--type-author\">\n\t\t\t\t\t\t\t\t\t\tNicholly De March\t\t\t\t\t<\/span>\n\t\t\t\t\t\t\t\t\t<\/a>\n\t\t\t\t<\/li>\n\t\t\t\t<li class=\"elementor-icon-list-item elementor-repeater-item-597925b elementor-inline-item\" itemprop=\"datePublished\">\n\t\t\t\t\t\t<a href=\"https:\/\/pc.sc.gov.br\/?m=20260430\">\n\t\t\t\t\t\t\t\t\t\t\t<span class=\"elementor-icon-list-icon\">\n\t\t\t\t\t\t\t\t<i aria-hidden=\"true\" class=\"fas fa-calendar\"><\/i>\t\t\t\t\t\t\t<\/span>\n\t\t\t\t\t\t\t\t\t<span class=\"elementor-icon-list-text elementor-post-info__item elementor-post-info__item--type-date\">\n\t\t\t\t\t\t\t\t\t\t<time>abril 30, 2026<\/time>\t\t\t\t\t<\/span>\n\t\t\t\t\t\t\t\t\t<\/a>\n\t\t\t\t<\/li>\n\t\t\t\t<li class=\"elementor-icon-list-item elementor-repeater-item-f44e816 elementor-inline-item\">\n\t\t\t\t\t\t\t\t\t\t<span class=\"elementor-icon-list-icon\">\n\t\t\t\t\t\t\t\t<i aria-hidden=\"true\" class=\"far fa-clock\"><\/i>\t\t\t\t\t\t\t<\/span>\n\t\t\t\t\t\t\t\t\t<span class=\"elementor-icon-list-text elementor-post-info__item elementor-post-info__item--type-time\">\n\t\t\t\t\t\t\t\t\t\t<time>5:44 pm<\/time>\t\t\t\t\t<\/span>\n\t\t\t\t\t\t\t\t<\/li>\n\t\t\t\t<\/ul>\n\t\t\t\t\t\t<\/div>\n\t\t\t\t<\/div>\n\t\t\t\t\t<\/div>\n\t\t<\/div>\n\t\t\t\t\t<\/div>\n\t\t<\/section>\n\t\t\t\t<section class=\"elementor-section elementor-top-section elementor-element elementor-element-66611d1 elementor-section-boxed elementor-section-height-default elementor-section-height-default\" data-id=\"66611d1\" data-element_type=\"section\">\n\t\t\t\t\t\t<div class=\"elementor-container elementor-column-gap-default\">\n\t\t\t\t\t<div class=\"elementor-column elementor-col-100 elementor-top-column elementor-element elementor-element-1fa69c4\" data-id=\"1fa69c4\" data-element_type=\"column\">\n\t\t\t<div class=\"elementor-widget-wrap elementor-element-populated\">\n\t\t\t\t\t\t<div class=\"elementor-element elementor-element-0a57171 elementor-widget elementor-widget-image\" data-id=\"0a57171\" data-element_type=\"widget\" data-widget_type=\"image.default\">\n\t\t\t\t<div class=\"elementor-widget-container\">\n\t\t\t\t\t\t\t\t\t\t\t\t\t\t\t<img fetchpriority=\"high\" decoding=\"async\" width=\"389\" height=\"697\" src=\"https:\/\/pc.sc.gov.br\/\/wp-content\/uploads\/2026\/04\/image-1.png\" class=\"attachment-large size-large wp-image-38803\" alt=\"\" srcset=\"https:\/\/pc.sc.gov.br\/\/wp-content\/uploads\/2026\/04\/image-1.png 389w, https:\/\/pc.sc.gov.br\/\/wp-content\/uploads\/2026\/04\/image-1-167x300.png 167w\" sizes=\"(max-width: 389px) 100vw, 389px\" \/>\t\t\t\t\t\t\t\t\t\t\t\t\t\t\t<\/div>\n\t\t\t\t<\/div>\n\t\t\t\t\t<\/div>\n\t\t<\/div>\n\t\t\t\t\t<\/div>\n\t\t<\/section>\n\t\t\t\t<section class=\"elementor-section elementor-top-section elementor-element elementor-element-a47989c elementor-section-boxed elementor-section-height-default elementor-section-height-default\" data-id=\"a47989c\" data-element_type=\"section\">\n\t\t\t\t\t\t<div class=\"elementor-container elementor-column-gap-default\">\n\t\t\t\t\t<div class=\"elementor-column elementor-col-100 elementor-top-column elementor-element elementor-element-b92f738\" data-id=\"b92f738\" data-element_type=\"column\">\n\t\t\t<div class=\"elementor-widget-wrap elementor-element-populated\">\n\t\t\t\t\t\t<div class=\"elementor-element elementor-element-0e01dc8 elementor-widget elementor-widget-text-editor\" data-id=\"0e01dc8\" data-element_type=\"widget\" data-widget_type=\"text-editor.default\">\n\t\t\t\t<div class=\"elementor-widget-container\">\n\t\t\t\t\t\t\t\t\t<p data-path-to-node=\"2\">A Pol\u00edcia Civil de Santa Catarina, por interm\u00e9dio da Delegacia de Repress\u00e3o a Roubos (DRR) de Joinville, realizou a pris\u00e3o de um homem foragido do Estado do Acre na tarde desta quinta-feira (30\/04). O indiv\u00edduo era procurado pelo crime de estupro de vulner\u00e1vel, praticado contra a pr\u00f3pria enteada.<\/p><p data-path-to-node=\"3\">Segundo as investiga\u00e7\u00f5es, o capturado possui condena\u00e7\u00f5es que, somadas, ultrapassam os 50 anos de reclus\u00e3o. Ap\u00f3s dilig\u00eancias de intelig\u00eancia, os policiais civis localizaram o paradeiro do foragido em Joinville, onde foi efetuada a pris\u00e3o.<\/p><p data-path-to-node=\"4\">O homem foi conduzido \u00e0 unidade policial para a formaliza\u00e7\u00e3o dos procedimentos de pol\u00edcia judici\u00e1ria e, posteriormente, encaminhado ao Pres\u00eddio Regional de Joinville. Ele permanece \u00e0 disposi\u00e7\u00e3o do Poder Judici\u00e1rio para o cumprimento da pena.<\/p>\t\t\t\t\t\t\t\t<\/div>\n\t\t\t\t<\/div>\n\t\t\t\t\t<\/div>\n\t\t<\/div>\n\t\t\t\t\t<\/div>\n\t\t<\/section>\n\t\t\t\t<\/div>\n\t\t","protected":false},"excerpt":{"rendered":"<p>PCSC prende em Joinville foragido do Acre condenado a mais de 50 anos de pris\u00e3o. O homem \u00e9 acusado de estupro de vulner\u00e1vel praticado contra a pr\u00f3pria enteada.<\/p>\n","protected":false},"author":13,"featured_media":38803,"comment_status":"closed","ping_status":"open","sticky":false,"template":"","format":"standard","meta":{"_monsterinsights_skip_tracking":false,"_monsterinsights_sitenote_active":false,"_monsterinsights_sitenote_note":"","_monsterinsights_sitenote_category":0,"footnotes":""},"categories":[1],"tags":[236,104,237,180,27,167,53],"class_list":["post-38802","post","type-post","status-publish","format-standard","has-post-thumbnail","hentry","category-sem-categoria","tag-acre","tag-drr","tag-estupro-de-vulneravel","tag-joinville","tag-policia-civil","tag-prisao-de-foragido","tag-seguranca-publica"],"_links":{"self":[{"href":"https:\/\/pc.sc.gov.br\/index.php?rest_route=\/wp\/v2\/posts\/38802","targetHints":{"allow":["GET"]}}],"collection":[{"href":"https:\/\/pc.sc.gov.br\/index.php?rest_route=\/wp\/v2\/posts"}],"about":[{"href":"https:\/\/pc.sc.gov.br\/index.php?rest_route=\/wp\/v2\/types\/post"}],"author":[{"embeddable":true,"href":"https:\/\/pc.sc.gov.br\/index.php?rest_route=\/wp\/v2\/users\/13"}],"replies":[{"embeddable":true,"href":"https:\/\/pc.sc.gov.br\/index.php?rest_route=%2Fwp%2Fv2%2Fcomments&post=38802"}],"version-history":[{"count":5,"href":"https:\/\/pc.sc.gov.br\/index.php?rest_route=\/wp\/v2\/posts\/38802\/revisions"}],"predecessor-version":[{"id":38808,"href":"https:\/\/pc.sc.gov.br\/index.php?rest_route=\/wp\/v2\/posts\/38802\/revisions\/38808"}],"wp:featuredmedia":[{"embeddable":true,"href":"https:\/\/pc.sc.gov.br\/index.php?rest_route=\/wp\/v2\/media\/38803"}],"wp:attachment":[{"href":"https:\/\/pc.sc.gov.br\/index.php?rest_route=%2Fwp%2Fv2%2Fmedia&parent=38802"}],"wp:term":[{"taxonomy":"category","embeddable":true,"href":"https:\/\/pc.sc.gov.br\/index.php?rest_route=%2Fwp%2Fv2%2Fcategories&post=38802"},{"taxonomy":"post_tag","embeddable":true,"href":"https:\/\/pc.sc.gov.br\/index.php?rest_route=%2Fwp%2Fv2%2Ftags&post=38802"}],"curies":[{"name":"wp","href":"https:\/\/api.w.org\/{rel}","templated":true}]}}