{"id":38809,"date":"2026-04-30T18:19:27","date_gmt":"2026-04-30T21:19:27","guid":{"rendered":"https:\/\/pc.sc.gov.br\/?p=38809"},"modified":"2026-04-30T18:24:56","modified_gmt":"2026-04-30T21:24:56","slug":"policia-civil-deflagra-operacao-barba-ruiva-contra-a-pirataria-em-joinville","status":"publish","type":"post","link":"https:\/\/pc.sc.gov.br\/?p=38809","title":{"rendered":"Pol\u00edcia Civil deflagra \u201cOpera\u00e7\u00e3o Barba Ruiva\u201d e apreende mais de R$ 1 milh\u00e3o em produtos falsificados em Joinville"},"content":{"rendered":"\t\t<div data-elementor-type=\"wp-post\" data-elementor-id=\"38809\" class=\"elementor elementor-38809\" data-elementor-post-type=\"post\">\n\t\t\t\t\t\t<section class=\"elementor-section elementor-top-section elementor-element elementor-element-ff3d518 elementor-section-boxed elementor-section-height-default elementor-section-height-default\" data-id=\"ff3d518\" data-element_type=\"section\">\n\t\t\t\t\t\t<div class=\"elementor-container elementor-column-gap-default\">\n\t\t\t\t\t<div class=\"elementor-column elementor-col-100 elementor-top-column elementor-element elementor-element-fec260a\" data-id=\"fec260a\" data-element_type=\"column\">\n\t\t\t<div class=\"elementor-widget-wrap elementor-element-populated\">\n\t\t\t\t\t\t<div class=\"elementor-element elementor-element-f8bce4c elementor-widget elementor-widget-heading\" data-id=\"f8bce4c\" data-element_type=\"widget\" data-widget_type=\"heading.default\">\n\t\t\t\t<div class=\"elementor-widget-container\">\n\t\t\t\t\t<h2 class=\"elementor-heading-title elementor-size-default\">Pol\u00edcia Civil deflagra \u201cOpera\u00e7\u00e3o Barba Ruiva\u201d e apreende mais de R$ 1 milh\u00e3o em produtos falsificados em Joinville\n<\/h2>\t\t\t\t<\/div>\n\t\t\t\t<\/div>\n\t\t\t\t\t<\/div>\n\t\t<\/div>\n\t\t\t\t\t<\/div>\n\t\t<\/section>\n\t\t\t\t<section class=\"elementor-section elementor-top-section elementor-element elementor-element-9de90f9 elementor-section-boxed elementor-section-height-default elementor-section-height-default\" data-id=\"9de90f9\" data-element_type=\"section\">\n\t\t\t\t\t\t<div class=\"elementor-container elementor-column-gap-default\">\n\t\t\t\t\t<div class=\"elementor-column elementor-col-100 elementor-top-column elementor-element elementor-element-b8f9844\" data-id=\"b8f9844\" data-element_type=\"column\">\n\t\t\t<div class=\"elementor-widget-wrap elementor-element-populated\">\n\t\t\t\t\t\t<div class=\"elementor-element elementor-element-37b0370 elementor-widget elementor-widget-post-info\" data-id=\"37b0370\" data-element_type=\"widget\" data-widget_type=\"post-info.default\">\n\t\t\t\t<div class=\"elementor-widget-container\">\n\t\t\t\t\t\t\t<ul class=\"elementor-inline-items elementor-icon-list-items elementor-post-info\">\n\t\t\t\t\t\t\t\t<li class=\"elementor-icon-list-item elementor-repeater-item-71f8ef3 elementor-inline-item\" itemprop=\"author\">\n\t\t\t\t\t\t<a href=\"https:\/\/pc.sc.gov.br\/?author=13\">\n\t\t\t\t\t\t\t\t\t\t\t<span class=\"elementor-icon-list-icon\">\n\t\t\t\t\t\t\t\t<i aria-hidden=\"true\" class=\"far fa-user-circle\"><\/i>\t\t\t\t\t\t\t<\/span>\n\t\t\t\t\t\t\t\t\t<span class=\"elementor-icon-list-text elementor-post-info__item elementor-post-info__item--type-author\">\n\t\t\t\t\t\t\t\t\t\tNicholly De March\t\t\t\t\t<\/span>\n\t\t\t\t\t\t\t\t\t<\/a>\n\t\t\t\t<\/li>\n\t\t\t\t<li class=\"elementor-icon-list-item elementor-repeater-item-caa5811 elementor-inline-item\" itemprop=\"datePublished\">\n\t\t\t\t\t\t<a href=\"https:\/\/pc.sc.gov.br\/?m=20260430\">\n\t\t\t\t\t\t\t\t\t\t\t<span class=\"elementor-icon-list-icon\">\n\t\t\t\t\t\t\t\t<i aria-hidden=\"true\" class=\"fas fa-calendar\"><\/i>\t\t\t\t\t\t\t<\/span>\n\t\t\t\t\t\t\t\t\t<span class=\"elementor-icon-list-text elementor-post-info__item elementor-post-info__item--type-date\">\n\t\t\t\t\t\t\t\t\t\t<time>abril 30, 2026<\/time>\t\t\t\t\t<\/span>\n\t\t\t\t\t\t\t\t\t<\/a>\n\t\t\t\t<\/li>\n\t\t\t\t<li class=\"elementor-icon-list-item elementor-repeater-item-0bac31e elementor-inline-item\">\n\t\t\t\t\t\t\t\t\t\t<span class=\"elementor-icon-list-icon\">\n\t\t\t\t\t\t\t\t<i aria-hidden=\"true\" class=\"far fa-clock\"><\/i>\t\t\t\t\t\t\t<\/span>\n\t\t\t\t\t\t\t\t\t<span class=\"elementor-icon-list-text elementor-post-info__item elementor-post-info__item--type-time\">\n\t\t\t\t\t\t\t\t\t\t<time>6:19 pm<\/time>\t\t\t\t\t<\/span>\n\t\t\t\t\t\t\t\t<\/li>\n\t\t\t\t<\/ul>\n\t\t\t\t\t\t<\/div>\n\t\t\t\t<\/div>\n\t\t\t\t\t<\/div>\n\t\t<\/div>\n\t\t\t\t\t<\/div>\n\t\t<\/section>\n\t\t\t\t<section class=\"elementor-section elementor-top-section elementor-element elementor-element-ae33bdb elementor-section-boxed elementor-section-height-default elementor-section-height-default\" data-id=\"ae33bdb\" data-element_type=\"section\">\n\t\t\t\t\t\t<div class=\"elementor-container elementor-column-gap-default\">\n\t\t\t\t\t<div class=\"elementor-column elementor-col-100 elementor-top-column elementor-element elementor-element-923eec2\" data-id=\"923eec2\" data-element_type=\"column\">\n\t\t\t<div class=\"elementor-widget-wrap elementor-element-populated\">\n\t\t\t\t\t\t<div class=\"elementor-element elementor-element-4f0aa9f elementor-widget elementor-widget-image\" data-id=\"4f0aa9f\" data-element_type=\"widget\" data-widget_type=\"image.default\">\n\t\t\t\t<div class=\"elementor-widget-container\">\n\t\t\t\t\t\t\t\t\t\t\t\t\t\t\t<img fetchpriority=\"high\" decoding=\"async\" width=\"696\" height=\"585\" src=\"https:\/\/pc.sc.gov.br\/\/wp-content\/uploads\/2026\/04\/WhatsApp-Image-2026-04-30-at-18.15.59-e1777584049358-1024x860.jpeg\" class=\"attachment-large size-large wp-image-38810\" alt=\"\" srcset=\"https:\/\/pc.sc.gov.br\/\/wp-content\/uploads\/2026\/04\/WhatsApp-Image-2026-04-30-at-18.15.59-e1777584049358-1024x860.jpeg 1024w, https:\/\/pc.sc.gov.br\/\/wp-content\/uploads\/2026\/04\/WhatsApp-Image-2026-04-30-at-18.15.59-e1777584049358-300x252.jpeg 300w, https:\/\/pc.sc.gov.br\/\/wp-content\/uploads\/2026\/04\/WhatsApp-Image-2026-04-30-at-18.15.59-e1777584049358-768x645.jpeg 768w, https:\/\/pc.sc.gov.br\/\/wp-content\/uploads\/2026\/04\/WhatsApp-Image-2026-04-30-at-18.15.59-e1777584049358.jpeg 1203w\" sizes=\"(max-width: 696px) 100vw, 696px\" \/>\t\t\t\t\t\t\t\t\t\t\t\t\t\t\t<\/div>\n\t\t\t\t<\/div>\n\t\t\t\t<div class=\"elementor-element elementor-element-0528b80 elementor-widget elementor-widget-text-editor\" data-id=\"0528b80\" data-element_type=\"widget\" data-widget_type=\"text-editor.default\">\n\t\t\t\t<div class=\"elementor-widget-container\">\n\t\t\t\t\t\t\t\t\t<p data-path-to-node=\"2\">A Pol\u00edcia Civil de Santa Catarina, por interm\u00e9dio da Delegacia de Investiga\u00e7\u00e3o de Crimes Ambientais e contra as Rela\u00e7\u00f5es de Consumo (DCAC\/DEIC), deflagrou nesta quarta-feira (29\/04) a Opera\u00e7\u00e3o &#8220;Barba Ruiva&#8221;. A a\u00e7\u00e3o teve como foco o combate \u00e0 comercializa\u00e7\u00e3o de produtos contrafeitos em estabelecimentos comerciais na regi\u00e3o central de Joinville. Ao todo, dez locais foram fiscalizados, resultando na apreens\u00e3o de uma vasta quantidade de mercadorias falsificadas de marcas internacionalmente reconhecidas.<\/p><p data-path-to-node=\"3\">Durante as dilig\u00eancias, as equipes policiais apreenderam milhares de itens, incluindo acess\u00f3rios de telefonia (capas, cabos e carregadores), vestu\u00e1rio, cal\u00e7ados e eletr\u00f4nicos diversos. Estima-se que o valor total das mercadorias retiradas de circula\u00e7\u00e3o ultrapasse R$ 1 milh\u00e3o. Todo o material foi lacrado e amostras foram encaminhadas para per\u00edcia t\u00e9cnica, visando confirmar as falsifica\u00e7\u00f5es e subsidiar a continuidade dos procedimentos investigativos.<\/p><p data-path-to-node=\"4\">A opera\u00e7\u00e3o contou com o apoio das Delegacias Regionais de Pol\u00edcia de Joinville, Itaja\u00ed e Jaragu\u00e1 do Sul. A Pol\u00edcia Civil refor\u00e7a que o combate \u00e0 pirataria \u00e9 fundamental n\u00e3o apenas para proteger a economia e a arrecada\u00e7\u00e3o tribut\u00e1ria, mas tamb\u00e9m para garantir a seguran\u00e7a do consumidor, uma vez que produtos n\u00e3o homologados podem oferecer riscos \u00e0 integridade f\u00edsica dos usu\u00e1rios. Santa Catarina segue como refer\u00eancia nacional na repress\u00e3o ao mercado ilegal e na prote\u00e7\u00e3o das rela\u00e7\u00f5es de consumo.<\/p>\t\t\t\t\t\t\t\t<\/div>\n\t\t\t\t<\/div>\n\t\t\t\t\t<\/div>\n\t\t<\/div>\n\t\t\t\t\t<\/div>\n\t\t<\/section>\n\t\t\t\t<section class=\"elementor-section elementor-top-section elementor-element elementor-element-047a98b elementor-section-boxed elementor-section-height-default elementor-section-height-default\" data-id=\"047a98b\" data-element_type=\"section\">\n\t\t\t\t\t\t<div class=\"elementor-container elementor-column-gap-default\">\n\t\t\t\t\t<div class=\"elementor-column elementor-col-100 elementor-top-column elementor-element elementor-element-5a3699d\" data-id=\"5a3699d\" data-element_type=\"column\">\n\t\t\t<div class=\"elementor-widget-wrap elementor-element-populated\">\n\t\t\t\t\t\t<div class=\"elementor-element elementor-element-4a1b5d8 elementor-widget elementor-widget-gallery\" data-id=\"4a1b5d8\" data-element_type=\"widget\" data-settings=\"{&quot;lazyload&quot;:&quot;yes&quot;,&quot;gallery_layout&quot;:&quot;grid&quot;,&quot;columns&quot;:4,&quot;columns_tablet&quot;:2,&quot;columns_mobile&quot;:1,&quot;gap&quot;:{&quot;unit&quot;:&quot;px&quot;,&quot;size&quot;:10,&quot;sizes&quot;:[]},&quot;gap_tablet&quot;:{&quot;unit&quot;:&quot;px&quot;,&quot;size&quot;:10,&quot;sizes&quot;:[]},&quot;gap_mobile&quot;:{&quot;unit&quot;:&quot;px&quot;,&quot;size&quot;:10,&quot;sizes&quot;:[]},&quot;link_to&quot;:&quot;file&quot;,&quot;aspect_ratio&quot;:&quot;3:2&quot;,&quot;overlay_background&quot;:&quot;yes&quot;,&quot;content_hover_animation&quot;:&quot;fade-in&quot;}\" data-widget_type=\"gallery.default\">\n\t\t\t\t<div class=\"elementor-widget-container\">\n\t\t\t\t\t\t\t<div class=\"elementor-gallery__container\">\n\t\t\t\t\t\t\t<a class=\"e-gallery-item elementor-gallery-item elementor-animated-content\" href=\"https:\/\/pc.sc.gov.br\/\/wp-content\/uploads\/2026\/04\/WhatsApp-Image-2026-04-30-at-18.15.59-2.jpeg\" data-elementor-open-lightbox=\"yes\" data-elementor-lightbox-slideshow=\"4a1b5d8\" data-elementor-lightbox-title=\"WhatsApp Image 2026-04-30 at 18.15.59 (2)\" data-e-action-hash=\"#elementor-action%3Aaction%3Dlightbox%26settings%3DeyJpZCI6Mzg4MTIsInVybCI6Imh0dHBzOlwvXC9wYy5zYy5nb3YuYnJcL1wvd3AtY29udGVudFwvdXBsb2Fkc1wvMjAyNlwvMDRcL1doYXRzQXBwLUltYWdlLTIwMjYtMDQtMzAtYXQtMTguMTUuNTktMi5qcGVnIiwic2xpZGVzaG93IjoiNGExYjVkOCJ9\">\n\t\t\t\t\t<div class=\"e-gallery-image elementor-gallery-item__image\" data-thumbnail=\"https:\/\/pc.sc.gov.br\/\/wp-content\/uploads\/2026\/04\/WhatsApp-Image-2026-04-30-at-18.15.59-2-226x300.jpeg\" data-width=\"226\" data-height=\"300\" aria-label=\"\" role=\"img\" ><\/div>\n\t\t\t\t\t\t\t\t\t\t\t<div class=\"elementor-gallery-item__overlay\"><\/div>\n\t\t\t\t\t\t\t\t\t\t\t\t\t\t<\/a>\n\t\t\t\t\t\t\t<a class=\"e-gallery-item elementor-gallery-item elementor-animated-content\" href=\"https:\/\/pc.sc.gov.br\/\/wp-content\/uploads\/2026\/04\/WhatsApp-Image-2026-04-30-at-18.15.59-1.jpeg\" data-elementor-open-lightbox=\"yes\" data-elementor-lightbox-slideshow=\"4a1b5d8\" data-elementor-lightbox-title=\"WhatsApp Image 2026-04-30 at 18.15.59 (1)\" data-e-action-hash=\"#elementor-action%3Aaction%3Dlightbox%26settings%3DeyJpZCI6Mzg4MTMsInVybCI6Imh0dHBzOlwvXC9wYy5zYy5nb3YuYnJcL1wvd3AtY29udGVudFwvdXBsb2Fkc1wvMjAyNlwvMDRcL1doYXRzQXBwLUltYWdlLTIwMjYtMDQtMzAtYXQtMTguMTUuNTktMS5qcGVnIiwic2xpZGVzaG93IjoiNGExYjVkOCJ9\">\n\t\t\t\t\t<div class=\"e-gallery-image elementor-gallery-item__image\" data-thumbnail=\"https:\/\/pc.sc.gov.br\/\/wp-content\/uploads\/2026\/04\/WhatsApp-Image-2026-04-30-at-18.15.59-1-226x300.jpeg\" data-width=\"226\" data-height=\"300\" aria-label=\"\" role=\"img\" ><\/div>\n\t\t\t\t\t\t\t\t\t\t\t<div class=\"elementor-gallery-item__overlay\"><\/div>\n\t\t\t\t\t\t\t\t\t\t\t\t\t\t<\/a>\n\t\t\t\t\t\t\t<a class=\"e-gallery-item elementor-gallery-item elementor-animated-content\" href=\"https:\/\/pc.sc.gov.br\/\/wp-content\/uploads\/2026\/04\/WhatsApp-Image-2026-04-30-at-18.16.00-1.jpeg\" data-elementor-open-lightbox=\"yes\" data-elementor-lightbox-slideshow=\"4a1b5d8\" data-elementor-lightbox-title=\"WhatsApp Image 2026-04-30 at 18.16.00 (1)\" data-e-action-hash=\"#elementor-action%3Aaction%3Dlightbox%26settings%3DeyJpZCI6Mzg4MTQsInVybCI6Imh0dHBzOlwvXC9wYy5zYy5nb3YuYnJcL1wvd3AtY29udGVudFwvdXBsb2Fkc1wvMjAyNlwvMDRcL1doYXRzQXBwLUltYWdlLTIwMjYtMDQtMzAtYXQtMTguMTYuMDAtMS5qcGVnIiwic2xpZGVzaG93IjoiNGExYjVkOCJ9\">\n\t\t\t\t\t<div class=\"e-gallery-image elementor-gallery-item__image\" data-thumbnail=\"https:\/\/pc.sc.gov.br\/\/wp-content\/uploads\/2026\/04\/WhatsApp-Image-2026-04-30-at-18.16.00-1-226x300.jpeg\" data-width=\"226\" data-height=\"300\" aria-label=\"\" role=\"img\" ><\/div>\n\t\t\t\t\t\t\t\t\t\t\t<div class=\"elementor-gallery-item__overlay\"><\/div>\n\t\t\t\t\t\t\t\t\t\t\t\t\t\t<\/a>\n\t\t\t\t\t\t\t<a class=\"e-gallery-item elementor-gallery-item elementor-animated-content\" href=\"https:\/\/pc.sc.gov.br\/\/wp-content\/uploads\/2026\/04\/WhatsApp-Image-2026-04-30-at-18.16.00.jpeg\" data-elementor-open-lightbox=\"yes\" data-elementor-lightbox-slideshow=\"4a1b5d8\" data-elementor-lightbox-title=\"WhatsApp Image 2026-04-30 at 18.16.00\" data-e-action-hash=\"#elementor-action%3Aaction%3Dlightbox%26settings%3DeyJpZCI6Mzg4MTUsInVybCI6Imh0dHBzOlwvXC9wYy5zYy5nb3YuYnJcL1wvd3AtY29udGVudFwvdXBsb2Fkc1wvMjAyNlwvMDRcL1doYXRzQXBwLUltYWdlLTIwMjYtMDQtMzAtYXQtMTguMTYuMDAuanBlZyIsInNsaWRlc2hvdyI6IjRhMWI1ZDgifQ%3D%3D\">\n\t\t\t\t\t<div class=\"e-gallery-image elementor-gallery-item__image\" data-thumbnail=\"https:\/\/pc.sc.gov.br\/\/wp-content\/uploads\/2026\/04\/WhatsApp-Image-2026-04-30-at-18.16.00-226x300.jpeg\" data-width=\"226\" data-height=\"300\" aria-label=\"\" role=\"img\" ><\/div>\n\t\t\t\t\t\t\t\t\t\t\t<div class=\"elementor-gallery-item__overlay\"><\/div>\n\t\t\t\t\t\t\t\t\t\t\t\t\t\t<\/a>\n\t\t\t\t\t<\/div>\n\t\t\t\t\t<\/div>\n\t\t\t\t<\/div>\n\t\t\t\t\t<\/div>\n\t\t<\/div>\n\t\t\t\t\t<\/div>\n\t\t<\/section>\n\t\t\t\t<\/div>\n\t\t","protected":false},"excerpt":{"rendered":"<p>PCSC deflagra Opera\u00e7\u00e3o Barba Ruiva contra a pirataria em Joinville. Dez locais foram fiscalizados, com apreens\u00e3o de R$ 1 milh\u00e3o em mercadorias falsificadas.<\/p>\n","protected":false},"author":13,"featured_media":38810,"comment_status":"closed","ping_status":"open","sticky":false,"template":"","format":"standard","meta":{"_monsterinsights_skip_tracking":false,"_monsterinsights_sitenote_active":false,"_monsterinsights_sitenote_note":"","_monsterinsights_sitenote_category":0,"footnotes":""},"categories":[1],"tags":[38,180,238,120,239,27,94,53],"class_list":["post-38809","post","type-post","status-publish","format-standard","has-post-thumbnail","hentry","category-sem-categoria","tag-deic","tag-joinville","tag-operacao-barba-ruiva","tag-pcsc","tag-pirataria","tag-policia-civil","tag-relacoes-de-consumo","tag-seguranca-publica"],"_links":{"self":[{"href":"https:\/\/pc.sc.gov.br\/index.php?rest_route=\/wp\/v2\/posts\/38809","targetHints":{"allow":["GET"]}}],"collection":[{"href":"https:\/\/pc.sc.gov.br\/index.php?rest_route=\/wp\/v2\/posts"}],"about":[{"href":"https:\/\/pc.sc.gov.br\/index.php?rest_route=\/wp\/v2\/types\/post"}],"author":[{"embeddable":true,"href":"https:\/\/pc.sc.gov.br\/index.php?rest_route=\/wp\/v2\/users\/13"}],"replies":[{"embeddable":true,"href":"https:\/\/pc.sc.gov.br\/index.php?rest_route=%2Fwp%2Fv2%2Fcomments&post=38809"}],"version-history":[{"count":11,"href":"https:\/\/pc.sc.gov.br\/index.php?rest_route=\/wp\/v2\/posts\/38809\/revisions"}],"predecessor-version":[{"id":38825,"href":"https:\/\/pc.sc.gov.br\/index.php?rest_route=\/wp\/v2\/posts\/38809\/revisions\/38825"}],"wp:featuredmedia":[{"embeddable":true,"href":"https:\/\/pc.sc.gov.br\/index.php?rest_route=\/wp\/v2\/media\/38810"}],"wp:attachment":[{"href":"https:\/\/pc.sc.gov.br\/index.php?rest_route=%2Fwp%2Fv2%2Fmedia&parent=38809"}],"wp:term":[{"taxonomy":"category","embeddable":true,"href":"https:\/\/pc.sc.gov.br\/index.php?rest_route=%2Fwp%2Fv2%2Fcategories&post=38809"},{"taxonomy":"post_tag","embeddable":true,"href":"https:\/\/pc.sc.gov.br\/index.php?rest_route=%2Fwp%2Fv2%2Ftags&post=38809"}],"curies":[{"name":"wp","href":"https:\/\/api.w.org\/{rel}","templated":true}]}}