{"id":3914,"date":"2023-01-11T14:24:28","date_gmt":"2023-01-11T17:24:28","guid":{"rendered":"https:\/\/pc.sc.gov.br\/?p=3914"},"modified":"2023-01-11T14:26:51","modified_gmt":"2023-01-11T17:26:51","slug":"policia-civil-apreende-veiculo-com-indicios-de-adulteracao-em-grao-para","status":"publish","type":"post","link":"https:\/\/pc.sc.gov.br\/?p=3914","title":{"rendered":"Pol\u00edcia Civil apreende ve\u00edculo com ind\u00edcios de adultera\u00e7\u00e3o em Gr\u00e3o-Par\u00e1"},"content":{"rendered":"\t\t<div data-elementor-type=\"wp-post\" data-elementor-id=\"3914\" class=\"elementor elementor-3914\" data-elementor-post-type=\"post\">\n\t\t\t\t\t\t<section class=\"elementor-section elementor-top-section elementor-element elementor-element-3a44781 elementor-section-boxed elementor-section-height-default elementor-section-height-default\" data-id=\"3a44781\" data-element_type=\"section\">\n\t\t\t\t\t\t<div class=\"elementor-container elementor-column-gap-default\">\n\t\t\t\t\t<div class=\"elementor-column elementor-col-100 elementor-top-column elementor-element elementor-element-0363e16\" data-id=\"0363e16\" data-element_type=\"column\">\n\t\t\t<div class=\"elementor-widget-wrap elementor-element-populated\">\n\t\t\t\t\t\t<div class=\"elementor-element elementor-element-bf49e71 elementor-widget elementor-widget-heading\" data-id=\"bf49e71\" data-element_type=\"widget\" data-widget_type=\"heading.default\">\n\t\t\t\t<div class=\"elementor-widget-container\">\n\t\t\t\t\t<h2 class=\"elementor-heading-title elementor-size-default\">Pol\u00edcia Civil apreende ve\u00edculo com ind\u00edcios de adultera\u00e7\u00e3o em Gr\u00e3o-Par\u00e1 <\/h2>\t\t\t\t<\/div>\n\t\t\t\t<\/div>\n\t\t\t\t<div class=\"elementor-element elementor-element-33011eb elementor-widget elementor-widget-image\" data-id=\"33011eb\" data-element_type=\"widget\" data-widget_type=\"image.default\">\n\t\t\t\t<div class=\"elementor-widget-container\">\n\t\t\t\t\t\t\t\t\t\t\t\t\t\t\t<img fetchpriority=\"high\" decoding=\"async\" width=\"696\" height=\"521\" src=\"https:\/\/pc.sc.gov.br\/\/wp-content\/uploads\/2023\/01\/DEIC_01-1024x767.jpg\" class=\"attachment-large size-large wp-image-3652\" alt=\"parede cinza com o s\u00edmbolo da policia civil e a palavra DEIC ambas em dourado\" srcset=\"https:\/\/pc.sc.gov.br\/\/wp-content\/uploads\/2023\/01\/DEIC_01-1024x767.jpg 1024w, https:\/\/pc.sc.gov.br\/\/wp-content\/uploads\/2023\/01\/DEIC_01-300x225.jpg 300w, https:\/\/pc.sc.gov.br\/\/wp-content\/uploads\/2023\/01\/DEIC_01-768x575.jpg 768w, https:\/\/pc.sc.gov.br\/\/wp-content\/uploads\/2023\/01\/DEIC_01.jpg 1280w\" sizes=\"(max-width: 696px) 100vw, 696px\" \/>\t\t\t\t\t\t\t\t\t\t\t\t\t\t\t<\/div>\n\t\t\t\t<\/div>\n\t\t\t\t<div class=\"elementor-element elementor-element-d6c45ec elementor-widget elementor-widget-text-editor\" data-id=\"d6c45ec\" data-element_type=\"widget\" data-widget_type=\"text-editor.default\">\n\t\t\t\t<div class=\"elementor-widget-container\">\n\t\t\t\t\t\t\t\t\t<p>Na ter\u00e7a-feira (10), a Pol\u00edcia Civil de Santa Catarina, por meio da Delegacia de Furtos e Roubos de Ve\u00edculos da Diretoria Estadual de Investiga\u00e7\u00f5es Criminais (DFRV\/DEIC), dando continuidade \u00e0s investiga\u00e7\u00f5es referentes a roubo e adultera\u00e7\u00e3o de ve\u00edculos, apreendeu um veiculo da marca Hyundai, modelo HB20, com ind\u00edcios de adultera\u00e7\u00e3o no munic\u00edpio de Gr\u00e3o-Par\u00e1.<span style=\"font-family: var( --e-global-typography-primary-font-family ), Sans-serif; font-size: var( --e-global-typography-primary-font-size ); font-weight: var( --e-global-typography-primary-font-weight ); letter-spacing: var( --e-global-typography-primary-letter-spacing );\">&nbsp;<\/span><\/p>\n<p>Ap\u00f3s pericia preliminar, foi constatado que o ve\u00edculo havia sido roubado em mar\u00e7o de 2018, em Porto Alegre, no Rio Grande do Sul, mas que estava circulando com sinais identificadores de ve\u00edculo semelhante com emplacamento em S\u00e3o Jos\u00e9.<span style=\"font-family: var( --e-global-typography-primary-font-family ), Sans-serif; font-size: var( --e-global-typography-primary-font-size ); font-weight: var( --e-global-typography-primary-font-weight ); letter-spacing: var( --e-global-typography-primary-letter-spacing );\">&nbsp;<\/span><\/p>\n<p>O propriet\u00e1rio e o ve\u00edculo foram apresentados na delegacia local e, posteriormente, encaminhados para sede da DEIC para formaliza\u00e7\u00e3o dos procedimentos. As dilig\u00eancias continuam sendo realizadas para apurar as circunst\u00e2ncias da adultera\u00e7\u00e3o.<\/p>\t\t\t\t\t\t\t\t<\/div>\n\t\t\t\t<\/div>\n\t\t\t\t\t<\/div>\n\t\t<\/div>\n\t\t\t\t\t<\/div>\n\t\t<\/section>\n\t\t\t\t<\/div>\n\t\t","protected":false},"excerpt":{"rendered":"<p>Pol\u00edcia Civil apreende ve\u00edculo com ind\u00edcios de adultera\u00e7\u00e3o em Gr\u00e3o-Par\u00e1 Na ter\u00e7a-feira (10), a Pol\u00edcia Civil de Santa Catarina, por meio da Delegacia de Furtos e Roubos de Ve\u00edculos da Diretoria Estadual de Investiga\u00e7\u00f5es Criminais (DFRV\/DEIC), dando continuidade \u00e0s investiga\u00e7\u00f5es referentes a roubo e adultera\u00e7\u00e3o de ve\u00edculos, apreendeu um veiculo da marca Hyundai, modelo HB20, [&hellip;]<\/p>\n","protected":false},"author":5,"featured_media":3652,"comment_status":"closed","ping_status":"open","sticky":false,"template":"","format":"standard","meta":{"_monsterinsights_skip_tracking":false,"_monsterinsights_sitenote_active":false,"_monsterinsights_sitenote_note":"","_monsterinsights_sitenote_category":0,"footnotes":""},"categories":[1],"tags":[],"class_list":["post-3914","post","type-post","status-publish","format-standard","has-post-thumbnail","hentry","category-sem-categoria"],"_links":{"self":[{"href":"https:\/\/pc.sc.gov.br\/index.php?rest_route=\/wp\/v2\/posts\/3914","targetHints":{"allow":["GET"]}}],"collection":[{"href":"https:\/\/pc.sc.gov.br\/index.php?rest_route=\/wp\/v2\/posts"}],"about":[{"href":"https:\/\/pc.sc.gov.br\/index.php?rest_route=\/wp\/v2\/types\/post"}],"author":[{"embeddable":true,"href":"https:\/\/pc.sc.gov.br\/index.php?rest_route=\/wp\/v2\/users\/5"}],"replies":[{"embeddable":true,"href":"https:\/\/pc.sc.gov.br\/index.php?rest_route=%2Fwp%2Fv2%2Fcomments&post=3914"}],"version-history":[{"count":4,"href":"https:\/\/pc.sc.gov.br\/index.php?rest_route=\/wp\/v2\/posts\/3914\/revisions"}],"predecessor-version":[{"id":3918,"href":"https:\/\/pc.sc.gov.br\/index.php?rest_route=\/wp\/v2\/posts\/3914\/revisions\/3918"}],"wp:featuredmedia":[{"embeddable":true,"href":"https:\/\/pc.sc.gov.br\/index.php?rest_route=\/wp\/v2\/media\/3652"}],"wp:attachment":[{"href":"https:\/\/pc.sc.gov.br\/index.php?rest_route=%2Fwp%2Fv2%2Fmedia&parent=3914"}],"wp:term":[{"taxonomy":"category","embeddable":true,"href":"https:\/\/pc.sc.gov.br\/index.php?rest_route=%2Fwp%2Fv2%2Fcategories&post=3914"},{"taxonomy":"post_tag","embeddable":true,"href":"https:\/\/pc.sc.gov.br\/index.php?rest_route=%2Fwp%2Fv2%2Ftags&post=3914"}],"curies":[{"name":"wp","href":"https:\/\/api.w.org\/{rel}","templated":true}]}}