{"id":3919,"date":"2023-01-11T15:20:12","date_gmt":"2023-01-11T18:20:12","guid":{"rendered":"https:\/\/pc.sc.gov.br\/?p=3919"},"modified":"2023-01-11T15:28:40","modified_gmt":"2023-01-11T18:28:40","slug":"policias-civil-e-militar-de-videira-prendem-tres-homens-por-trafico-e-apreendem-drogas-no-municipio","status":"publish","type":"post","link":"https:\/\/pc.sc.gov.br\/?p=3919","title":{"rendered":"Pol\u00edcias Civil e Militar de Videira prendem tr\u00eas homens por tr\u00e1fico e apreendem drogas no munic\u00edpio"},"content":{"rendered":"\t\t<div data-elementor-type=\"wp-post\" data-elementor-id=\"3919\" class=\"elementor elementor-3919\" data-elementor-post-type=\"post\">\n\t\t\t\t\t\t<section class=\"elementor-section elementor-top-section elementor-element elementor-element-4d0ca5d elementor-section-boxed elementor-section-height-default elementor-section-height-default\" data-id=\"4d0ca5d\" data-element_type=\"section\">\n\t\t\t\t\t\t<div class=\"elementor-container elementor-column-gap-default\">\n\t\t\t\t\t<div class=\"elementor-column elementor-col-100 elementor-top-column elementor-element elementor-element-eb590b4\" data-id=\"eb590b4\" data-element_type=\"column\">\n\t\t\t<div class=\"elementor-widget-wrap elementor-element-populated\">\n\t\t\t\t\t\t<div class=\"elementor-element elementor-element-1c964b0 elementor-widget elementor-widget-heading\" data-id=\"1c964b0\" data-element_type=\"widget\" data-widget_type=\"heading.default\">\n\t\t\t\t<div class=\"elementor-widget-container\">\n\t\t\t\t\t<h2 class=\"elementor-heading-title elementor-size-default\">Pol\u00edcias Civil e Militar de Videira prendem tr\u00eas homens por tr\u00e1fico e apreendem drogas no munic\u00edpio \n<\/h2>\t\t\t\t<\/div>\n\t\t\t\t<\/div>\n\t\t\t\t<div class=\"elementor-element elementor-element-32814d2 elementor-widget elementor-widget-image\" data-id=\"32814d2\" data-element_type=\"widget\" data-widget_type=\"image.default\">\n\t\t\t\t<div class=\"elementor-widget-container\">\n\t\t\t\t\t\t\t\t\t\t\t\t\t\t\t<img fetchpriority=\"high\" decoding=\"async\" width=\"696\" height=\"696\" src=\"https:\/\/pc.sc.gov.br\/\/wp-content\/uploads\/2023\/01\/PC_SDNJKFNDSKJFNDSJKFDBHKGEQ-1024x1024.jpg\" class=\"attachment-large size-large wp-image-3920\" alt=\"\" srcset=\"https:\/\/pc.sc.gov.br\/\/wp-content\/uploads\/2023\/01\/PC_SDNJKFNDSKJFNDSJKFDBHKGEQ-1024x1024.jpg 1024w, https:\/\/pc.sc.gov.br\/\/wp-content\/uploads\/2023\/01\/PC_SDNJKFNDSKJFNDSJKFDBHKGEQ-300x300.jpg 300w, https:\/\/pc.sc.gov.br\/\/wp-content\/uploads\/2023\/01\/PC_SDNJKFNDSKJFNDSJKFDBHKGEQ-150x150.jpg 150w, https:\/\/pc.sc.gov.br\/\/wp-content\/uploads\/2023\/01\/PC_SDNJKFNDSKJFNDSJKFDBHKGEQ-768x768.jpg 768w, https:\/\/pc.sc.gov.br\/\/wp-content\/uploads\/2023\/01\/PC_SDNJKFNDSKJFNDSJKFDBHKGEQ.jpg 1080w\" sizes=\"(max-width: 696px) 100vw, 696px\" \/>\t\t\t\t\t\t\t\t\t\t\t\t\t\t\t<\/div>\n\t\t\t\t<\/div>\n\t\t\t\t<div class=\"elementor-element elementor-element-28aaeef elementor-widget elementor-widget-text-editor\" data-id=\"28aaeef\" data-element_type=\"widget\" data-widget_type=\"text-editor.default\">\n\t\t\t\t<div class=\"elementor-widget-container\">\n\t\t\t\t\t\t\t\t\t<p>Na ter\u00e7a-feira (10), a Pol\u00edcia Civil de Santa Catarina, por meio da Divis\u00e3o de Investiga\u00e7\u00e3o Criminal de Videira, e a Pol\u00edcia Militar prenderem tr\u00eas homens em flagrante e apreenderam mais de um quilo de crack, aproximadamente um quilo de coca\u00edna, 68g de maconha e 57 comprimidos de ecstasy.<\/p><p>A primeira a\u00e7\u00e3o ocorreu por volta das 15h da ter\u00e7a-feira (10), no bairro Oficina, onde um homem foi preso por manter em dep\u00f3sito drogas (ecstasy, crack, maconha e coca\u00edna), al\u00e9m de outros objetos utilizados para a comercializa\u00e7\u00e3o de drogas.<span style=\"font-family: var( --e-global-typography-primary-font-family ), Sans-serif; font-size: var( --e-global-typography-primary-font-size ); font-weight: var( --e-global-typography-primary-font-weight ); letter-spacing: var( --e-global-typography-primary-letter-spacing );\">&nbsp;<\/span><\/p><p>Posteriormente, por volta das 20h da ter\u00e7a-feira (10), os policiais prenderam em flagrante mais dois homens tamb\u00e9m por tr\u00e1fico de drogas. Um deles estava com um tijolo de crack, que pesou quase um quilo. Ap\u00f3s as autua\u00e7\u00f5es, os presos foram encaminhados para o Pres\u00eddio de Videira e aguardam a decis\u00e3o da Justi\u00e7a.<\/p>\t\t\t\t\t\t\t\t<\/div>\n\t\t\t\t<\/div>\n\t\t\t\t<div class=\"elementor-element elementor-element-edb09e9 elementor-widget elementor-widget-image\" data-id=\"edb09e9\" data-element_type=\"widget\" data-widget_type=\"image.default\">\n\t\t\t\t<div class=\"elementor-widget-container\">\n\t\t\t\t\t\t\t\t\t\t\t\t\t\t\t<img decoding=\"async\" width=\"696\" height=\"696\" src=\"https:\/\/pc.sc.gov.br\/\/wp-content\/uploads\/2023\/01\/PC_SASADADSGDGDFSASASASNJGKGYEREWR-1024x1024.jpg\" class=\"attachment-large size-large wp-image-3921\" alt=\"\" srcset=\"https:\/\/pc.sc.gov.br\/\/wp-content\/uploads\/2023\/01\/PC_SASADADSGDGDFSASASASNJGKGYEREWR-1024x1024.jpg 1024w, https:\/\/pc.sc.gov.br\/\/wp-content\/uploads\/2023\/01\/PC_SASADADSGDGDFSASASASNJGKGYEREWR-300x300.jpg 300w, https:\/\/pc.sc.gov.br\/\/wp-content\/uploads\/2023\/01\/PC_SASADADSGDGDFSASASASNJGKGYEREWR-150x150.jpg 150w, https:\/\/pc.sc.gov.br\/\/wp-content\/uploads\/2023\/01\/PC_SASADADSGDGDFSASASASNJGKGYEREWR-768x768.jpg 768w, https:\/\/pc.sc.gov.br\/\/wp-content\/uploads\/2023\/01\/PC_SASADADSGDGDFSASASASNJGKGYEREWR.jpg 1080w\" sizes=\"(max-width: 696px) 100vw, 696px\" \/>\t\t\t\t\t\t\t\t\t\t\t\t\t\t\t<\/div>\n\t\t\t\t<\/div>\n\t\t\t\t\t<\/div>\n\t\t<\/div>\n\t\t\t\t\t<\/div>\n\t\t<\/section>\n\t\t\t\t<\/div>\n\t\t","protected":false},"excerpt":{"rendered":"<p>Pol\u00edcias Civil e Militar de Videira prendem tr\u00eas homens por tr\u00e1fico e apreendem drogas no munic\u00edpio Na ter\u00e7a-feira (10), a Pol\u00edcia Civil de Santa Catarina, por meio da Divis\u00e3o de Investiga\u00e7\u00e3o Criminal de Videira, e a Pol\u00edcia Militar prenderem tr\u00eas homens em flagrante e apreenderam mais de um quilo de crack, aproximadamente um quilo de [&hellip;]<\/p>\n","protected":false},"author":5,"featured_media":3929,"comment_status":"closed","ping_status":"open","sticky":false,"template":"","format":"standard","meta":{"_monsterinsights_skip_tracking":false,"_monsterinsights_sitenote_active":false,"_monsterinsights_sitenote_note":"","_monsterinsights_sitenote_category":0,"footnotes":""},"categories":[1],"tags":[],"class_list":["post-3919","post","type-post","status-publish","format-standard","has-post-thumbnail","hentry","category-sem-categoria"],"_links":{"self":[{"href":"https:\/\/pc.sc.gov.br\/index.php?rest_route=\/wp\/v2\/posts\/3919","targetHints":{"allow":["GET"]}}],"collection":[{"href":"https:\/\/pc.sc.gov.br\/index.php?rest_route=\/wp\/v2\/posts"}],"about":[{"href":"https:\/\/pc.sc.gov.br\/index.php?rest_route=\/wp\/v2\/types\/post"}],"author":[{"embeddable":true,"href":"https:\/\/pc.sc.gov.br\/index.php?rest_route=\/wp\/v2\/users\/5"}],"replies":[{"embeddable":true,"href":"https:\/\/pc.sc.gov.br\/index.php?rest_route=%2Fwp%2Fv2%2Fcomments&post=3919"}],"version-history":[{"count":4,"href":"https:\/\/pc.sc.gov.br\/index.php?rest_route=\/wp\/v2\/posts\/3919\/revisions"}],"predecessor-version":[{"id":3925,"href":"https:\/\/pc.sc.gov.br\/index.php?rest_route=\/wp\/v2\/posts\/3919\/revisions\/3925"}],"wp:featuredmedia":[{"embeddable":true,"href":"https:\/\/pc.sc.gov.br\/index.php?rest_route=\/wp\/v2\/media\/3929"}],"wp:attachment":[{"href":"https:\/\/pc.sc.gov.br\/index.php?rest_route=%2Fwp%2Fv2%2Fmedia&parent=3919"}],"wp:term":[{"taxonomy":"category","embeddable":true,"href":"https:\/\/pc.sc.gov.br\/index.php?rest_route=%2Fwp%2Fv2%2Fcategories&post=3919"},{"taxonomy":"post_tag","embeddable":true,"href":"https:\/\/pc.sc.gov.br\/index.php?rest_route=%2Fwp%2Fv2%2Ftags&post=3919"}],"curies":[{"name":"wp","href":"https:\/\/api.w.org\/{rel}","templated":true}]}}