{"id":3966,"date":"2023-01-12T18:08:14","date_gmt":"2023-01-12T21:08:14","guid":{"rendered":"https:\/\/pc.sc.gov.br\/?p=3966"},"modified":"2023-01-12T18:08:51","modified_gmt":"2023-01-12T21:08:51","slug":"policia-civil-participa-de-operacao-da-guarda-municipal-de-florianopolis-para-fiscalizar-comercio-nas-praias-da-capital","status":"publish","type":"post","link":"https:\/\/pc.sc.gov.br\/?p=3966","title":{"rendered":"Pol\u00edcia Civil participa de opera\u00e7\u00e3o da Guarda Municipal de Florian\u00f3polis para fiscalizar com\u00e9rcio nas praias da Capital"},"content":{"rendered":"\t\t<div data-elementor-type=\"wp-post\" data-elementor-id=\"3966\" class=\"elementor elementor-3966\" data-elementor-post-type=\"post\">\n\t\t\t\t\t\t<section class=\"elementor-section elementor-top-section elementor-element elementor-element-60b1774 elementor-section-boxed elementor-section-height-default elementor-section-height-default\" data-id=\"60b1774\" data-element_type=\"section\">\n\t\t\t\t\t\t<div class=\"elementor-container elementor-column-gap-default\">\n\t\t\t\t\t<div class=\"elementor-column elementor-col-100 elementor-top-column elementor-element elementor-element-6c5cdce\" data-id=\"6c5cdce\" data-element_type=\"column\">\n\t\t\t<div class=\"elementor-widget-wrap elementor-element-populated\">\n\t\t\t\t\t\t<div class=\"elementor-element elementor-element-4258ab8 elementor-widget elementor-widget-heading\" data-id=\"4258ab8\" data-element_type=\"widget\" data-widget_type=\"heading.default\">\n\t\t\t\t<div class=\"elementor-widget-container\">\n\t\t\t\t\t<h2 class=\"elementor-heading-title elementor-size-default\">Pol\u00edcia Civil participa de opera\u00e7\u00e3o da Guarda Municipal de Florian\u00f3polis para fiscalizar com\u00e9rcio nas praias da Capital <\/h2>\t\t\t\t<\/div>\n\t\t\t\t<\/div>\n\t\t\t\t<div class=\"elementor-element elementor-element-84b5f57 elementor-widget elementor-widget-text-editor\" data-id=\"84b5f57\" data-element_type=\"widget\" data-widget_type=\"text-editor.default\">\n\t\t\t\t<div class=\"elementor-widget-container\">\n\t\t\t\t\t\t\t\t\t<p>Nesta quinta-feira (12), a Pol\u00edcia Civil de Santa Catarina, por meio da Diretoria de Pol\u00edcia da Grande Florian\u00f3polis, participou de uma opera\u00e7\u00e3o promovida pela Guarda Municipal de Florian\u00f3polis com a finalidade de fiscalizar o com\u00e9rcio ilegal e a utiliza\u00e7\u00e3o da faixa de areia nas praias da Capital.<span style=\"font-family: var( --e-global-typography-primary-font-family ), Sans-serif; font-size: var( --e-global-typography-primary-font-size ); font-weight: var( --e-global-typography-primary-font-weight ); letter-spacing: var( --e-global-typography-primary-letter-spacing );\">&nbsp;<\/span><\/p>\n<p>No total, foram retirados em torno de 30 carrinhos de ambulantes ilegais, que estavam sem alvar\u00e1 para funcionar, e dois quiosques foram fechados. A opera\u00e7\u00e3o \u00e9 fruto do conv\u00eanio firmado recentemente entre a Pol\u00edcia Civil de Santa Catarina e a Prefeitura Municipal de Florian\u00f3polis.<span style=\"font-family: var( --e-global-typography-primary-font-family ), Sans-serif; font-size: var( --e-global-typography-primary-font-size ); font-weight: var( --e-global-typography-primary-font-weight ); letter-spacing: var( --e-global-typography-primary-letter-spacing );\">&nbsp;<\/span><\/p>\n<p>Na a\u00e7\u00e3o desta quinta-feira (12), policiais civis estiveram presentes e deram tamb\u00e9m apoio de intelig\u00eancia e investiga\u00e7\u00e3o nas fiscaliza\u00e7\u00f5es. A a\u00e7\u00e3o contou com a participa\u00e7\u00e3o de diversas unidades da Prefeitura envolvidas na fiscaliza\u00e7\u00e3o como a Floram, a Vigil\u00e2ncia Sanit\u00e1ria e a Superintend\u00eancia de Servi\u00e7os P\u00fablicos.<span style=\"font-family: var( --e-global-typography-primary-font-family ), Sans-serif; font-size: var( --e-global-typography-primary-font-size ); font-weight: var( --e-global-typography-primary-font-weight ); letter-spacing: var( --e-global-typography-primary-letter-spacing );\">&nbsp;<\/span><\/p>\n<p><b>Conv\u00eanio<\/b><\/p>\n<p>O conv\u00eanio entre a Pol\u00edcia Civil de SC e a Prefeitura de Florian\u00f3polis estabelece a\u00e7\u00f5es integradas no combate \u00e0 corrup\u00e7\u00e3o, contrabando, descaminho e pirataria. A Pol\u00edcia Civil fica respons\u00e1vel por colaborar com a Prefeitura realizando cursos de capacita\u00e7\u00e3o, por orientar os servidores p\u00fablicos municipais e por promover outras a\u00e7\u00f5es de recursos humanos, materiais e informacionais, estabelecidas nos limites da legisla\u00e7\u00e3o.<\/p>\n<p>J\u00e1 a Prefeitura de Florian\u00f3polis fica respons\u00e1vel por fazer um repasse de um aux\u00edlio financeiro \u00e0 Pol\u00edcia Civil para a aquisi\u00e7\u00e3o de bens e servi\u00e7os visando o fortalecimento das a\u00e7\u00f5es integradas de combate \u00e0 corrup\u00e7\u00e3o. O conv\u00eanio foi assinado no dia 31\/12\/2022 e tem dura\u00e7\u00e3o at\u00e9 dezembro de 2024.<\/p>\t\t\t\t\t\t\t\t<\/div>\n\t\t\t\t<\/div>\n\t\t\t\t<div class=\"elementor-element elementor-element-24dcbea elementor-widget elementor-widget-image\" data-id=\"24dcbea\" data-element_type=\"widget\" data-widget_type=\"image.default\">\n\t\t\t\t<div class=\"elementor-widget-container\">\n\t\t\t\t\t\t\t\t\t\t\t\t\t\t\t<img fetchpriority=\"high\" decoding=\"async\" width=\"696\" height=\"522\" src=\"https:\/\/pc.sc.gov.br\/\/wp-content\/uploads\/2023\/01\/PC_SDNSFNDSJKGNDKNKELEMWQKREKWNTKJRNYJTN6TYU8OKI-1024x768.jpg\" class=\"attachment-large size-large wp-image-3967\" alt=\"\" srcset=\"https:\/\/pc.sc.gov.br\/\/wp-content\/uploads\/2023\/01\/PC_SDNSFNDSJKGNDKNKELEMWQKREKWNTKJRNYJTN6TYU8OKI-1024x768.jpg 1024w, https:\/\/pc.sc.gov.br\/\/wp-content\/uploads\/2023\/01\/PC_SDNSFNDSJKGNDKNKELEMWQKREKWNTKJRNYJTN6TYU8OKI-300x225.jpg 300w, https:\/\/pc.sc.gov.br\/\/wp-content\/uploads\/2023\/01\/PC_SDNSFNDSJKGNDKNKELEMWQKREKWNTKJRNYJTN6TYU8OKI-768x576.jpg 768w, https:\/\/pc.sc.gov.br\/\/wp-content\/uploads\/2023\/01\/PC_SDNSFNDSJKGNDKNKELEMWQKREKWNTKJRNYJTN6TYU8OKI.jpg 1280w\" sizes=\"(max-width: 696px) 100vw, 696px\" \/>\t\t\t\t\t\t\t\t\t\t\t\t\t\t\t<\/div>\n\t\t\t\t<\/div>\n\t\t\t\t<div class=\"elementor-element elementor-element-8d26e57 elementor-widget elementor-widget-text-editor\" data-id=\"8d26e57\" data-element_type=\"widget\" data-widget_type=\"text-editor.default\">\n\t\t\t\t<div class=\"elementor-widget-container\">\n\t\t\t\t\t\t\t\t\t<p><i>Cr\u00e9dito de foto: Divulga\u00e7\u00e3o Guarda Municipal de Florian\u00f3polis<\/i><\/p>\t\t\t\t\t\t\t\t<\/div>\n\t\t\t\t<\/div>\n\t\t\t\t\t<\/div>\n\t\t<\/div>\n\t\t\t\t\t<\/div>\n\t\t<\/section>\n\t\t\t\t<\/div>\n\t\t","protected":false},"excerpt":{"rendered":"<p>Pol\u00edcia Civil participa de opera\u00e7\u00e3o da Guarda Municipal de Florian\u00f3polis para fiscalizar com\u00e9rcio nas praias da Capital Nesta quinta-feira (12), a Pol\u00edcia Civil de Santa Catarina, por meio da Diretoria de Pol\u00edcia da Grande Florian\u00f3polis, participou de uma opera\u00e7\u00e3o promovida pela Guarda Municipal de Florian\u00f3polis com a finalidade de fiscalizar o com\u00e9rcio ilegal e a [&hellip;]<\/p>\n","protected":false},"author":5,"featured_media":3967,"comment_status":"closed","ping_status":"open","sticky":false,"template":"","format":"standard","meta":{"_monsterinsights_skip_tracking":false,"_monsterinsights_sitenote_active":false,"_monsterinsights_sitenote_note":"","_monsterinsights_sitenote_category":0,"footnotes":""},"categories":[1],"tags":[],"class_list":["post-3966","post","type-post","status-publish","format-standard","has-post-thumbnail","hentry","category-sem-categoria"],"_links":{"self":[{"href":"https:\/\/pc.sc.gov.br\/index.php?rest_route=\/wp\/v2\/posts\/3966","targetHints":{"allow":["GET"]}}],"collection":[{"href":"https:\/\/pc.sc.gov.br\/index.php?rest_route=\/wp\/v2\/posts"}],"about":[{"href":"https:\/\/pc.sc.gov.br\/index.php?rest_route=\/wp\/v2\/types\/post"}],"author":[{"embeddable":true,"href":"https:\/\/pc.sc.gov.br\/index.php?rest_route=\/wp\/v2\/users\/5"}],"replies":[{"embeddable":true,"href":"https:\/\/pc.sc.gov.br\/index.php?rest_route=%2Fwp%2Fv2%2Fcomments&post=3966"}],"version-history":[{"count":4,"href":"https:\/\/pc.sc.gov.br\/index.php?rest_route=\/wp\/v2\/posts\/3966\/revisions"}],"predecessor-version":[{"id":3971,"href":"https:\/\/pc.sc.gov.br\/index.php?rest_route=\/wp\/v2\/posts\/3966\/revisions\/3971"}],"wp:featuredmedia":[{"embeddable":true,"href":"https:\/\/pc.sc.gov.br\/index.php?rest_route=\/wp\/v2\/media\/3967"}],"wp:attachment":[{"href":"https:\/\/pc.sc.gov.br\/index.php?rest_route=%2Fwp%2Fv2%2Fmedia&parent=3966"}],"wp:term":[{"taxonomy":"category","embeddable":true,"href":"https:\/\/pc.sc.gov.br\/index.php?rest_route=%2Fwp%2Fv2%2Fcategories&post=3966"},{"taxonomy":"post_tag","embeddable":true,"href":"https:\/\/pc.sc.gov.br\/index.php?rest_route=%2Fwp%2Fv2%2Ftags&post=3966"}],"curies":[{"name":"wp","href":"https:\/\/api.w.org\/{rel}","templated":true}]}}