{"id":4023,"date":"2023-01-16T14:21:29","date_gmt":"2023-01-16T17:21:29","guid":{"rendered":"https:\/\/pc.sc.gov.br\/?p=4023"},"modified":"2023-01-16T14:22:07","modified_gmt":"2023-01-16T17:22:07","slug":"policias-civil-e-militar-prendem-tres-suspeitos-por-trafico-de-drogas-em-itajai","status":"publish","type":"post","link":"https:\/\/pc.sc.gov.br\/?p=4023","title":{"rendered":"Pol\u00edcias Civil e Militar prendem tr\u00eas suspeitos por tr\u00e1fico de drogas em Itaja\u00ed"},"content":{"rendered":"\t\t<div data-elementor-type=\"wp-post\" data-elementor-id=\"4023\" class=\"elementor elementor-4023\" data-elementor-post-type=\"post\">\n\t\t\t\t\t\t<section class=\"elementor-section elementor-top-section elementor-element elementor-element-337cdc3 elementor-section-boxed elementor-section-height-default elementor-section-height-default\" data-id=\"337cdc3\" data-element_type=\"section\">\n\t\t\t\t\t\t<div class=\"elementor-container elementor-column-gap-default\">\n\t\t\t\t\t<div class=\"elementor-column elementor-col-100 elementor-top-column elementor-element elementor-element-517f58d\" data-id=\"517f58d\" data-element_type=\"column\">\n\t\t\t<div class=\"elementor-widget-wrap elementor-element-populated\">\n\t\t\t\t\t\t<div class=\"elementor-element elementor-element-828de01 elementor-widget elementor-widget-heading\" data-id=\"828de01\" data-element_type=\"widget\" data-widget_type=\"heading.default\">\n\t\t\t\t<div class=\"elementor-widget-container\">\n\t\t\t\t\t<h2 class=\"elementor-heading-title elementor-size-default\">Pol\u00edcias Civil e Militar prendem tr\u00eas suspeitos por tr\u00e1fico de drogas em Itaja\u00ed \n<\/h2>\t\t\t\t<\/div>\n\t\t\t\t<\/div>\n\t\t\t\t<div class=\"elementor-element elementor-element-2a6a7fd elementor-widget elementor-widget-image\" data-id=\"2a6a7fd\" data-element_type=\"widget\" data-widget_type=\"image.default\">\n\t\t\t\t<div class=\"elementor-widget-container\">\n\t\t\t\t\t\t\t\t\t\t\t\t\t\t\t<img fetchpriority=\"high\" decoding=\"async\" width=\"696\" height=\"556\" src=\"https:\/\/pc.sc.gov.br\/\/wp-content\/uploads\/2023\/01\/pc_SJDNSJFNDSSGBDSGSDSDSADFGJYAHSDAUHASHDUSJFNDJSGNFDJ-1024x818.jpg\" class=\"attachment-large size-large wp-image-4024\" alt=\"\" srcset=\"https:\/\/pc.sc.gov.br\/\/wp-content\/uploads\/2023\/01\/pc_SJDNSJFNDSSGBDSGSDSDSADFGJYAHSDAUHASHDUSJFNDJSGNFDJ-1024x818.jpg 1024w, https:\/\/pc.sc.gov.br\/\/wp-content\/uploads\/2023\/01\/pc_SJDNSJFNDSSGBDSGSDSDSADFGJYAHSDAUHASHDUSJFNDJSGNFDJ-300x240.jpg 300w, https:\/\/pc.sc.gov.br\/\/wp-content\/uploads\/2023\/01\/pc_SJDNSJFNDSSGBDSGSDSDSADFGJYAHSDAUHASHDUSJFNDJSGNFDJ-768x613.jpg 768w, https:\/\/pc.sc.gov.br\/\/wp-content\/uploads\/2023\/01\/pc_SJDNSJFNDSSGBDSGSDSDSADFGJYAHSDAUHASHDUSJFNDJSGNFDJ.jpg 1182w\" sizes=\"(max-width: 696px) 100vw, 696px\" \/>\t\t\t\t\t\t\t\t\t\t\t\t\t\t\t<\/div>\n\t\t\t\t<\/div>\n\t\t\t\t<div class=\"elementor-element elementor-element-40b6829 elementor-widget elementor-widget-text-editor\" data-id=\"40b6829\" data-element_type=\"widget\" data-widget_type=\"text-editor.default\">\n\t\t\t\t<div class=\"elementor-widget-container\">\n\t\t\t\t\t\t\t\t\t<p>Na sexta-feira (13), a Pol\u00edcia Civil de Santa Catarina, por meio da Divis\u00e3o de Investiga\u00e7\u00e3o Criminal de Itaja\u00ed, em atua\u00e7\u00e3o conjunta com a Pol\u00edcia Militar, desencadeou opera\u00e7\u00e3o para cumprimento de dois mandados de busca e apreens\u00e3o com a finalidade de coibir o tr\u00e1fico de drogas em Itaja\u00ed. Tr\u00eas pessoas foram presas em flagrante. A opera\u00e7\u00e3o contou tamb\u00e9m com apoio do N\u00facleo de Opera\u00e7\u00f5es com C\u00e3es (NOC) de Itaja\u00ed.<\/p><p>Conforme apurado em Inqu\u00e9rito Policial, foi identificado um ponto de venda de entorpecentes no bairro Murta, em Itaja\u00ed, o qual seria administrado por uma mulher. Foi identificado ainda que, em um dos im\u00f3veis em frente ao local, foram instaladas c\u00e2meras de vigil\u00e2ncia para monitorar a aproxima\u00e7\u00e3o de viaturas policiais. As c\u00e2meras foram apreendidas bem como foi conduzido seu propriet\u00e1rio.<\/p><p>Durante o cumprimento das dilig\u00eancias, foi abordado e conduzido outro homem na posse de por\u00e7\u00f5es de coca\u00edna e crack, dinheiro trocado em pequenas notas e uma m\u00e1quina de cart\u00e3o de cr\u00e9dito. Ele estaria fazendo vendas sob as ordens da mulher suspeita administrar a pr\u00e1tica criminosa no local.<span style=\"font-family: var( --e-global-typography-primary-font-family ), Sans-serif; font-size: var( --e-global-typography-primary-font-size ); font-weight: var( --e-global-typography-primary-font-weight ); letter-spacing: var( --e-global-typography-primary-letter-spacing );\">&nbsp;<\/span><\/p><p>Na resid\u00eancia da mulher, foi apreendida uma balan\u00e7a de precis\u00e3o. Os policiais perceberam que a mulher havia empreendido fuga e iniciaram buscas pelos arredores para encontr\u00e1-la, logrando \u00eaxito em seguida.<span style=\"font-family: var( --e-global-typography-primary-font-family ), Sans-serif; font-size: var( --e-global-typography-primary-font-size ); font-weight: var( --e-global-typography-primary-font-weight ); letter-spacing: var( --e-global-typography-primary-letter-spacing );\">&nbsp;<\/span><\/p><p>Os tr\u00eas conduzidos foram autuados em flagrante pelo crime de tr\u00e1fico de drogas e associa\u00e7\u00e3o para o tr\u00e1fico. Os presos foram encaminhados ao Sistema Penitenci\u00e1rio, onde permanecem \u00e0 disposi\u00e7\u00e3o da Justi\u00e7a.<\/p>\t\t\t\t\t\t\t\t<\/div>\n\t\t\t\t<\/div>\n\t\t\t\t\t<\/div>\n\t\t<\/div>\n\t\t\t\t\t<\/div>\n\t\t<\/section>\n\t\t\t\t<\/div>\n\t\t","protected":false},"excerpt":{"rendered":"<p>Pol\u00edcias Civil e Militar prendem tr\u00eas suspeitos por tr\u00e1fico de drogas em Itaja\u00ed Na sexta-feira (13), a Pol\u00edcia Civil de Santa Catarina, por meio da Divis\u00e3o de Investiga\u00e7\u00e3o Criminal de Itaja\u00ed, em atua\u00e7\u00e3o conjunta com a Pol\u00edcia Militar, desencadeou opera\u00e7\u00e3o para cumprimento de dois mandados de busca e apreens\u00e3o com a finalidade de coibir o [&hellip;]<\/p>\n","protected":false},"author":5,"featured_media":4024,"comment_status":"closed","ping_status":"open","sticky":false,"template":"","format":"standard","meta":{"_monsterinsights_skip_tracking":false,"_monsterinsights_sitenote_active":false,"_monsterinsights_sitenote_note":"","_monsterinsights_sitenote_category":0,"footnotes":""},"categories":[1],"tags":[],"class_list":["post-4023","post","type-post","status-publish","format-standard","has-post-thumbnail","hentry","category-sem-categoria"],"_links":{"self":[{"href":"https:\/\/pc.sc.gov.br\/index.php?rest_route=\/wp\/v2\/posts\/4023","targetHints":{"allow":["GET"]}}],"collection":[{"href":"https:\/\/pc.sc.gov.br\/index.php?rest_route=\/wp\/v2\/posts"}],"about":[{"href":"https:\/\/pc.sc.gov.br\/index.php?rest_route=\/wp\/v2\/types\/post"}],"author":[{"embeddable":true,"href":"https:\/\/pc.sc.gov.br\/index.php?rest_route=\/wp\/v2\/users\/5"}],"replies":[{"embeddable":true,"href":"https:\/\/pc.sc.gov.br\/index.php?rest_route=%2Fwp%2Fv2%2Fcomments&post=4023"}],"version-history":[{"count":4,"href":"https:\/\/pc.sc.gov.br\/index.php?rest_route=\/wp\/v2\/posts\/4023\/revisions"}],"predecessor-version":[{"id":4028,"href":"https:\/\/pc.sc.gov.br\/index.php?rest_route=\/wp\/v2\/posts\/4023\/revisions\/4028"}],"wp:featuredmedia":[{"embeddable":true,"href":"https:\/\/pc.sc.gov.br\/index.php?rest_route=\/wp\/v2\/media\/4024"}],"wp:attachment":[{"href":"https:\/\/pc.sc.gov.br\/index.php?rest_route=%2Fwp%2Fv2%2Fmedia&parent=4023"}],"wp:term":[{"taxonomy":"category","embeddable":true,"href":"https:\/\/pc.sc.gov.br\/index.php?rest_route=%2Fwp%2Fv2%2Fcategories&post=4023"},{"taxonomy":"post_tag","embeddable":true,"href":"https:\/\/pc.sc.gov.br\/index.php?rest_route=%2Fwp%2Fv2%2Ftags&post=4023"}],"curies":[{"name":"wp","href":"https:\/\/api.w.org\/{rel}","templated":true}]}}